{"id":119817,"date":"2025-12-18T15:55:14","date_gmt":"2025-12-18T15:55:14","guid":{"rendered":"https:\/\/www.europesays.com\/fi\/119817\/"},"modified":"2025-12-18T15:55:14","modified_gmt":"2025-12-18T15:55:14","slug":"vau-mika-lady-tassa-kerttu-rissasen-riikka-aiti","status":"publish","type":"post","link":"https:\/\/www.europesays.com\/fi\/119817\/","title":{"rendered":"Vau, mik\u00e4 lady \u2013 t\u00e4ss\u00e4 Kerttu Rissasen Riikka-\u00e4iti!"},"content":{"rendered":"<p>\n            20251209 HELSINKI. Kerttu Rissanen. KUVA: ATTE KAJOVA<br \/>\n            Atte Kajova\n        <\/p>\n<p class=\"subtitle \">Kerttu ja Riikka ovat kuin siskokset!<\/p>\n<p class=\"article-content article-content-width !bg-background\"> on monilahjakkuus, jolta luonnistuvat niin n\u00e4ytteleminen kuin liikuntaan liittyv\u00e4t asiat.<\/p>\n<p class=\"article-content article-content-width !bg-background\">Salatut el\u00e4m\u00e4t -sarjasta alkujaan suomalaisten tietoisuuteen noussut Kerttu on nyky\u00e4\u00e4n ensisijaisesti personal trainer sek\u00e4 joogaopettaja.<\/p>\n<p class=\"article-content article-content-width !bg-background\">Salkkareista matkaan tarttui kuitenkin Aki Nikkist\u00e4 n\u00e4ytellyt , jonka kanssa Kerttu oli useamman vuoden yhdess\u00e4.<\/p>\n<p class=\"article-content article-content-width !bg-background\">Kuuden vuoden suhde p\u00e4\u00e4ttyi lopulta kes\u00e4ll\u00e4 2024.\u00a0Vaikka rakkaus j\u00e4i puolitiehen, yst\u00e4vyys s\u00e4ilyi.<\/p>\n<p>        <a itemprop=\"url\" href=\"https:\/\/www.seiska.fi\/vain-seiskassa\/taas-yhdessa-kerttu-rissanen-ja-sami-uotila-bilettivat-salakuvat\/2014549\" rel=\"nofollow noopener\" target=\"_blank\"><\/p>\n<p>\nSalakuvat!\n<\/p>\n<p class=\"section-date\">\n        <strong class=\"article-section\" data-section=\"vain seiskassa\"><br \/>\n            vain seiskassa<br \/>\n        <\/strong><br \/>\n        8.12. 16:00\n    <\/p>\n<p>Taas yhdess\u00e4! Kerttu Rissanen ja Sami Uotila bilettiv\u00e4t \u2013 salakuvat\n    <\/p>\n<p itemprop=\"description\" class=\"subtitle \">\n    Kerttu ja Sami erosivat viime vuonna, mutta heid\u00e4n yst\u00e4vyytens\u00e4 ei ole kuihtunut.\n<\/p>\n<p>        <\/a><\/p>\n<p>                <img decoding=\"async\" src=\"https:\/\/www.europesays.com\/fi\/wp-content\/uploads\/2025\/12\/1382678.webp\" width=\"576\" height=\"274\" alt=\"Kerttu Rissanen ja Sami Uotila olivat vuosia yhdess\u00e4. V\u00e4lit ovat kuitenkin hyv\u00e4t 1,5 vuoden takaisesta erosta huolimatta.\" loading=\"lazy\" \/>            <\/p>\n<p>\n            Kerttu Rissanen ja Sami Uotila olivat vuosia yhdess\u00e4. V\u00e4lit ovat kuitenkin hyv\u00e4t 1,5 vuoden takaisesta erosta huolimatta.<br \/>\n            Atte Kajova\n        <\/p>\n<p>&#8221;Emme ole kovin paljon n\u00e4hneet&#8221;<\/p>\n<p class=\"article-content article-content-width !bg-background\">Kerttu ja Sami onkin n\u00e4hty jatkuvasti yhdess\u00e4 siell\u00e4 sun t\u00e4\u00e4ll\u00e4.<\/p>\n<p class=\"article-content article-content-width !bg-background\">T\u00e4m\u00e4n vuoksi Kerttu joutuukin jatkuvasti vastailemaan Seiskan lukijoiden l\u00e4hett\u00e4miin kuviin ja kertomaan olevansa Samin kanssa vain eritt\u00e4in hyv\u00e4\u00e4 pataa.<\/p>\n<p class=\"article-content article-content-width !bg-background\">\u2013 Emme ole kovin paljon n\u00e4hneet viime aikoina, mutta aina silloin t\u00e4ll\u00f6in hengaillaan. Meill\u00e4 on kuitenkin paljon yhteisi\u00e4 kavereita, joten saatamme k\u00e4yd\u00e4 samoissa juhlissa, Kerttu lausui aiemmin joulukuussa Seiskalle.<\/p>\n<p>        <a itemprop=\"url\" href=\"https:\/\/www.seiska.fi\/kotimaa\/kerttu-rissanen-yllatyspaljastus\/1707216\" rel=\"nofollow noopener\" target=\"_blank\"><\/p>\n<p>\nKuvat\n<\/p>\n<p class=\"section-date\">\n        <strong class=\"article-section\" data-section=\"kotimaa\"><br \/>\n            kotimaa<br \/>\n        <\/strong><br \/>\n        20.5. 07:13\n    <\/p>\n<p>Kerttu Rissanen: Yll\u00e4tyspaljastus!\n    <\/p>\n<p itemprop=\"description\" class=\"subtitle \">\n    Kerttu-niminen omena ei ole pudonnut kauas puusta, sill\u00e4 h\u00e4ness\u00e4 ja mummissaan on paljon samoja piirteit\u00e4. Molemmat ovat upeita ladyja, joiden silmiss\u00e4 v\u00e4lkkyy mystiikka.\n<\/p>\n<p>        <\/a><\/p>\n<p class=\"article-content article-content-width !bg-background\">Tuolloin Kerttu my\u00f6s intoili l\u00e4htev\u00e4ns\u00e4 piakkoin \u00e4itins\u00e4 kanssa Puolaan.<\/p>\n<p class=\"article-content article-content-width !bg-background\">\u2013 Olemme perinteisesti l\u00e4hteneet aina joulun j\u00e4lkeen reissuun yhdess\u00e4.<\/p>\n<p>                <img decoding=\"async\" src=\"https:\/\/www.europesays.com\/fi\/wp-content\/uploads\/2025\/12\/1766073313_879_2018585.webp\" width=\"576\" height=\"720\" alt=\"Kerttu on tunnettu hyv\u00e4ntuulisena hulluttelijana.\" loading=\"lazy\" \/>            <\/p>\n<p>\n            Kerttu on tunnettu hyv\u00e4ntuulisena hulluttelijana.<br \/>\n            Atte Kajova\n        <\/p>\n<p>Vau, mik\u00e4 lady!<\/p>\n<p class=\"article-content article-content-width !bg-background\">Tiistai-iltap\u00e4iv\u00e4n\u00e4 ei kuitenkaan oltu Puolassa eik\u00e4 edes Turussa, vaan Fazer Cafessa.<\/p>\n<p class=\"article-content article-content-width !bg-background\">Kerttu jakoi kuvan p\u00f6yd\u00e4st\u00e4\u00e4n, joka oli saanut arvoisensa kattauksen.\u00a0Kuvassa n\u00e4kyy muun muassa kahvikuppi, skagen sek\u00e4 yksi suklaa \u2013 ja Kertun \u00e4iti.<\/p>\n<p class=\"article-content article-content-width !bg-background\">-nimisest\u00e4 mamacitasta on helppo todeta, ettei omena ole t\u00e4ss\u00e4k\u00e4\u00e4n tapauksessa pudonnut kauas puusta.\u00a0Erityisesti silm\u00e4t ja hymy ovat yksi yhteen Kertun kanssa.<\/p>\n<p>        <a itemprop=\"url\" href=\"https:\/\/www.seiska.fi\/vain-seiskassa\/kerttu-rissasen-suuri-elamanmuutos-paljastaa-todellisen-suhdetilanteensa\/2018501\" rel=\"nofollow noopener\" target=\"_blank\"><\/p>\n<p>\nSuuri el\u00e4m\u00e4nmuutos\n<\/p>\n<p class=\"section-date\">\n        <strong class=\"article-section\" data-section=\"vain seiskassa\"><br \/>\n            vain seiskassa<br \/>\n        <\/strong><br \/>\n        15.12. 06:00\n    <\/p>\n<p>Kerttu Rissasen suuri el\u00e4m\u00e4nmuutos \u2013 paljastaa todellisen suhdetilanteensa\n    <\/p>\n<p itemprop=\"description\" class=\"subtitle \">\n    Seiska vei Kertun joulutorille, ja samalla h\u00e4n kertoi el\u00e4m\u00e4ns\u00e4 uudesta k\u00e4\u00e4nteest\u00e4 lis\u00e4\u00e4.\n<\/p>\n<p>        <\/a><\/p>\n<p>                <img decoding=\"async\" src=\"https:\/\/www.europesays.com\/fi\/wp-content\/uploads\/2025\/12\/2024043.webp\" width=\"576\" height=\"639\" alt=\"Kertun Riikka-\u00e4iti on upea ilmestys tytt\u00e4rens\u00e4 tavoin.\" loading=\"lazy\" \/>            <\/p>\n<p>\n            Kertun Riikka-\u00e4iti on upea ilmestys tytt\u00e4rens\u00e4 tavoin.<br \/>\n            Kerttu Rissanen\n        <\/p>\n<p>&#8221;Odotan niin paljon&#8221;<\/p>\n<p class=\"article-content article-content-width !bg-background\">Valkoinen paita ja tyylikk\u00e4\u00e4sti harmaantuneet hiukset tuovat Kertun \u00e4idist\u00e4 mieleen lumikuningattaren.<\/p>\n<p class=\"article-content article-content-width !bg-background\">Kertun jakamassa Instagram-stoorissa Kerttu intoilee, ett\u00e4 Puolan-reissu on vihdoin varattu, ja tekstiss\u00e4 hehkutetaan tulevaa joulunviettoa.<\/p>\n<p class=\"article-content article-content-width !bg-background\">\u2013 Odotan niin paljon, Kerttu hehkuttaa syd\u00e4men ja huutomerkkien h\u00f6yst\u00e4m\u00e4n\u00e4.<\/p>\n<p class=\"article-content article-content-width !bg-background\">Ja koska Kerttu on niin ihana, l\u00e4hetti h\u00e4n Seiskalle samaisen kuvan, jotta h\u00e4nen \u00e4itins\u00e4 ei ole n\u00e4ht\u00e4vill\u00e4 vain 24 tunnin ajan kyseisen stoorin julkaisemisesta.<\/p>\n<p>        <a itemprop=\"url\" href=\"https:\/\/www.seiska.fi\/terveys\/kerttu-rissanen-itki-paivia-kotonaan-avautuu-vaikeasta-vuodesta\/2018507\" rel=\"nofollow noopener\" target=\"_blank\"><\/p>\n<p>\nRehellinen avautuminen\n<\/p>\n<p class=\"section-date\">\n        <strong class=\"article-section\" data-section=\"terveys\"><br \/>\n            terveys<br \/>\n        <\/strong><br \/>\n        13.12. 07:00\n    <\/p>\n<p>Kerttu Rissanen itki p\u00e4ivi\u00e4 kotonaan \u2013 avautuu vaikeasta vuodesta\n    <\/p>\n<p itemprop=\"description\" class=\"subtitle \">\n    Kerttu kertoo Seiskalle pakoilleensa vaikeita tunteita, mink\u00e4 vuoksi h\u00e4n joutui ik\u00e4v\u00e4\u00e4n kierteeseen.\n<\/p>\n<p>        <\/a><\/p>\n","protected":false},"excerpt":{"rendered":"20251209 HELSINKI. Kerttu Rissanen. KUVA: ATTE KAJOVA Atte Kajova Kerttu ja Riikka ovat kuin siskokset! on monilahjakkuus, jolta&hellip;\n","protected":false},"author":2,"featured_media":119818,"comment_status":"","ping_status":"","sticky":false,"template":"","format":"standard","meta":{"footnotes":""},"categories":[136],"tags":[407,137,33,31,30,408,1811,98,2700,21662,209,1812,32,109],"class_list":{"0":"post-119817","1":"post","2":"type-post","3":"status-publish","4":"format-standard","5":"has-post-thumbnail","7":"category-julkkikset","8":"tag-celebrities","9":"tag-entertainment","10":"tag-fi","11":"tag-finland","12":"tag-finnish","13":"tag-julkkikset","14":"tag-kerttu-rissanen","15":"tag-perhe","16":"tag-puola","17":"tag-riikka","18":"tag-salatut-elamat","19":"tag-sami-uotila","20":"tag-suomi","21":"tag-viihde"},"share_on_mastodon":{"url":"https:\/\/pubeurope.com\/@fi\/115741388188540422","error":""},"_links":{"self":[{"href":"https:\/\/www.europesays.com\/fi\/wp-json\/wp\/v2\/posts\/119817","targetHints":{"allow":["GET"]}}],"collection":[{"href":"https:\/\/www.europesays.com\/fi\/wp-json\/wp\/v2\/posts"}],"about":[{"href":"https:\/\/www.europesays.com\/fi\/wp-json\/wp\/v2\/types\/post"}],"author":[{"embeddable":true,"href":"https:\/\/www.europesays.com\/fi\/wp-json\/wp\/v2\/users\/2"}],"replies":[{"embeddable":true,"href":"https:\/\/www.europesays.com\/fi\/wp-json\/wp\/v2\/comments?post=119817"}],"version-history":[{"count":0,"href":"https:\/\/www.europesays.com\/fi\/wp-json\/wp\/v2\/posts\/119817\/revisions"}],"wp:featuredmedia":[{"embeddable":true,"href":"https:\/\/www.europesays.com\/fi\/wp-json\/wp\/v2\/media\/119818"}],"wp:attachment":[{"href":"https:\/\/www.europesays.com\/fi\/wp-json\/wp\/v2\/media?parent=119817"}],"wp:term":[{"taxonomy":"category","embeddable":true,"href":"https:\/\/www.europesays.com\/fi\/wp-json\/wp\/v2\/categories?post=119817"},{"taxonomy":"post_tag","embeddable":true,"href":"https:\/\/www.europesays.com\/fi\/wp-json\/wp\/v2\/tags?post=119817"}],"curies":[{"name":"wp","href":"https:\/\/api.w.org\/{rel}","templated":true}]}}