{"id":119819,"date":"2025-12-18T15:58:07","date_gmt":"2025-12-18T15:58:07","guid":{"rendered":"https:\/\/www.europesays.com\/fi\/119819\/"},"modified":"2025-12-18T15:58:07","modified_gmt":"2025-12-18T15:58:07","slug":"vuoden-parhaan-scifi-sarjan-tahti-haluaa-jatkaa-roolissa-ainakin-10-tuotantokautta","status":"publish","type":"post","link":"https:\/\/www.europesays.com\/fi\/119819\/","title":{"rendered":"Vuoden parhaan scifi-sarjan t\u00e4hti haluaa jatkaa roolissa ainakin 10 tuotantokautta"},"content":{"rendered":"<p>Rhea Seehorn haluaa jatkaa Pluribus-sarjan parissa.<\/p>\n<p>Apple TV julkaisi t\u00e4n\u00e4 syksyn\u00e4 ehk\u00e4p\u00e4 vuoden parhaan scifi-sarjan <a href=\"https:\/\/muropaketti.com\/avainsana\/pluribus\/\" rel=\"nofollow noopener\" target=\"_blank\">Pluribus<\/a>. Ensimm\u00e4isest\u00e4 kaudesta on viel\u00e4 pieni palanen j\u00e4ljell\u00e4, sill\u00e4 kauden p\u00e4\u00e4t\u00f6sjakso julkaistaan jouluviikolla.<\/p>\n<p>Vince Gilliganin luomalle sarjalle on jo luvattu toinen kausi, ja p\u00e4\u00e4osaa esitt\u00e4v\u00e4 Rhea Seehorn kertoo olevansa valmis jatkamaan pidemm\u00e4llekin, uutisoi <a href=\"https:\/\/www.comingsoon.net\/tv\/news\/2075620-pluribus-season-2-release-date-update-rhea-seehorn\" target=\"_blank\" rel=\"noreferrer noopener nofollow\">Comingsoon<\/a>.<\/p>\n<p>\u201cEn tied\u00e4, mutta toivon, ett\u00e4 voin jatkaa. Toivottavasti sit\u00e4 tehd\u00e4\u00e4n jotain kymmenen kautta. Siell\u00e4 he ovat k\u00e4sikirjoittajien huoneessa parhaillaan kirjoittamassa toista kautta\u201d, Seehorn kommentoi.<\/p>\n<p>H\u00e4n ei kommentillaan kuitenkaan paljasta viel\u00e4, mit\u00e4 ensimm\u00e4isen kauden p\u00e4\u00e4tteeksi mahdollisesti tapahtuu h\u00e4nen esitt\u00e4m\u00e4lleen Carolille.<\/p>\n<p>Pluribus on edelleen 98-prosenttisen tuore <a href=\"https:\/\/www.rottentomatoes.com\/tv\/pluribus\" target=\"_blank\" rel=\"noreferrer noopener nofollow\">Rotten Tomatoesissa<\/a>.<\/p>\n","protected":false},"excerpt":{"rendered":"Rhea Seehorn haluaa jatkaa Pluribus-sarjan parissa. Apple TV julkaisi t\u00e4n\u00e4 syksyn\u00e4 ehk\u00e4p\u00e4 vuoden parhaan scifi-sarjan Pluribus. Ensimm\u00e4isest\u00e4 kaudesta&hellip;\n","protected":false},"author":2,"featured_media":119820,"comment_status":"","ping_status":"","sticky":false,"template":"","format":"standard","meta":{"footnotes":""},"categories":[133],"tags":[5097,10435,137,33,31,30,16917,353,1369,32,206,156,109,16918],"class_list":{"0":"post-119819","1":"post","2":"type-post","3":"status-publish","4":"format-standard","5":"has-post-thumbnail","7":"category-televisiot","8":"tag-apple-tv","9":"tag-apple-tv-sarjat","10":"tag-entertainment","11":"tag-fi","12":"tag-finland","13":"tag-finnish","14":"tag-pluribus","15":"tag-rhea-seehorn","16":"tag-sarjat","17":"tag-suomi","18":"tag-televisiot","19":"tag-tv","20":"tag-viihde","21":"tag-vince-gilligan"},"share_on_mastodon":{"url":"https:\/\/pubeurope.com\/@fi\/115741399684662001","error":""},"_links":{"self":[{"href":"https:\/\/www.europesays.com\/fi\/wp-json\/wp\/v2\/posts\/119819","targetHints":{"allow":["GET"]}}],"collection":[{"href":"https:\/\/www.europesays.com\/fi\/wp-json\/wp\/v2\/posts"}],"about":[{"href":"https:\/\/www.europesays.com\/fi\/wp-json\/wp\/v2\/types\/post"}],"author":[{"embeddable":true,"href":"https:\/\/www.europesays.com\/fi\/wp-json\/wp\/v2\/users\/2"}],"replies":[{"embeddable":true,"href":"https:\/\/www.europesays.com\/fi\/wp-json\/wp\/v2\/comments?post=119819"}],"version-history":[{"count":0,"href":"https:\/\/www.europesays.com\/fi\/wp-json\/wp\/v2\/posts\/119819\/revisions"}],"wp:featuredmedia":[{"embeddable":true,"href":"https:\/\/www.europesays.com\/fi\/wp-json\/wp\/v2\/media\/119820"}],"wp:attachment":[{"href":"https:\/\/www.europesays.com\/fi\/wp-json\/wp\/v2\/media?parent=119819"}],"wp:term":[{"taxonomy":"category","embeddable":true,"href":"https:\/\/www.europesays.com\/fi\/wp-json\/wp\/v2\/categories?post=119819"},{"taxonomy":"post_tag","embeddable":true,"href":"https:\/\/www.europesays.com\/fi\/wp-json\/wp\/v2\/tags?post=119819"}],"curies":[{"name":"wp","href":"https:\/\/api.w.org\/{rel}","templated":true}]}}