{"id":119825,"date":"2025-12-18T16:03:12","date_gmt":"2025-12-18T16:03:12","guid":{"rendered":"https:\/\/www.europesays.com\/fi\/119825\/"},"modified":"2025-12-18T16:03:12","modified_gmt":"2025-12-18T16:03:12","slug":"kevin-spacey-palaa-televisioon-ensimmaista-kertaa-sitten-house-of-cardsin","status":"publish","type":"post","link":"https:\/\/www.europesays.com\/fi\/119825\/","title":{"rendered":"Kevin Spacey palaa televisioon ensimm\u00e4ist\u00e4 kertaa sitten House of Cardsin"},"content":{"rendered":"<p><strong>Kevin Spacey <\/strong>n\u00e4htiin viimeksi televisiossa vuonna 2017. Silloin h\u00e4n sai potkut Netflixin House of Cards -sarjasta, koska h\u00e4nt\u00e4 syytettiin seksuaalisesta h\u00e4irinn\u00e4st\u00e4.<\/p>\n<p>Spacey ei ole saanut tuomioita v\u00e4itetyist\u00e4 teoistaan, joten h\u00e4n on hiljalleen palaamassa valkokankaille ja televisioon.<\/p>\n<p>Lue my\u00f6s: <a href=\"https:\/\/www.episodi.fi\/uutiset\/judi-dench-terveysongelmistaan-en-muista-mita-pitaisi-tehda-huomenna-mutta-pystyn-lainaamaan-shakespearea\/\" title=\"Judi Dench terveysongelmistaan: \u201dEn muista mit\u00e4 pit\u00e4isi tehd\u00e4 huomenna, mutta pystyn lainaamaan Shakespearea\u201d\" class=\"underline-custom !font-montserrat !font-bold !underline-offset-4 !decoration-4 !decoration-episodi-blue !text-md\" rel=\"nofollow noopener\" target=\"_blank\">Judi Dench terveysongelmistaan: \u201dEn muista mit\u00e4 pit\u00e4isi tehd\u00e4 huomenna, mutta pystyn lainaamaan Shakespearea\u201d<\/a><\/p>\n<p>Lue my\u00f6s: <a href=\"https:\/\/www.episodi.fi\/uutiset\/kevin-spaceyn-oikeuspiina-ei-ole-viela-ohi-kohtaa-kolme-uutta-syytetta-lokakuussa-2026\/\" title=\"Kevin Spaceyn oikeuspiina ei ole viel\u00e4 ohi \u2013 kohtaa kolme uutta syytett\u00e4 lokakuussa 2026\" class=\"underline-custom !font-montserrat !font-bold !underline-offset-4 !decoration-4 !decoration-episodi-blue !text-md\" rel=\"nofollow noopener\" target=\"_blank\">Kevin Spaceyn oikeuspiina ei ole viel\u00e4 ohi \u2013 kohtaa kolme uutta syytett\u00e4 lokakuussa 2026<\/a><\/p>\n<p>Italian YLE, eli RAI, on tuottanut Minimarket-nimisen komediasarjan, jossa Spacey tullaan n\u00e4kem\u00e4\u00e4n.<\/p>\n<p>Kaksinkertainen Oscar-voittaja n\u00e4yttelee pienen budjetin sarjassa itse\u00e4\u00e4n, joka toimii nuoren tv-urasta unelmoivan miehen mentorina.<\/p>\n<p>Alla sarjan juliste ja teaseri.<\/p>\n<p><img loading=\"lazy\" height=\"864\" width=\"648\" class=\"wp-image-250503 sp-no-webp perfmatters-lazy\" alt=\"\" decoding=\"async\" src=\"https:\/\/www.europesays.com\/fi\/wp-content\/uploads\/2025\/12\/minimarket-648x864.jpg\"  data-\/> <\/p>\n<p>L\u00e4hde: <a href=\"https:\/\/variety.com\/2025\/tv\/global\/kevin-spacey-first-series-house-of-cards-comedy-minimarket-1236611642\" target=\"_blank\" rel=\"noreferrer noopener nofollow\">Variety<\/a><\/p>\n<p>Lue my\u00f6s: <a href=\"https:\/\/www.episodi.fi\/uutiskirje\/?uutiskirjemainos=tekstilinkkimainos\" title=\"Tilaa Episodin uutiskirje ja voit voittaa leffalippuja! Nappaa tv-vinkit suoraan s\u00e4hk\u00f6postiin t\u00e4st\u00e4.\" class=\"underline-custom !font-montserrat !font-bold !underline-offset-4 !decoration-4 !decoration-episodi-blue !text-md\" rel=\"nofollow noopener\" target=\"_blank\">Tilaa Episodin uutiskirje ja voit voittaa leffalippuja! Nappaa katseluvinkit suoraan s\u00e4hk\u00f6postiin t\u00e4st\u00e4.<\/a><\/p>\n","protected":false},"excerpt":{"rendered":"Kevin Spacey n\u00e4htiin viimeksi televisiossa vuonna 2017. Silloin h\u00e4n sai potkut Netflixin House of Cards -sarjasta, koska h\u00e4nt\u00e4&hellip;\n","protected":false},"author":2,"featured_media":119826,"comment_status":"","ping_status":"","sticky":false,"template":"","format":"standard","meta":{"footnotes":""},"categories":[130],"tags":[137,33,31,30,199,6771,21663,32,109],"class_list":{"0":"post-119825","1":"post","2":"type-post","3":"status-publish","4":"format-standard","5":"has-post-thumbnail","7":"category-viihde","8":"tag-entertainment","9":"tag-fi","10":"tag-finland","11":"tag-finnish","12":"tag-italia","13":"tag-kevin-spacey","14":"tag-minimarket","15":"tag-suomi","16":"tag-viihde"},"share_on_mastodon":{"url":"https:\/\/pubeurope.com\/@fi\/115741419713871047","error":""},"_links":{"self":[{"href":"https:\/\/www.europesays.com\/fi\/wp-json\/wp\/v2\/posts\/119825","targetHints":{"allow":["GET"]}}],"collection":[{"href":"https:\/\/www.europesays.com\/fi\/wp-json\/wp\/v2\/posts"}],"about":[{"href":"https:\/\/www.europesays.com\/fi\/wp-json\/wp\/v2\/types\/post"}],"author":[{"embeddable":true,"href":"https:\/\/www.europesays.com\/fi\/wp-json\/wp\/v2\/users\/2"}],"replies":[{"embeddable":true,"href":"https:\/\/www.europesays.com\/fi\/wp-json\/wp\/v2\/comments?post=119825"}],"version-history":[{"count":0,"href":"https:\/\/www.europesays.com\/fi\/wp-json\/wp\/v2\/posts\/119825\/revisions"}],"wp:featuredmedia":[{"embeddable":true,"href":"https:\/\/www.europesays.com\/fi\/wp-json\/wp\/v2\/media\/119826"}],"wp:attachment":[{"href":"https:\/\/www.europesays.com\/fi\/wp-json\/wp\/v2\/media?parent=119825"}],"wp:term":[{"taxonomy":"category","embeddable":true,"href":"https:\/\/www.europesays.com\/fi\/wp-json\/wp\/v2\/categories?post=119825"},{"taxonomy":"post_tag","embeddable":true,"href":"https:\/\/www.europesays.com\/fi\/wp-json\/wp\/v2\/tags?post=119825"}],"curies":[{"name":"wp","href":"https:\/\/api.w.org\/{rel}","templated":true}]}}