{"id":119831,"date":"2025-12-18T16:08:12","date_gmt":"2025-12-18T16:08:12","guid":{"rendered":"https:\/\/www.europesays.com\/fi\/119831\/"},"modified":"2025-12-18T16:08:12","modified_gmt":"2025-12-18T16:08:12","slug":"riikka-purra-puolusti-kyselytunnilla-tulisesti-perussuomalaisten-kohukansanedustajaa","status":"publish","type":"post","link":"https:\/\/www.europesays.com\/fi\/119831\/","title":{"rendered":"Riikka Purra puolusti kyselytunnilla tulisesti perussuomalaisten kohukansanedustajaa"},"content":{"rendered":"<p>Tunteet kuumenivat eduskunnan kyselytunnilla.<\/p>\n<p>Riikka Purra puolusti puheessaan kansanedustaja Kaisa Garedew\u2019ta.Video: Eduskunta<\/p>\n<p>Lue tiivistelm\u00e4<\/p>\n<p class=\"article-body mb-nof-24 px-nof-16 sndp-summary-bullet-point-font\">Valtiovarainministeri Riikka Purra puolusti perussuomalaisten kansanedustajia eduskunnan kyselytunnilla torstaina, eik\u00e4 kutsunut Juho Eerolan ja Kaisa Garedew&#8217;n silmienvenyttelykuvia rasistisiksi.<\/p>\n<p class=\"article-body mb-nof-24 px-nof-16 sndp-summary-bullet-point-font\">Eerola, Garedew ja eduskuntaryhm\u00e4n puheenjohtaja Jani M\u00e4kel\u00e4 pyysiv\u00e4t eleit\u00e4 anteeksi torstaina, ja Eerola ja Garedew saivat vakavat huomautukset.<\/p>\n<p class=\"article-body mb-nof-24 px-nof-16 sndp-summary-bullet-point-font\">Opetusministeri Anders Adlercreutz pyysi suomalaisilta anteeksi kohua, kun taas ulkoministeri Elina Valtonen kiitti perussuomalaisia asian vakavasta k\u00e4sittelyst\u00e4.<\/p>\n<p class=\"article-body mb-nof-24 px-nof-16\">Joulutunnelmasta ei ollut eduskunnan kyselytunnilla tietoakaan, kun oppositio ry\u00f6pytti torstain kyselytunnilla valtiovarainministeri <a class=\"article-personlink\" href=\"https:\/\/www.is.fi\/haku\/?query=Riikka%20Purraa\" rel=\"nofollow noopener\" target=\"_blank\">Riikka Purraa<\/a> (ps) viime p\u00e4ivin\u00e4 velloneesta silmienvenyttelykohusta. Erityisesti Sdp:n edustajat tiukkasivat anteeksipyynt\u00f6\u00e4 ja sit\u00e4, ett\u00e4 Purra olisi kutsunut <a class=\"article-personlink\" href=\"https:\/\/www.is.fi\/haku\/?query=Juho%20Eerolan\" rel=\"nofollow noopener\" target=\"_blank\">Juho Eerolan<\/a> (ps) ja <a class=\"article-personlink\" href=\"https:\/\/www.is.fi\/haku\/?query=Kaisa%20Garedew%E2%80%99n\" rel=\"nofollow noopener\" target=\"_blank\">Kaisa Garedew\u2019n<\/a> (ps) eleit\u00e4 rasistisiksi.<\/p>\n<p class=\"article-body mb-nof-24 px-nof-16\">Purra ei kyselytunnin aikana tehnyt kumpaakaan. H\u00e4n syytti oppositiota siit\u00e4, ett\u00e4 anteeksipyynn\u00f6t eiv\u00e4t tunnu riitt\u00e4v\u00e4n. Purra painotti, ett\u00e4 perussuomalaiset tahtovat puolustaa kohun keskelle joutunutta entist\u00e4 Miss Suomea <a class=\"article-personlink\" href=\"https:\/\/www.is.fi\/haku\/?query=Sarah%20Dzafcea\" rel=\"nofollow noopener\" target=\"_blank\">Sarah Dzafcea<\/a>.<\/p>\n<p class=\"article-body mb-nof-24 px-nof-16\">\u2013 Eduskuntaryhm\u00e4 on p\u00e4\u00e4tynyt siihen, ett\u00e4 vaikka kuvien tarkoitusper\u00e4 ei miss\u00e4\u00e4n mieless\u00e4 ole ollut rasistinen, vaan tukea h\u00f6ykytyksen kohteeksi joutunutta missi\u00e4, niin kyll\u00e4, ne ovat aiheuttaneet merkitt\u00e4v\u00e4\u00e4 vahinkoa. Nimenomaan t\u00e4m\u00e4 kohu on ollut Suomelle haitaksi, Purra selosti.<\/p>\n<p class=\"article-body mb-nof-24 px-nof-16\">\u2013 P\u00e4\u00e4ministeri on hallituksen johtajana eilen [keskiviikkona] kommentoinut t\u00e4t\u00e4. Perussuomalaiset ja kaikki asianosaiset ovat juuri kommentoineet t\u00e4t\u00e4.<\/p>\n<p class=\"article-body mb-nof-24 px-nof-16\">Eerola, Garedew ja perussuomalaisten eduskuntaryhm\u00e4n puheenjohtaja <a class=\"article-personlink\" href=\"https:\/\/www.is.fi\/haku\/?query=Jani%20M%C3%A4kel%C3%A4\" rel=\"nofollow noopener\" target=\"_blank\">Jani M\u00e4kel\u00e4<\/a> pyysiv\u00e4t eleit\u00e4 anteeksi torstaina. Eerola ja Garedew saivat vakavat huomautukset.<\/p>\n<p class=\"article-body mb-nof-24 px-nof-16\">Purra piti tiukan puolustuspuheenvuoron, kun <a class=\"article-personlink\" href=\"https:\/\/www.is.fi\/haku\/?query=Kimmo%20Kiljunen\" rel=\"nofollow noopener\" target=\"_blank\">Kimmo Kiljunen<\/a> (sd) kysyi, olivatko Eerolan ja Garedew\u2019n eleet rasistisia.<\/p>\n<p class=\"article-body mb-nof-24 px-nof-16\">\u2013 Edustaja Kiljunen, en tule teille kertomaan, ett\u00e4 edustaja Garedew on toiminut rasistisesti. Edustaja Garedew\u2019n puoliso on tummaihoinen. H\u00e4nen omat lapsensa ovat tummaihoisia. H\u00e4n ei mitenk\u00e4\u00e4n suhtaudu ihmisten etnisiin ominaispiirteisiin rasistisesti.<\/p>\n<p class=\"article-body mb-nof-24 px-nof-16\">Purra toisti monta kertaa, ettei silmienvenyttelykuvien tarkoitus ollut rasistinen. H\u00e4n kutsui kuvia \u201dlapsellisiksi ja t\u00f6ker\u00f6iksi\u201d.<\/p>\n<p class=\"article-body mb-nof-24 px-nof-16\">\u2013 Me pahoittelemme sit\u00e4. Me emme halua todellakaan viestitt\u00e4\u00e4 sit\u00e4, emme perussuomalaisissa tai sen paremmin hallituksessa.<\/p>\n<p><img decoding=\"async\" src=\"https:\/\/www.europesays.com\/fi\/wp-content\/uploads\/2025\/12\/1766074091_621_468.jpg\" alt=\"Sofia Virta kutsui perussuomalaisia rasistiseksi puolueeksi.\" class=\"_Img_1rerz_1\" style=\"aspect-ratio:1.7777777777777777\" loading=\"eager\"\/><\/p>\n<p class=\"article-picture-caption\">Sofia Virta kutsui perussuomalaisia rasistiseksi puolueeksi. Kuva:\u00a0Juhani Niiranen \/ HS<\/p>\n<p class=\"article-body mb-nof-24 px-nof-16\">Salissa kohahti, kun vihreiden puheenjohtaja <a class=\"article-personlink\" href=\"https:\/\/www.is.fi\/haku\/?query=Sofia%20Virta\" rel=\"nofollow noopener\" target=\"_blank\">Sofia Virta<\/a> kutsui perussuomalaisia rasistiseksi puolueeksi.<\/p>\n<p class=\"article-body mb-nof-24 px-nof-16\">\u2013 Te tied\u00e4tte, ett\u00e4 niin kauan kuin perussuomalaiset istuu t\u00e4ss\u00e4 hallituksessa, on t\u00e4m\u00e4n is\u00e4nmaalle aiheutetun vahingon, mainehaitan ja luottamuksen korjaaminen vaikeaa.<\/p>\n<p class=\"article-body mb-nof-24 px-nof-16\">\u2013 Me emme ole rasistinen puolue, Purra vastasi.<\/p>\n<p class=\"article-body mb-nof-24 px-nof-16\">Kokoomuksen eduskuntaryhm\u00e4n puheenjohtaja <a class=\"article-personlink\" href=\"https:\/\/www.is.fi\/haku\/?query=Jukka%20Kopra\" rel=\"nofollow noopener\" target=\"_blank\">Jukka Kopra<\/a> aiheutti uuden kohahduksen, kun h\u00e4n syytti oppositiota kohun yll\u00e4pit\u00e4misest\u00e4 ja paisuttelusta. H\u00e4nen mukaansa on my\u00f6s opposition vastuulla, ett\u00e4 Suomen maine saadaan pelastettua.<\/p>\n<p class=\"article-body mb-nof-24 px-nof-16\">\u2013 Siit\u00e4 ei p\u00e4\u00e4st\u00e4 mihink\u00e4\u00e4n, ett\u00e4 n\u00e4m\u00e4 kuvakohun kuvat olivat rasistisia ja niist\u00e4 aiheutui Suomen maineelle hallaa.<\/p>\n<p class=\"article-body mb-nof-24 px-nof-16\">H\u00e4n muistutti perussuomalaisten edustajien anteeksipyynn\u00f6ist\u00e4.<\/p>\n<p class=\"article-body mb-nof-24 px-nof-16\">\u2013 Ihmiset anovat anteeksiantoa, te jatkatte potkimista, Kopra tylytti.<\/p>\n<p><img decoding=\"async\" src=\"https:\/\/www.europesays.com\/fi\/wp-content\/uploads\/2025\/12\/1766074092_622_468.jpg\" alt=\"Jukka Kopra syytti oppositiota kohun lietsomisesta.\" class=\"_Img_1rerz_1\" style=\"aspect-ratio:1.5\" loading=\"eager\"\/><\/p>\n<p class=\"article-picture-caption\">Jukka Kopra syytti oppositiota kohun lietsomisesta. Kuva:\u00a0Vesa Moilanen \/ IS<\/p>\n<p class=\"article-body mb-nof-24 px-nof-16\">My\u00f6s ulkoministeri <a class=\"article-personlink\" href=\"https:\/\/www.is.fi\/haku\/?query=Elina%20Valtonen\" rel=\"nofollow noopener\" target=\"_blank\">Elina Valtonen<\/a> (kok) kiitteli perussuomalaisia siit\u00e4, ett\u00e4 kohu on otettu vakavasti.<\/p>\n<p class=\"article-body mb-nof-24 px-nof-16\">\u2013 On erinomaista, ett\u00e4 perussuomalaisten eduskuntaryhm\u00e4 on asettanut kansanedustajille seuraamukset ja he ovat omalta osaltaan pyyt\u00e4neet anteeksi.<\/p>\n<p class=\"article-body mb-nof-24 px-nof-16\">Purran sijaan anteeksipyynt\u00f6j\u00e4 esitti opetusministeri <a class=\"article-personlink\" href=\"https:\/\/www.is.fi\/haku\/?query=Anders%20Adlercreutz\" rel=\"nofollow noopener\" target=\"_blank\">Anders Adlercreutz<\/a> (r). H\u00e4nen mukaansa rasismi ei kuulu asiaan kouluissa, ty\u00f6el\u00e4m\u00e4ss\u00e4 tai eduskunnassa.<\/p>\n<p class=\"article-body mb-nof-24 px-nof-16\">\u2013 Suomalaisilta on syyt\u00e4 pyyt\u00e4\u00e4 anteeksi t\u00e4t\u00e4 kohua. Pyyd\u00e4n omalta osaltani anteeksi, h\u00e4n sanoi.<\/p>\n<p class=\"article-body mb-nof-24 px-nof-16\">Tulisesta tunnelmasta huolimatta kuultiin my\u00f6s perinteinen joulua edelt\u00e4v\u00e4n kyselytunnin kevennys. Sdp:n eduskuntaryhm\u00e4n puheenjohtaja <a class=\"article-personlink\" href=\"https:\/\/www.is.fi\/haku\/?query=Tytti%20Tuppurainen\" rel=\"nofollow noopener\" target=\"_blank\">Tytti Tuppurainen<\/a> kertoi, ett\u00e4 \u201dopposition tonttuja\u201d on askarruttanut yksi kysymys.<\/p>\n<p class=\"article-body mb-nof-24 px-nof-16\">\u2013 Onko t\u00e4\u00e4ll\u00e4 kilttej\u00e4 lapsia? h\u00e4n kysyi ja toivotti hallitukselle hyv\u00e4\u00e4 joulua.<\/p>\n<p class=\"article-body mb-nof-24 px-nof-16\">Purra totesi, ett\u00e4 joulu on erityisesti lasten juhla.<\/p>\n<p class=\"article-body mb-nof-24 px-nof-16\">\u2013 Suomessa on paljon kilttej\u00e4 lapsia, ja toivotamme heille kaikille hyv\u00e4\u00e4 ja rauhallista joulua. Haluan itseni ja hallituksen puolesta toivottaa koko eduskuntasalille oikein rauhallista joulua. Kansanedustajille, joiden stressimaksimit alkavat olla huipussaan, toivotan rentouttavaa pient\u00e4 taukoa.<\/p>\n","protected":false},"excerpt":{"rendered":"Tunteet kuumenivat eduskunnan kyselytunnilla. Riikka Purra puolusti puheessaan kansanedustaja Kaisa Garedew\u2019ta.Video: Eduskunta Lue tiivistelm\u00e4 Valtiovarainministeri Riikka Purra puolusti&hellip;\n","protected":false},"author":2,"featured_media":119832,"comment_status":"","ping_status":"","sticky":false,"template":"","format":"standard","meta":{"footnotes":""},"categories":[12],"tags":[22,23,26,27,33,31,30,17,34,24,25,28,29,15,18,21,32,19,20,16],"class_list":{"0":"post-119831","1":"post","2":"type-post","3":"status-publish","4":"format-standard","5":"has-post-thumbnail","7":"category-suomi","8":"tag-breaking-news","9":"tag-breakingnews","10":"tag-featured-news","11":"tag-featurednews","12":"tag-fi","13":"tag-finland","14":"tag-finnish","15":"tag-headlines","16":"tag-ilta-sanomat","17":"tag-latest-news","18":"tag-latestnews","19":"tag-main-news","20":"tag-mainnews","21":"tag-news","22":"tag-otsikot","23":"tag-paauutiset","24":"tag-suomi","25":"tag-top-stories","26":"tag-topstories","27":"tag-uutiset"},"share_on_mastodon":{"url":"https:\/\/pubeurope.com\/@fi\/115741439847212300","error":""},"_links":{"self":[{"href":"https:\/\/www.europesays.com\/fi\/wp-json\/wp\/v2\/posts\/119831","targetHints":{"allow":["GET"]}}],"collection":[{"href":"https:\/\/www.europesays.com\/fi\/wp-json\/wp\/v2\/posts"}],"about":[{"href":"https:\/\/www.europesays.com\/fi\/wp-json\/wp\/v2\/types\/post"}],"author":[{"embeddable":true,"href":"https:\/\/www.europesays.com\/fi\/wp-json\/wp\/v2\/users\/2"}],"replies":[{"embeddable":true,"href":"https:\/\/www.europesays.com\/fi\/wp-json\/wp\/v2\/comments?post=119831"}],"version-history":[{"count":0,"href":"https:\/\/www.europesays.com\/fi\/wp-json\/wp\/v2\/posts\/119831\/revisions"}],"wp:featuredmedia":[{"embeddable":true,"href":"https:\/\/www.europesays.com\/fi\/wp-json\/wp\/v2\/media\/119832"}],"wp:attachment":[{"href":"https:\/\/www.europesays.com\/fi\/wp-json\/wp\/v2\/media?parent=119831"}],"wp:term":[{"taxonomy":"category","embeddable":true,"href":"https:\/\/www.europesays.com\/fi\/wp-json\/wp\/v2\/categories?post=119831"},{"taxonomy":"post_tag","embeddable":true,"href":"https:\/\/www.europesays.com\/fi\/wp-json\/wp\/v2\/tags?post=119831"}],"curies":[{"name":"wp","href":"https:\/\/api.w.org\/{rel}","templated":true}]}}