{"id":119839,"date":"2025-12-18T16:21:09","date_gmt":"2025-12-18T16:21:09","guid":{"rendered":"https:\/\/www.europesays.com\/fi\/119839\/"},"modified":"2025-12-18T16:21:09","modified_gmt":"2025-12-18T16:21:09","slug":"anu-saagim-poseeraa-alusvaatteissa-kuva","status":"publish","type":"post","link":"https:\/\/www.europesays.com\/fi\/119839\/","title":{"rendered":"Anu Saagim poseeraa alusvaatteissa &#8211; kuva!"},"content":{"rendered":"<p>            ATTE KAJOVA\n        <\/p>\n<p class=\"subtitle \">Anu on yht\u00e4 upea kuin aina ennenkin.<\/p>\n<p class=\"article-content article-content-width !bg-background\">Suomalaisten omakseen ottama virolaiskaunotar \u00a0nousi julkisuuteen 1990-luvulla alkaessaan seurustelemaan Marimekko-perij\u00e4 , 84, kanssa.\u00a0<\/p>\n<p>Vakava sairaus p\u00e4\u00e4tti parisuhteen<\/p>\n<p class=\"article-content article-content-width !bg-background\">Anun ja Ristomatin vuosikymmeni\u00e4 kest\u00e4nyt suhde p\u00e4\u00e4ttyi eroon 2016. Suorapuheinen<a href=\"https:\/\/www.seiska.fi\/vain-seiskassa\/anu-saagim-seiskan-kohuhaastattelussa-avioeron-salattu-tausta-paljastaa-uutta-tietoa-ristomatti-ratian-kunnosta\/1374033\" target=\"_blank\" rel=\"nofollow noopener\"> Anu kertoi Seiskalle kes\u00e4ll\u00e4 2024 eron taustoista<\/a>. H\u00e4nen mukaansa p\u00e4\u00e4t\u00f6s oli Ristomatin.\u00a0<\/p>\n<p class=\"article-content article-content-width !bg-background\">\u2013\u00a0Silloin kun Ristomatti sai tiet\u00e4\u00e4, ett\u00e4 h\u00e4nell\u00e4 on alkava muistisairaus h\u00e4n sanoi, ett\u00e4 nyt meid\u00e4n on pakko erota. Omaisuuden jakaminen olisi sairauden edetess\u00e4 ollut vaikeampaa ja olisin pahimmillaan joutunut omaishoitajaksi. Niinp\u00e4 Ristomatti jakoi kaiken omaisuutensa valmiiksi jo tuolloin, Anu paljasti.\u00a0<\/p>\n<p>        <a itemprop=\"url\" href=\"https:\/\/www.seiska.fi\/kotimaa\/uskoisitko-63-vuotiaaksi-anu-saagim-julkaisi-uskomattomia-kuvia\/1954584\" rel=\"nofollow noopener\" target=\"_blank\"><\/p>\n<p>\nAnu Saagim\n<\/p>\n<p class=\"section-date\">\n        <strong class=\"article-section\" data-section=\"kotimaa\"><br \/>\n            kotimaa<br \/>\n        <\/strong><br \/>\n        7.10. 19:30\n    <\/p>\n<p>Uskoisitko 63-vuotiaaksi: Anu Saagim julkaisi uskomattomia kuvia\n    <\/p>\n<p itemprop=\"description\" class=\"subtitle \">\n    Julkkiskaunottarelle alusvaatteet ovat salainen ase\n<\/p>\n<p>        <\/a><\/p>\n<p>                <img decoding=\"async\" src=\"https:\/\/www.europesays.com\/fi\/wp-content\/uploads\/2025\/12\/2025584.webp\" width=\"576\" height=\"322\" alt=\"Anu taitaa poseeraamisen jalon taidon.\" loading=\"lazy\" \/>            <\/p>\n<p>\n            Anu taitaa poseeraamisen jalon taidon.<br \/>\n            EVALIISA ORUPOLD\n        <\/p>\n<p class=\"article-content article-content-width !bg-background\">Erosta huolimatta ex-parin v\u00e4lit ovat pysyneet l\u00e4mpimin\u00e4. Anu kertoi aiemmin vierailevansa s\u00e4\u00e4nn\u00f6llisesti vanhainkodissa asuvan Ristomatin luona.\u00a0<\/p>\n<p>Jouluinen kaunotar<\/p>\n<p class=\"article-content article-content-width !bg-background\">L\u00e4heisen heikkenev\u00e4n kunnon seuraaminen vierest\u00e4 ei ole helppoa. Siit\u00e4 huolimatta 63-vuotias Anu pulppuaa el\u00e4m\u00e4niloa. Se tulee selv\u00e4ksi Tallinnassa asuvan kaunottaren somejulkaisuista.\u00a0<\/p>\n<p class=\"article-content article-content-width !bg-background\">N\u00e4ytt\u00e4v\u00e4n naisellisesta tyylist\u00e4\u00e4n tunnettu Anu ei pelk\u00e4\u00e4 poseerata rohkeissakaan asuissa. \u00c4skett\u00e4in h\u00e4n toimikin alusvaateliikkeen mallina. Kuten odottaa saattaa, yll\u00e4\u00e4n Anulla oli pikkuruiset hepeneet.<\/p>\n<p>        <a itemprop=\"url\" href=\"https:\/\/www.seiska.fi\/kotimaa\/anu-saagim-yllatti-luonnossa-kuvat\/1845826\" rel=\"nofollow noopener\" target=\"_blank\"><\/p>\n<p>\nKuvat!\n<\/p>\n<p class=\"section-date\">\n        <strong class=\"article-section\" data-section=\"kotimaa\"><br \/>\n            kotimaa<br \/>\n        <\/strong><br \/>\n        23.6. 16:30\n    <\/p>\n<p>Anu Saagim yll\u00e4tti luonnossa \u2013 kuvat!\n    <\/p>\n<p itemprop=\"description\" class=\"subtitle \">\n    Anu Saagim julkaisi retrokuvia.\n<\/p>\n<p>        <\/a><\/p>\n<p class=\"article-content article-content-width !bg-background\">Joulunpunaiseen kokonaisuuteen kuuluvat muun muassa sukkanauhat sek\u00e4 korkokeng\u00e4t. Taustalla seisovan peilin ansiosta koko upeus p\u00e4\u00e4see oikeuksiinsa joka kulmasta.\u00a0<\/p>\n<p class=\"article-content article-content-width !bg-background\">\u2013 T\u00e4m\u00e4 on NAINEN sanan jokaisessa merkityksess\u00e4, <a href=\"https:\/\/www.instagram.com\/p\/DSXikvSDDSy\/\" target=\"_blank\" rel=\"nofollow noopener\">liikkeen Instagram-julkaisun <\/a>kommenteissa ihastellaan.\u00a0<\/p>\n<p><script async src=\"\/\/www.instagram.com\/embed.js\"><\/script><\/p>\n","protected":false},"excerpt":{"rendered":"ATTE KAJOVA Anu on yht\u00e4 upea kuin aina ennenkin. Suomalaisten omakseen ottama virolaiskaunotar \u00a0nousi julkisuuteen 1990-luvulla alkaessaan seurustelemaan&hellip;\n","protected":false},"author":2,"featured_media":119840,"comment_status":"","ping_status":"","sticky":false,"template":"","format":"standard","meta":{"footnotes":""},"categories":[136],"tags":[13209,13207,407,137,33,31,30,408,212,6151,3397,14177,32,3129,109],"class_list":{"0":"post-119839","1":"post","2":"type-post","3":"status-publish","4":"format-standard","5":"has-post-thumbnail","7":"category-julkkikset","8":"tag-alusvaatemalli","9":"tag-anu-saagim","10":"tag-celebrities","11":"tag-entertainment","12":"tag-fi","13":"tag-finland","14":"tag-finnish","15":"tag-julkkikset","16":"tag-lifestyle","17":"tag-malli","18":"tag-muistisairaus","19":"tag-ristomatti-ratia","20":"tag-suomi","21":"tag-tallinna","22":"tag-viihde"},"share_on_mastodon":{"url":"https:\/\/pubeurope.com\/@fi\/115741490292330758","error":""},"_links":{"self":[{"href":"https:\/\/www.europesays.com\/fi\/wp-json\/wp\/v2\/posts\/119839","targetHints":{"allow":["GET"]}}],"collection":[{"href":"https:\/\/www.europesays.com\/fi\/wp-json\/wp\/v2\/posts"}],"about":[{"href":"https:\/\/www.europesays.com\/fi\/wp-json\/wp\/v2\/types\/post"}],"author":[{"embeddable":true,"href":"https:\/\/www.europesays.com\/fi\/wp-json\/wp\/v2\/users\/2"}],"replies":[{"embeddable":true,"href":"https:\/\/www.europesays.com\/fi\/wp-json\/wp\/v2\/comments?post=119839"}],"version-history":[{"count":0,"href":"https:\/\/www.europesays.com\/fi\/wp-json\/wp\/v2\/posts\/119839\/revisions"}],"wp:featuredmedia":[{"embeddable":true,"href":"https:\/\/www.europesays.com\/fi\/wp-json\/wp\/v2\/media\/119840"}],"wp:attachment":[{"href":"https:\/\/www.europesays.com\/fi\/wp-json\/wp\/v2\/media?parent=119839"}],"wp:term":[{"taxonomy":"category","embeddable":true,"href":"https:\/\/www.europesays.com\/fi\/wp-json\/wp\/v2\/categories?post=119839"},{"taxonomy":"post_tag","embeddable":true,"href":"https:\/\/www.europesays.com\/fi\/wp-json\/wp\/v2\/tags?post=119839"}],"curies":[{"name":"wp","href":"https:\/\/api.w.org\/{rel}","templated":true}]}}