{"id":119860,"date":"2025-12-18T16:58:11","date_gmt":"2025-12-18T16:58:11","guid":{"rendered":"https:\/\/www.europesays.com\/fi\/119860\/"},"modified":"2025-12-18T16:58:11","modified_gmt":"2025-12-18T16:58:11","slug":"satakunnan-yrittajat-vakinaistaa-toimitusjohtaja-kari-variksen-sopimuksen","status":"publish","type":"post","link":"https:\/\/www.europesays.com\/fi\/119860\/","title":{"rendered":"Satakunnan Yritt\u00e4j\u00e4t vakinaistaa toimitusjohtaja Kari Variksen sopimuksen"},"content":{"rendered":"<p>Satakunnan Yritt\u00e4j\u00e4t vakinaistaa toimitusjohtaja Kari Variksen sopimuksen.<\/p>\n<p class=\"article-body mb-nof-24 px-nof-16\">Satakunta<\/p>\n<p>Lue tiivistelm\u00e4<\/p>\n<p class=\"article-body mb-nof-24 px-nof-16 sndp-summary-bullet-point-font\">Satakunnan Yritt\u00e4j\u00e4t vakinaistaa toimitusjohtaja Kari Variksen sopimuksen.<\/p>\n<p class=\"article-body mb-nof-24 px-nof-16 sndp-summary-bullet-point-font\">Varis on toiminut m\u00e4\u00e4r\u00e4aikaisena toimitusjohtajana huhtikuusta l\u00e4htien ja osoittanut vahvaa osaamista.<\/p>\n<p class=\"article-body mb-nof-24 px-nof-16 sndp-summary-bullet-point-font\">Hallitus p\u00e4\u00e4tti luopua uuden toimitusjohtajan hausta, koska Variksella on laaja luottamus sidosryhmien ja henkil\u00f6st\u00f6n keskuudessa.<\/p>\n<p class=\"article-body mb-nof-24 px-nof-16\">Satakunnan Yritt\u00e4jien hallitus on p\u00e4\u00e4tt\u00e4nyt vakinaistaa huhtikuun alusta asti m\u00e4\u00e4r\u00e4aikaisena toimitusjohtajana toimineen <a class=\"article-personlink\" href=\"https:\/\/www.satakunnankansa.fi\/haku\/?query=Kari%20Variksen\" rel=\"nofollow noopener\" target=\"_blank\">Kari Variksen<\/a> sopimuksen.<\/p>\n<p class=\"article-body mb-nof-24 px-nof-16\">Alun perin uuden toimitusjohtajan rekrytoinnin oli tarkoitus k\u00e4ynnisty\u00e4 ensi vuoden aikana.<\/p>\n<p class=\"article-body mb-nof-24 px-nof-16\">Satakunnan Yritt\u00e4jien l\u00e4hett\u00e4m\u00e4n tiedotteen mukaan Varis on kuitenkin edelt\u00e4v\u00e4n yhdeks\u00e4n kuukauden aikana osoittanut vahvaa osaamista ja kyky\u00e4 johtaa yritt\u00e4j\u00e4j\u00e4rjest\u00f6n organisaatiota m\u00e4\u00e4r\u00e4tietoisesti ja kehitysorientoituneesti, kuitenkin ihmisi\u00e4 kuunnellen.<\/p>\n<p class=\"article-body mb-nof-24 px-nof-16\">Siksi yritt\u00e4jien hallitus ei n\u00e4hnyt rekrytoinnin avaamisen t\u00e4ss\u00e4 tilanteessa tuovan lis\u00e4arvoa.<\/p>\n<p class=\"article-body mb-nof-24 px-nof-16\">P\u00e4\u00e4t\u00f6ksen valmistelussa on tiedotteen mukaan kuultu laajasti alueen luottamushenkil\u00f6it\u00e4, Satakunnan Yritt\u00e4jien t\u00e4rkeit\u00e4 sidosryhmi\u00e4 ja my\u00f6s henkil\u00f6st\u00f6\u00e4. Vastausten perusteella Variksella on laaja luottamus kent\u00e4ll\u00e4 eri sidosryhmien parissa ja henkil\u00f6st\u00f6n keskuudessa.<\/p>\n<p class=\"article-body mb-nof-24 px-nof-16\">Ennen toimitusjohtajaksi siirtymist\u00e4 Kari Varis ty\u00f6skenteli Satakunnan Yritt\u00e4jiss\u00e4 j\u00e4rjest\u00f6p\u00e4\u00e4llikk\u00f6n\u00e4 ja t\u00e4t\u00e4 ennen yritt\u00e4j\u00e4n\u00e4.<\/p>\n","protected":false},"excerpt":{"rendered":"Satakunnan Yritt\u00e4j\u00e4t vakinaistaa toimitusjohtaja Kari Variksen sopimuksen. Satakunta Lue tiivistelm\u00e4 Satakunnan Yritt\u00e4j\u00e4t vakinaistaa toimitusjohtaja Kari Variksen sopimuksen. Varis&hellip;\n","protected":false},"author":2,"featured_media":119861,"comment_status":"","ping_status":"","sticky":false,"template":"","format":"standard","meta":{"footnotes":""},"categories":[76],"tags":[79,77,33,31,30,80,32,78],"class_list":{"0":"post-119860","1":"post","2":"type-post","3":"status-publish","4":"format-standard","5":"has-post-thumbnail","7":"category-talous","8":"tag-business","9":"tag-economy","10":"tag-fi","11":"tag-finland","12":"tag-finnish","13":"tag-satakunnan-kansa","14":"tag-suomi","15":"tag-talous"},"share_on_mastodon":{"url":"https:\/\/pubeurope.com\/@fi\/115741635636408469","error":""},"_links":{"self":[{"href":"https:\/\/www.europesays.com\/fi\/wp-json\/wp\/v2\/posts\/119860","targetHints":{"allow":["GET"]}}],"collection":[{"href":"https:\/\/www.europesays.com\/fi\/wp-json\/wp\/v2\/posts"}],"about":[{"href":"https:\/\/www.europesays.com\/fi\/wp-json\/wp\/v2\/types\/post"}],"author":[{"embeddable":true,"href":"https:\/\/www.europesays.com\/fi\/wp-json\/wp\/v2\/users\/2"}],"replies":[{"embeddable":true,"href":"https:\/\/www.europesays.com\/fi\/wp-json\/wp\/v2\/comments?post=119860"}],"version-history":[{"count":0,"href":"https:\/\/www.europesays.com\/fi\/wp-json\/wp\/v2\/posts\/119860\/revisions"}],"wp:featuredmedia":[{"embeddable":true,"href":"https:\/\/www.europesays.com\/fi\/wp-json\/wp\/v2\/media\/119861"}],"wp:attachment":[{"href":"https:\/\/www.europesays.com\/fi\/wp-json\/wp\/v2\/media?parent=119860"}],"wp:term":[{"taxonomy":"category","embeddable":true,"href":"https:\/\/www.europesays.com\/fi\/wp-json\/wp\/v2\/categories?post=119860"},{"taxonomy":"post_tag","embeddable":true,"href":"https:\/\/www.europesays.com\/fi\/wp-json\/wp\/v2\/tags?post=119860"}],"curies":[{"name":"wp","href":"https:\/\/api.w.org\/{rel}","templated":true}]}}