{"id":119871,"date":"2025-12-18T17:20:11","date_gmt":"2025-12-18T17:20:11","guid":{"rendered":"https:\/\/www.europesays.com\/fi\/119871\/"},"modified":"2025-12-18T17:20:11","modified_gmt":"2025-12-18T17:20:11","slug":"ruotsin-hiihtotahti-taysin-alasti-televisiossa-kummallinen-kohtaus-julki","status":"publish","type":"post","link":"https:\/\/www.europesays.com\/fi\/119871\/","title":{"rendered":"Ruotsin hiihtot\u00e4hti \u201dt\u00e4ysin alasti\u201d televisiossa \u2013 kummallinen kohtaus julki"},"content":{"rendered":"<p>Alvar Myhlback l\u00e4htee olympialaduille.<\/p>\n<p class=\"article-body mb-nof-24 px-nof-16\">Ruotsin maastohiihdon suurlupausta <a class=\"article-personlink\" href=\"https:\/\/www.is.fi\/haku\/?query=Alvar%20Myhlbackia\" rel=\"nofollow noopener\" target=\"_blank\">Alvar Myhlbackia<\/a> vedettiin nen\u00e4st\u00e4 SVT:n <a class=\"article-genericlink\" href=\"https:\/\/www.svtplay.se\/video\/jJyymX3\/utan-filter-langdlandslaget-mot-os\/avsnitt-4\" rel=\"nofollow noopener\" target=\"_blank\">Utan Filter -dokumenttisarjassa<\/a>.<\/p>\n<p class=\"article-body mb-nof-24 px-nof-16\">Ruotsin hiihdon yksi puhutuimmista aiheista kuluvalla kaudella on ollut se, n\u00e4hd\u00e4\u00e4nk\u00f6 19-vuotias Myhlback helmikuussa olympialaduilla.<\/p>\n<p class=\"article-body mb-nof-24 px-nof-16\">SVT:n sarjassa Ruotsin miesten hiihtovalmentaja <a class=\"article-personlink\" href=\"https:\/\/www.is.fi\/haku\/?query=Lars%20Ljung\" rel=\"nofollow noopener\" target=\"_blank\">Lars Ljung<\/a> soittaa nuorukaiselle videopuhelun kertoakseen t\u00e4lle suuren uutisen. Myhlback on valittu olympiajoukkueeseen.<\/p>\n<p class=\"article-body mb-nof-24 px-nof-16\">Ensin valmentaja kuitenkin pelleilee hieman Myhlbackin kustannuksella. Ljung k\u00e4skee suojattinsa valmistautumaan isoon ilmoitukseen, mutta kertookin aluksi vain t\u00e4m\u00e4n tulleen valituksi Tour de Skille vuodenvaihteessa.<\/p>\n<p class=\"article-body mb-nof-24 px-nof-16\">Myhlback ei varsinaisesti innostunut uutisesta. Kun Ljung sitten kertoo nuorukaiselle t\u00e4m\u00e4n olympiapaikasta, Myhlback tajuaa, ett\u00e4 uutinen Tourista oli tarkoitettu vain ved\u00e4tykseksi.<\/p>\n<p class=\"article-body mb-nof-24 px-nof-16\">\u2013 Olet niin v**tun inhottava, Myhlback sanoo <a class=\"article-genericlink\" href=\"https:\/\/www.expressen.se\/sport\/langdskidor\/alvar-myhlback-grundlurad-i-svt--om-beskedet-till-os\/\" rel=\"nofollow noopener\" target=\"_blank\">Expressenin <\/a>mukaan vitsin tajutessaan, ja Ljung repe\u00e4\u00e4 nauruun<\/p>\n<p class=\"article-body mb-nof-24 px-nof-16\">Viel\u00e4 erikoisemman tilanteesta teki se, ett\u00e4 Myhlback esiintyy videopuhelussa paljasrintaisena ja pelkk\u00e4 pyyhe vy\u00f6t\u00e4r\u00f6lle kietaistuna.<\/p>\n<p class=\"article-body mb-nof-24 px-nof-16\">\u2013 Onko t\u00e4m\u00e4 pakko tehd\u00e4 videona? Istun t\u00e4\u00e4ll\u00e4 t\u00e4ysin alasti, Myhlback sanoi videopuhelun alussa.<\/p>\n<p class=\"article-body mb-nof-24 px-nof-16\">\u2013 Kyll\u00e4, se on selv\u00e4\u00e4. K\u00e4\u00e4nn\u00e4 hieman kameran kulmaa, Ljung vastasi.<\/p>\n<p><img decoding=\"async\" src=\"https:\/\/www.europesays.com\/fi\/wp-content\/uploads\/2025\/12\/1766078411_967_468.jpg\" alt=\"Myhlback tuli kolmanneksi Trondheimin sprintiss\u00e4. Toisen sijan vei Norjan Oskar Opstad Vike, ja voiton otti Johannes H\u00f6sflot Kl\u00e4bo.\" class=\"_Img_1rerz_1\" style=\"aspect-ratio:1.7777777777777777\" loading=\"eager\"\/><\/p>\n<p class=\"article-picture-caption\">Myhlback tuli kolmanneksi Trondheimin sprintiss\u00e4. Toisen sijan vei Norjan Oskar Opstad Vike, ja voiton otti Johannes H\u00f6sflot Kl\u00e4bo. Kuva:\u00a0Geir Olsen<\/p>\n<p class=\"article-body mb-nof-24 px-nof-16\">Myhlback on tunnettu etenkin distanssimatkojen spesialistina. H\u00e4n esimerkiksi voitti viime kev\u00e4\u00e4n\u00e4 90 kilometri\u00e4 pitk\u00e4n Vasaloppet-kilpailun.<\/p>\n<p class=\"article-body mb-nof-24 px-nof-16\">Kuluvalla kaudella nuori ruotsalainen on todistanut p\u00e4rj\u00e4\u00e4v\u00e4ns\u00e4 my\u00f6s maailmancupin kilpailuissa ja sprinttimatkoilla.<\/p>\n<p class=\"article-body mb-nof-24 px-nof-16\">Myhlback sijoittui maailmancupin kauden avauksessa Rukalla perinteisen sprintin yhdeks\u00e4nneksi.<\/p>\n<p class=\"article-body mb-nof-24 px-nof-16\">Viikkoa my\u00f6hemmin Trondheimissa h\u00e4n tuli jo kolmanneksi. Kyseess\u00e4 oli Myhlbackin uran ensimm\u00e4inen palkintokorokesija maailmancupissa.<\/p>\n","protected":false},"excerpt":{"rendered":"Alvar Myhlback l\u00e4htee olympialaduille. Ruotsin maastohiihdon suurlupausta Alvar Myhlbackia vedettiin nen\u00e4st\u00e4 SVT:n Utan Filter -dokumenttisarjassa. Ruotsin hiihdon yksi&hellip;\n","protected":false},"author":2,"featured_media":119872,"comment_status":"","ping_status":"","sticky":false,"template":"","format":"standard","meta":{"footnotes":""},"categories":[158],"tags":[33,31,30,34,159,32,160],"class_list":{"0":"post-119871","1":"post","2":"type-post","3":"status-publish","4":"format-standard","5":"has-post-thumbnail","7":"category-urheilu","8":"tag-fi","9":"tag-finland","10":"tag-finnish","11":"tag-ilta-sanomat","12":"tag-sports","13":"tag-suomi","14":"tag-urheilu"},"share_on_mastodon":{"url":"https:\/\/pubeurope.com\/@fi\/115741722332650573","error":""},"_links":{"self":[{"href":"https:\/\/www.europesays.com\/fi\/wp-json\/wp\/v2\/posts\/119871","targetHints":{"allow":["GET"]}}],"collection":[{"href":"https:\/\/www.europesays.com\/fi\/wp-json\/wp\/v2\/posts"}],"about":[{"href":"https:\/\/www.europesays.com\/fi\/wp-json\/wp\/v2\/types\/post"}],"author":[{"embeddable":true,"href":"https:\/\/www.europesays.com\/fi\/wp-json\/wp\/v2\/users\/2"}],"replies":[{"embeddable":true,"href":"https:\/\/www.europesays.com\/fi\/wp-json\/wp\/v2\/comments?post=119871"}],"version-history":[{"count":0,"href":"https:\/\/www.europesays.com\/fi\/wp-json\/wp\/v2\/posts\/119871\/revisions"}],"wp:featuredmedia":[{"embeddable":true,"href":"https:\/\/www.europesays.com\/fi\/wp-json\/wp\/v2\/media\/119872"}],"wp:attachment":[{"href":"https:\/\/www.europesays.com\/fi\/wp-json\/wp\/v2\/media?parent=119871"}],"wp:term":[{"taxonomy":"category","embeddable":true,"href":"https:\/\/www.europesays.com\/fi\/wp-json\/wp\/v2\/categories?post=119871"},{"taxonomy":"post_tag","embeddable":true,"href":"https:\/\/www.europesays.com\/fi\/wp-json\/wp\/v2\/tags?post=119871"}],"curies":[{"name":"wp","href":"https:\/\/api.w.org\/{rel}","templated":true}]}}