{"id":119877,"date":"2025-12-18T17:25:08","date_gmt":"2025-12-18T17:25:08","guid":{"rendered":"https:\/\/www.europesays.com\/fi\/119877\/"},"modified":"2025-12-18T17:25:08","modified_gmt":"2025-12-18T17:25:08","slug":"yhdysvallat-asetti-jalleen-pakotteita-kahdelle-iccn-tuomarille-uutisia-lyhyesti","status":"publish","type":"post","link":"https:\/\/www.europesays.com\/fi\/119877\/","title":{"rendered":"Yhdysvallat asetti j\u00e4lleen pakotteita kahdelle ICC:n tuomarille | Uutisia lyhyesti"},"content":{"rendered":"<p class=\"aw-1gybjub aw-5vja16 kEtdKx kmuxyA yle__article__paragraph\">Yhdysvaltain pakotteet sis\u00e4lt\u00e4v\u00e4t tuomareiden ja heid\u00e4n perheidens\u00e4 maahantulokiellon Yhdysvaltoihin.<\/p>\n<p class=\"aw-1gybjub aw-1p7kakr kEtdKx cEmitX yle__article__paragraph\">Yhdysvallat on asettanut j\u00e4lleen kaksi Kansainv\u00e4lisen rikostuomioistuimen (ICC) tuomaria pakotelistalle, koska he ovat kohdistaneet toimia Israeliin, Yhdysvaltain ulkoministeri <strong class=\"aw-ak79eh KyCXm yle__article__strong\">Marco Rubio<\/strong> kertoi.<\/p>\n<p class=\"aw-1gybjub aw-1p7kakr kEtdKx cEmitX yle__article__paragraph\">\u2013 Asetan kaksi ICC:n tuomaria, georgialaisen <strong class=\"aw-ak79eh KyCXm yle__article__strong\">Gocha Lordkipanidzen<\/strong> ja mongolialaisen <strong class=\"aw-ak79eh KyCXm yle__article__strong\">Erdenebalsuren Damdinin<\/strong>, pakotteiden kohteeksi, Rubio sanoi tiedotteessa.<\/p>\n<p class=\"aw-1gybjub aw-1p7kakr kEtdKx cEmitX yle__article__paragraph\">\u2013 N\u00e4m\u00e4 henkil\u00f6t ovat suoraan osallistuneet ICC:n toimiin tutkia, pid\u00e4tt\u00e4\u00e4, vangita tai syytt\u00e4\u00e4 Israelin kansalaisia ilman Israelin suostumusta, Rubio totesi.<\/p>\n<p class=\"aw-1gybjub aw-1p7kakr kEtdKx cEmitX yle__article__paragraph\">Yhdysvallat on aiemminkin asettanut pakotteita ICC:n henkil\u00f6kuntaa vastaan. Se asetti pakotteita nelj\u00e4\u00e4 ICC:n tuomaria vastaan <a class=\"aw-iao6s4 iHOxEa yle__article__link\" href=\"https:\/\/yle.fi\/a\/74-20166085\" role=\"link\" rel=\"nofollow noopener\" target=\"_blank\">kes\u00e4kuussa<\/a> sek\u00e4 kahta tuomaria ja kahta syytt\u00e4j\u00e4\u00e4 vastaan <a class=\"aw-iao6s4 iHOxEa yle__article__link\" href=\"https:\/\/yle.fi\/a\/74-20178597\" role=\"link\" rel=\"nofollow noopener\" target=\"_blank\">elokuussa<\/a>.<\/p>\n<p class=\"aw-1gybjub aw-1p7kakr kEtdKx cEmitX yle__article__paragraph\">Yhdysvallat vastustaa ICC:n Israelin p\u00e4\u00e4ministerist\u00e4 <strong class=\"aw-ak79eh KyCXm yle__article__strong\">Benjamin Netanjahusta<\/strong> ja Israelin entisest\u00e4 puolustusministerist\u00e4 <strong class=\"aw-ak79eh KyCXm yle__article__strong\">Yoav Gallantista<\/strong> viime vuoden marraskuussa antamia pid\u00e4tysm\u00e4\u00e4r\u00e4yksi\u00e4. Pid\u00e4tysm\u00e4\u00e4r\u00e4ysten perusteina olivat ep\u00e4illyt sotarikokset ja rikokset ihmisyytt\u00e4 vastaan Gazan sodan aikana.<\/p>\n<p class=\"aw-1gybjub aw-1p7kakr kEtdKx cEmitX yle__article__paragraph\">Yhdysvaltain pakotteet sis\u00e4lt\u00e4v\u00e4t muun muassa mahdollisten Yhdysvalloissa olevien varojen j\u00e4\u00e4dytt\u00e4misen sek\u00e4 tuomareiden ja heid\u00e4n perheidens\u00e4 maahantulokiellon Yhdysvaltoihin.<\/p>\n<p class=\"aw-1gybjub aw-1p7kakr kEtdKx cEmitX yle__article__paragraph\">L\u00e4hde: Reuters<\/p>\n","protected":false},"excerpt":{"rendered":"Yhdysvaltain pakotteet sis\u00e4lt\u00e4v\u00e4t tuomareiden ja heid\u00e4n perheidens\u00e4 maahantulokiellon Yhdysvaltoihin. Yhdysvallat on asettanut j\u00e4lleen kaksi Kansainv\u00e4lisen rikostuomioistuimen (ICC) tuomaria&hellip;\n","protected":false},"author":2,"featured_media":74,"comment_status":"","ping_status":"","sticky":false,"template":"","format":"standard","meta":{"footnotes":"","_share_on_mastodon":"0"},"categories":[14],"tags":[22,23,26,27,33,31,30,17,70,5128,24,25,28,29,15,18,21,15589,32,19,20,56,16,59,60,61,619],"class_list":["post-119877","post","type-post","status-publish","format-standard","has-post-thumbnail","category-ulkomaat","tag-breaking-news","tag-breakingnews","tag-featured-news","tag-featurednews","tag-fi","tag-finland","tag-finnish","tag-headlines","tag-kansainvalinen-politiikka","tag-kansainvalinen-rikostuomioistuin","tag-latest-news","tag-latestnews","tag-main-news","tag-mainnews","tag-news","tag-otsikot","tag-paauutiset","tag-pakotteet","tag-suomi","tag-top-stories","tag-topstories","tag-ulkomaat","tag-uutiset","tag-world","tag-world-news","tag-worldnews","tag-yhdysvallat"],"share_on_mastodon":{"url":"https:\/\/pubeurope.com\/@fi\/115741741832014617","error":""},"_links":{"self":[{"href":"https:\/\/www.europesays.com\/fi\/wp-json\/wp\/v2\/posts\/119877","targetHints":{"allow":["GET"]}}],"collection":[{"href":"https:\/\/www.europesays.com\/fi\/wp-json\/wp\/v2\/posts"}],"about":[{"href":"https:\/\/www.europesays.com\/fi\/wp-json\/wp\/v2\/types\/post"}],"author":[{"embeddable":true,"href":"https:\/\/www.europesays.com\/fi\/wp-json\/wp\/v2\/users\/2"}],"replies":[{"embeddable":true,"href":"https:\/\/www.europesays.com\/fi\/wp-json\/wp\/v2\/comments?post=119877"}],"version-history":[{"count":0,"href":"https:\/\/www.europesays.com\/fi\/wp-json\/wp\/v2\/posts\/119877\/revisions"}],"wp:featuredmedia":[{"embeddable":true,"href":"https:\/\/www.europesays.com\/fi\/wp-json\/wp\/v2\/media\/74"}],"wp:attachment":[{"href":"https:\/\/www.europesays.com\/fi\/wp-json\/wp\/v2\/media?parent=119877"}],"wp:term":[{"taxonomy":"category","embeddable":true,"href":"https:\/\/www.europesays.com\/fi\/wp-json\/wp\/v2\/categories?post=119877"},{"taxonomy":"post_tag","embeddable":true,"href":"https:\/\/www.europesays.com\/fi\/wp-json\/wp\/v2\/tags?post=119877"}],"curies":[{"name":"wp","href":"https:\/\/api.w.org\/{rel}","templated":true}]}}