{"id":119882,"date":"2025-12-18T17:39:09","date_gmt":"2025-12-18T17:39:09","guid":{"rendered":"https:\/\/www.europesays.com\/fi\/119882\/"},"modified":"2025-12-18T17:39:09","modified_gmt":"2025-12-18T17:39:09","slug":"behm-paljastus-tulevasta-seiska","status":"publish","type":"post","link":"https:\/\/www.europesays.com\/fi\/119882\/","title":{"rendered":"Behm: paljastus tulevasta! | Seiska"},"content":{"rendered":"<p>\n            20251001, Helsinki. Anna minun rakastaa enemm\u00e4n elokuvan ensi-ilta. Kuvassa Rita Behm.<br \/>\n            Timo Korhonen\n        <\/p>\n<p class=\"subtitle \">Laulaja vet\u00e4ytyy keikkatauolle, ja paljastaa hieman tulevasta.<\/p>\n<p class=\"article-content article-content-width !bg-background\">Laulaja  p\u00e4\u00e4tti kiertueensa, ja j\u00e4tt\u00e4ytyy keikkatauolle. Kiertueen p\u00e4\u00e4tytty\u00e4 hittilaulaja paljasti yksityiskohtia\u00a0tulevaisuudestaan t\u00e4n\u00e4\u00e4n (18.12.) julkaisemassaan Instagram-p\u00e4ivityksess\u00e4.<\/p>\n<p class=\"article-content article-content-width !bg-background\">Julkaisu on kuvitettu otoksilla laulajan viimeisimm\u00e4lt\u00e4 keikalta. Niiss\u00e4 Behm n\u00e4hd\u00e4\u00e4n muun muassa katselemassa takahuoneen peiliin, poseeraamassa tyhj\u00e4ss\u00e4 konserttisalissa sek\u00e4 samaisessa paikassa yleis\u00f6n kanssa.<\/p>\n<p class=\"article-content article-content-width !bg-background\">P\u00e4ivityksen kuvatekstiss\u00e4 h\u00e4n paljastaa hieman tulevasta:<\/p>\n<p>        <a itemprop=\"url\" href=\"https:\/\/www.seiska.fi\/kotimaa\/behm-ja-aku-sipola-romanttinen-lomakuva\/2020745\" rel=\"nofollow noopener\" target=\"_blank\"><\/p>\n<p>\nBehm ja Aku Sipola:\n<\/p>\n<p class=\"section-date\">\n        <strong class=\"article-section\" data-section=\"kotimaa\"><br \/>\n            kotimaa<br \/>\n        <\/strong><br \/>\n        12.12. 21:00\n    <\/p>\n<p>Behm ja Aku Sipola: romanttinen lomakuva\n    <\/p>\n<p itemprop=\"description\" class=\"subtitle \">\n    Pariskunta on karistanut Suomen p\u00f6lyt jaloistaan.\n<\/p>\n<p>        <\/a><\/p>\n<p class=\"article-content article-content-width !bg-background\"> \u2013 Ihana kiertue, kiitos! Meen nyt tekem\u00e4\u00e4n levy\u00e4 ja se on ihanaa my\u00f6s.\u00a0<\/p>\n<p class=\"article-content article-content-width !bg-background\">Lis\u00e4ksi h\u00e4n pohtii tulevan levyns\u00e4 sis\u00e4lt\u00f6\u00e4 lyhyesti.<\/p>\n<p>&#8221;Surkulevy&#8221;<\/p>\n<p class=\"article-content article-content-width !bg-background\">Melankolisesta musiikistaan tunnettu, ja eitt\u00e4m\u00e4tt\u00e4 Suomen suosituimpiin muusikoihin kuuluva monilahjakkuus ilmoitti jo aiemmin j\u00e4\u00e4v\u00e4ns\u00e4 nyt p\u00e4\u00e4ttyneen kiertueen j\u00e4lkeen keikkatauolle.<\/p>\n<p class=\"article-content article-content-width !bg-background\">Vaikka keikkalavat j\u00e4\u00e4v\u00e4t odottamaan paluuta, ei kyseess\u00e4 ole loma.<\/p>\n<p class=\"article-content article-content-width !bg-background\">Seuraavaksi on nimitt\u00e4in edess\u00e4 uuden albumin tekeminen.\u00a0<\/p>\n<p>        <a itemprop=\"url\" href=\"https:\/\/www.seiska.fi\/kotimaa\/behm-korkkasi-oluen-tassa-syy\/1986818\" rel=\"nofollow noopener\" target=\"_blank\"><\/p>\n<p>\nBehm\n<\/p>\n<p class=\"section-date\">\n        <strong class=\"article-section\" data-section=\"kotimaa\"><br \/>\n            kotimaa<br \/>\n        <\/strong><br \/>\n        7.11. 14:57\n    <\/p>\n<p>Behm korkkasi oluen \u2013 t\u00e4ss\u00e4 syy\n    <\/p>\n<p itemprop=\"description\" class=\"subtitle \">\n    Behm juhlii saavutustaan maltillisesti.\n<\/p>\n<p>        <\/a><\/p>\n<p class=\"article-content article-content-width !bg-background\">T\u00e4ysin uudenlaista Behmi\u00e4 tulevalla albumilla tuskin kuullaan, sill\u00e4 laulaja kommentoi julkaisussaan uutta projektiaan n\u00e4in:<\/p>\n<p class=\"article-content article-content-width !bg-background\"> \u2013 Tulee varmaan joku surkulevy taas, mutta jonnekin ne murheet pit\u00e4\u00e4 kaataa.<\/p>\n<p>Faneja ei surkulevy haittaa<\/p>\n<p class=\"article-content article-content-width !bg-background\">Julkaisu on ker\u00e4nnyt alleen nopeasti kommentteja. Niiden perusteella &#8221;surkulevyn&#8221; tekeminen ei faneja haittaa.<\/p>\n<p class=\"article-content article-content-width !bg-background\"> \u2013 Kaada vaan siihen levyyn, me sit murehditaan omiamme ku kuunnellaan sit\u00e4, er\u00e4s kommentoi.<\/p>\n<p class=\"article-content article-content-width !bg-background\"> \u2013\u00a0Duuri on aina uhka, toinen toteaa.\u00a0<\/p>\n","protected":false},"excerpt":{"rendered":"20251001, Helsinki. Anna minun rakastaa enemm\u00e4n elokuvan ensi-ilta. Kuvassa Rita Behm. Timo Korhonen Laulaja vet\u00e4ytyy keikkatauolle, ja paljastaa&hellip;\n","protected":false},"author":2,"featured_media":119883,"comment_status":"","ping_status":"","sticky":false,"template":"","format":"standard","meta":{"footnotes":""},"categories":[136],"tags":[14618,1493,407,137,33,31,30,408,7973,5207,32,21670,109],"class_list":{"0":"post-119882","1":"post","2":"type-post","3":"status-publish","4":"format-standard","5":"has-post-thumbnail","7":"category-julkkikset","8":"tag-albumi","9":"tag-behm","10":"tag-celebrities","11":"tag-entertainment","12":"tag-fi","13":"tag-finland","14":"tag-finnish","15":"tag-julkkikset","16":"tag-keikkatauko","17":"tag-kiertue","18":"tag-suomi","19":"tag-surkulevy","20":"tag-viihde"},"share_on_mastodon":{"url":"https:\/\/pubeurope.com\/@fi\/115741796850793672","error":""},"_links":{"self":[{"href":"https:\/\/www.europesays.com\/fi\/wp-json\/wp\/v2\/posts\/119882","targetHints":{"allow":["GET"]}}],"collection":[{"href":"https:\/\/www.europesays.com\/fi\/wp-json\/wp\/v2\/posts"}],"about":[{"href":"https:\/\/www.europesays.com\/fi\/wp-json\/wp\/v2\/types\/post"}],"author":[{"embeddable":true,"href":"https:\/\/www.europesays.com\/fi\/wp-json\/wp\/v2\/users\/2"}],"replies":[{"embeddable":true,"href":"https:\/\/www.europesays.com\/fi\/wp-json\/wp\/v2\/comments?post=119882"}],"version-history":[{"count":0,"href":"https:\/\/www.europesays.com\/fi\/wp-json\/wp\/v2\/posts\/119882\/revisions"}],"wp:featuredmedia":[{"embeddable":true,"href":"https:\/\/www.europesays.com\/fi\/wp-json\/wp\/v2\/media\/119883"}],"wp:attachment":[{"href":"https:\/\/www.europesays.com\/fi\/wp-json\/wp\/v2\/media?parent=119882"}],"wp:term":[{"taxonomy":"category","embeddable":true,"href":"https:\/\/www.europesays.com\/fi\/wp-json\/wp\/v2\/categories?post=119882"},{"taxonomy":"post_tag","embeddable":true,"href":"https:\/\/www.europesays.com\/fi\/wp-json\/wp\/v2\/tags?post=119882"}],"curies":[{"name":"wp","href":"https:\/\/api.w.org\/{rel}","templated":true}]}}