{"id":119890,"date":"2025-12-18T17:50:10","date_gmt":"2025-12-18T17:50:10","guid":{"rendered":"https:\/\/www.europesays.com\/fi\/119890\/"},"modified":"2025-12-18T17:50:10","modified_gmt":"2025-12-18T17:50:10","slug":"arjen-muuttavaa-valoa-odotellessa-satakunnan-kansa","status":"publish","type":"post","link":"https:\/\/www.europesays.com\/fi\/119890\/","title":{"rendered":"Arjen muuttavaa valoa odotellessa &#8211; Satakunnan Kansa"},"content":{"rendered":"<p class=\"article-body mb-nof-24 px-nof-16\">Rauma<\/p>\n<p class=\"article-body mb-nof-24 px-nof-16\">Tein Global Connectin kanssa valokuitusopimuksen elokuussa 2023. Tuolloin yst\u00e4v\u00e4llinen nuori myyntimies sanoi, ettei mene kuin muutama kuukausi, niin taloudessamme toimii nopea valokuituyhteys, joka muuttaa arjen t\u00e4ydellisesti.<\/p>\n<p class=\"article-body mb-nof-24 px-nof-16\">Tuosta lauseesta on kulunut nyt 28 kuukautta. Taloudessamme ei viel\u00e4k\u00e4\u00e4n ole valokuituyhteytt\u00e4 enk\u00e4 edell\u00e4\u00e4nk\u00e4\u00e4n tied\u00e4, onko sellaista tulossa.<\/p>\n<p class=\"article-body mb-nof-24 px-nof-16\">Global Connectin aliurakoitsija kaivoi valokuitukaapelin puutarhaamme jo puolitoista vuotta sitten. Hieman my\u00f6hemmin talon sein\u00e4\u00e4n asennettiin valokuituyksik\u00f6t sek\u00e4 ulos ett\u00e4 sis\u00e4lle.<\/p>\n<p class=\"article-body mb-nof-24 px-nof-16\">Asentajat eiv\u00e4t osanneet sanoa, milloin valokuituyhteys kytket\u00e4\u00e4n p\u00e4\u00e4lle. Mutta hekin kehuivat sen hurjaa nopeutta. Arjen muuttumisesta he eiv\u00e4t puhuneet en\u00e4\u00e4 mit\u00e4\u00e4n.<\/p>\n<p class=\"article-body mb-nof-24 px-nof-16\">Sitten vier\u00e4htikin useampi kuukausi ihan tavallista arkea. Er\u00e4\u00e4n\u00e4 p\u00e4iv\u00e4n\u00e4 pihaan saapui asentaja, joka halusi tulla kuvaamaan sis\u00e4- ja ulkoyksik\u00f6t. P\u00e4\u00e4stin miehen sis\u00e4lle ja h\u00e4n otti puhelimellaan kuvat muovip\u00f6mpeleist\u00e4.<\/p>\n<p class=\"article-body mb-nof-24 px-nof-16\">Parin kuukauden p\u00e4\u00e4st\u00e4 tuli toinen asentaja, joka esitteli itsens\u00e4 ja hieman huonolla englannilla kertoi haluavansa kuvata yksik\u00f6t. Kerroin, ett\u00e4 yksik\u00f6t on jo kuvattu, mutta toivotin miehen tervetulleeksi.<\/p>\n<p class=\"article-body mb-nof-24 px-nof-16\">Taas kului muutama kuukausi ja nurmikkoa leikatessani pihaan tuli Global Connectin yst\u00e4v\u00e4llinen nuorimies, joka kaupitteli meille nopeaa valokuituyhteytt\u00e4. H\u00e4n n\u00e4pp\u00e4ili h\u00e4mmentyneen\u00e4 iPadiaan, kun kerroin, ett\u00e4 meill\u00e4 on jo sopimus yrityksen kanssa ja h\u00e4n seisoo puolentoista metrin p\u00e4\u00e4ss\u00e4 ulkoyksik\u00f6st\u00e4. Nuorimies l\u00e4hti pihasta ilman, ett\u00e4 olisi mainostanut nopeaa verkkoa tai arjen mullistumista.<\/p>\n<p class=\"article-body mb-nof-24 px-nof-16\">N\u00e4iden 28 kuukauden ajan olen ollut tasaisesti yhteydess\u00e4 Global Connectin asiakaspalveluun. Viime kes\u00e4n\u00e4 sain oikein tapausnumeron, joka neuvottiin kertomaan aina, kun olen yhteydess\u00e4 asian tiimoilta.<\/p>\n<p class=\"article-body mb-nof-24 px-nof-16\">Viime lokakuussa pihaan tuli j\u00e4lleen kaksi asentajaa, joista kumpikaan ei puhunut edes englantia. Puhelimen k\u00e4\u00e4nt\u00e4j\u00e4 k\u00e4\u00e4nsi viestin ukrainasta suomeksi: He haluaisivat kuvata ulko- ja sis\u00e4yksik\u00f6n. Tutun kuvaussession j\u00e4lkeen kysyin heilt\u00e4, koska valokuituyhteys mahdollisesti kytket\u00e4\u00e4n. Hyv\u00e4ntuulinen viesti puhelimen v\u00e4lityksell\u00e4 kertoi, ett\u00e4 hyvin nopeasti.<\/p>\n<p class=\"article-body mb-nof-24 px-nof-16\">Viikko sitten sain s\u00e4hk\u00f6postin, jossa annettiin neuvot tilauksen peruuttamiseen ja uudet hinnat, jos sittenkin p\u00e4\u00e4t\u00e4n odottaa valokuituyhteyden.<\/p>\n<p class=\"article-body mb-nof-24 px-nof-16\">Edelleenk\u00e4\u00e4n valokuituyhteys ei toimi. Laitan ohjeistuksen mukaisesti kerran viikossa sis\u00e4p\u00f6mpelin t\u00f6pselin pistorasiaan ja katselen hetken aikaa nopeasti sykkiv\u00e4\u00e4 punaista valoa.<\/p>\n<blockquote class=\"p-[var(--citation-padding)] m-[var(--citation-margin)] border-y-[length:var(--citation-border-width)] border-y-[color:var(--citation-border-color)]\">\n<p>Edelleenk\u00e4\u00e4n valokuituyhteys ei toimi.<\/p>\n<\/blockquote>\n<p><img decoding=\"async\" src=\"https:\/\/www.europesays.com\/fi\/wp-content\/uploads\/2025\/12\/1766080210_132_468.jpg\" alt=\"Valokuidun tie on ollut mutkainen kirjoittajan luo.\" class=\"_Img_1rerz_1\" style=\"aspect-ratio:1.5\" loading=\"eager\"\/><\/p>\n<p class=\"article-picture-caption\">Valokuidun tie on ollut mutkainen kirjoittajan luo. Kuva:\u00a0Jussi Hietikko<\/p>\n","protected":false},"excerpt":{"rendered":"Rauma Tein Global Connectin kanssa valokuitusopimuksen elokuussa 2023. Tuolloin yst\u00e4v\u00e4llinen nuori myyntimies sanoi, ettei mene kuin muutama kuukausi,&hellip;\n","protected":false},"author":2,"featured_media":119891,"comment_status":"","ping_status":"","sticky":false,"template":"","format":"standard","meta":{"footnotes":""},"categories":[76],"tags":[79,77,33,31,30,80,32,78],"class_list":{"0":"post-119890","1":"post","2":"type-post","3":"status-publish","4":"format-standard","5":"has-post-thumbnail","7":"category-talous","8":"tag-business","9":"tag-economy","10":"tag-fi","11":"tag-finland","12":"tag-finnish","13":"tag-satakunnan-kansa","14":"tag-suomi","15":"tag-talous"},"share_on_mastodon":{"url":"https:\/\/pubeurope.com\/@fi\/115741840404250448","error":""},"_links":{"self":[{"href":"https:\/\/www.europesays.com\/fi\/wp-json\/wp\/v2\/posts\/119890","targetHints":{"allow":["GET"]}}],"collection":[{"href":"https:\/\/www.europesays.com\/fi\/wp-json\/wp\/v2\/posts"}],"about":[{"href":"https:\/\/www.europesays.com\/fi\/wp-json\/wp\/v2\/types\/post"}],"author":[{"embeddable":true,"href":"https:\/\/www.europesays.com\/fi\/wp-json\/wp\/v2\/users\/2"}],"replies":[{"embeddable":true,"href":"https:\/\/www.europesays.com\/fi\/wp-json\/wp\/v2\/comments?post=119890"}],"version-history":[{"count":0,"href":"https:\/\/www.europesays.com\/fi\/wp-json\/wp\/v2\/posts\/119890\/revisions"}],"wp:featuredmedia":[{"embeddable":true,"href":"https:\/\/www.europesays.com\/fi\/wp-json\/wp\/v2\/media\/119891"}],"wp:attachment":[{"href":"https:\/\/www.europesays.com\/fi\/wp-json\/wp\/v2\/media?parent=119890"}],"wp:term":[{"taxonomy":"category","embeddable":true,"href":"https:\/\/www.europesays.com\/fi\/wp-json\/wp\/v2\/categories?post=119890"},{"taxonomy":"post_tag","embeddable":true,"href":"https:\/\/www.europesays.com\/fi\/wp-json\/wp\/v2\/tags?post=119890"}],"curies":[{"name":"wp","href":"https:\/\/api.w.org\/{rel}","templated":true}]}}