{"id":119904,"date":"2025-12-18T18:13:09","date_gmt":"2025-12-18T18:13:09","guid":{"rendered":"https:\/\/www.europesays.com\/fi\/119904\/"},"modified":"2025-12-18T18:13:09","modified_gmt":"2025-12-18T18:13:09","slug":"hannu-blommila-on-kuollut","status":"publish","type":"post","link":"https:\/\/www.europesays.com\/fi\/119904\/","title":{"rendered":"Hannu Blommila on kuollut"},"content":{"rendered":"<p>Radiotoimittaja Hannu Blommila on kuollut.<\/p>\n<p><img decoding=\"async\" class=\"image image-show image-preview\" src=\"https:\/\/www.europesays.com\/fi\/wp-content\/uploads\/2025\/10\/1761081788_360_23b5e0437ce06236962e575626ea368763e1d6c13e9b66d0dc3b495294128330.jpg\" alt=\"\"\/><img decoding=\"async\" class=\"image image-show\" src=\"https:\/\/www.europesays.com\/fi\/wp-content\/uploads\/2025\/08\/1754972648_41_23b5e0437ce06236962e575626ea368763e1d6c13e9b66d0dc3b495294128330.jpg\" alt=\"\"\/><\/p>\n<p>Hannu Blommila kuoli 13. lokakuuta.  AOP<\/p>\n<p class=\"paragraph\">Ylen musiikkitoimittajana yli 30 vuoden ajan ty\u00f6skennellyt <strong>Hannu Blommila<\/strong> on kuollut. Poismenosta <a href=\"https:\/\/www.is.fi\/viihde\/art-2000011703073.html\" rel=\"noopener nofollow\" target=\"_blank\">uutisoi Ilta-Sanomat<\/a>.<\/p>\n<p class=\"paragraph\">Blommila oli kuollessaan 68-vuotias.<\/p>\n<p class=\"paragraph\">Blommila muistetaan erityisesti ohjelmistaan Kauriin k\u00e4\u00e4nt\u00f6piiri, Rockradio ja Progey\u00f6.<\/p>\n<p class=\"paragraph\">H\u00e4n suomensi my\u00f6s paljon tieteiskirjallisuutta. T\u00e4htivaeltaja, Helsingin Science Fiction Seuran lehti, on julkaissut <a href=\"https:\/\/www.facebook.com\/Tahtivaeltaja\/posts\/pfbid02r77rS3rPzSTg7nSXYVPUpBBsFRiz9vUgMjf95VPC5LdYWEzqt2m95xcsxJVHCjjil\" rel=\"noopener nofollow\" target=\"_blank\">Facebookissa<\/a> p\u00e4ivityksen Blommilan poismenosta.<\/p>\n<p class=\"paragraph\">\u2013 Legendaarinen radio\u00e4\u00e4ni, T\u00e4htivaeltajan monivuotinen avustaja ja suomalaisen tieteis- ja fantasiakulttuurin monitoimimies, jonka sanataiteeksi laskettava tapa kirjoittaa ja kertoa teki h\u00e4nest\u00e4 el\u00e4m\u00e4\u00e4 suuremman hahmon, on l\u00e4htenyt viimeiselle vaellukselleen kohti t\u00e4hti\u00e4. T\u00e4htivaeltajan Facebook-julkaisussa kirjoitetaan.<\/p>\n","protected":false},"excerpt":{"rendered":"Radiotoimittaja Hannu Blommila on kuollut. Hannu Blommila kuoli 13. lokakuuta. AOP Ylen musiikkitoimittajana yli 30 vuoden ajan ty\u00f6skennellyt&hellip;\n","protected":false},"author":2,"featured_media":70848,"comment_status":"","ping_status":"","sticky":false,"template":"","format":"standard","meta":{"footnotes":""},"categories":[130],"tags":[35,137,33,31,30,1511,763,1616,979,32,397,484,109],"class_list":{"0":"post-119904","1":"post","2":"type-post","3":"status-publish","4":"format-standard","5":"has-post-thumbnail","7":"category-viihde","8":"tag-24h","9":"tag-entertainment","10":"tag-fi","11":"tag-finland","12":"tag-finnish","13":"tag-joukkoviestinta","14":"tag-kulttuuri-ja-viihde","15":"tag-media-viestinta","16":"tag-sahkoinen-media","17":"tag-suomi","18":"tag-taide","19":"tag-taiteellinen-ilmaisu-ja-mediat","20":"tag-viihde"},"share_on_mastodon":{"url":"https:\/\/pubeurope.com\/@fi\/115741930749371480","error":""},"_links":{"self":[{"href":"https:\/\/www.europesays.com\/fi\/wp-json\/wp\/v2\/posts\/119904","targetHints":{"allow":["GET"]}}],"collection":[{"href":"https:\/\/www.europesays.com\/fi\/wp-json\/wp\/v2\/posts"}],"about":[{"href":"https:\/\/www.europesays.com\/fi\/wp-json\/wp\/v2\/types\/post"}],"author":[{"embeddable":true,"href":"https:\/\/www.europesays.com\/fi\/wp-json\/wp\/v2\/users\/2"}],"replies":[{"embeddable":true,"href":"https:\/\/www.europesays.com\/fi\/wp-json\/wp\/v2\/comments?post=119904"}],"version-history":[{"count":0,"href":"https:\/\/www.europesays.com\/fi\/wp-json\/wp\/v2\/posts\/119904\/revisions"}],"wp:featuredmedia":[{"embeddable":true,"href":"https:\/\/www.europesays.com\/fi\/wp-json\/wp\/v2\/media\/70848"}],"wp:attachment":[{"href":"https:\/\/www.europesays.com\/fi\/wp-json\/wp\/v2\/media?parent=119904"}],"wp:term":[{"taxonomy":"category","embeddable":true,"href":"https:\/\/www.europesays.com\/fi\/wp-json\/wp\/v2\/categories?post=119904"},{"taxonomy":"post_tag","embeddable":true,"href":"https:\/\/www.europesays.com\/fi\/wp-json\/wp\/v2\/tags?post=119904"}],"curies":[{"name":"wp","href":"https:\/\/api.w.org\/{rel}","templated":true}]}}