{"id":119917,"date":"2025-12-18T18:38:11","date_gmt":"2025-12-18T18:38:11","guid":{"rendered":"https:\/\/www.europesays.com\/fi\/119917\/"},"modified":"2025-12-18T18:38:11","modified_gmt":"2025-12-18T18:38:11","slug":"suvi-minkkinen-toipui-ikavasta-vaivasta-kuudenneksi-valitettavasti-ei-ole-ensimmainen-kerta","status":"publish","type":"post","link":"https:\/\/www.europesays.com\/fi\/119917\/","title":{"rendered":"Suvi Minkkinen toipui ik\u00e4v\u00e4st\u00e4 vaivasta kuudenneksi: \u201dValitettavasti ei ole ensimm\u00e4inen kerta\u201d"},"content":{"rendered":"<p>Ruotsin Hanna \u00d6berg nappasi pitk\u00e4st\u00e4 aikaa henkil\u00f6kohtaisen kisan voiton ampumahiihdon maailmancupissa.<\/p>\n<p class=\"article-body mb-nof-24 px-nof-16\"><a class=\"article-personlink\" href=\"https:\/\/www.satakunnankansa.fi\/haku\/?query=Suvi%20Minkkinen\" rel=\"nofollow noopener\" target=\"_blank\">Suvi Minkkinen<\/a> jatkoi vahvaa alkukauttaan ampumahiihdon naisten maailmancupissa sijoittumalla torstaina pikakilpailussa kuudenneksi Ranskan Annecyssa.<\/p>\n<p class=\"article-body mb-nof-24 px-nof-16\">Minkkisen suorituksen arvoa nostaa entisest\u00e4\u00e4n se, ett\u00e4 Ylen <a class=\"article-genericlink\" href=\"https:\/\/yle.fi\/a\/74-20200496\" rel=\"nofollow noopener\" target=\"_blank\">mukaan<\/a> h\u00e4n k\u00e4rsi tiistaina ruokamyrkytyksen oireista ja j\u00e4tti alkuviikon harjoitukset v\u00e4liin.<\/p>\n<p class=\"article-body mb-nof-24 px-nof-16\">\u201dValitettavasti ei ole ensimm\u00e4inen kerta ruokamyrkytyksen kanssa. Tiedostin, ett\u00e4 sijoitus voi olla tosi hyv\u00e4kin, mutta en ehk\u00e4 olisi veikannut itse\u00e4ni kymmenen k\u00e4rkeen\u201d, Minkkinen sanoi kisan j\u00e4lkeen Ylen tv-haastattelussa.<\/p>\n<p class=\"article-body mb-nof-24 px-nof-16\">Ilman ohilaukauksia urakastaan selvinnyt Minkkinen h\u00e4visi kilpailun voittaneelle Ruotsin <a class=\"article-personlink\" href=\"https:\/\/www.satakunnankansa.fi\/haku\/?query=Hanna%20%C3%96bergille\" rel=\"nofollow noopener\" target=\"_blank\">Hanna \u00d6bergille<\/a> 27 sekuntia.<\/p>\n<p class=\"article-body mb-nof-24 px-nof-16\">Ranskan <a class=\"article-personlink\" href=\"https:\/\/www.satakunnankansa.fi\/haku\/?query=Lou%20Jeanmonnot\" rel=\"nofollow noopener\" target=\"_blank\">Lou Jeanmonnot <\/a>oli toinen ja Italian <a class=\"article-personlink\" href=\"https:\/\/www.satakunnankansa.fi\/haku\/?query=Dorothea%20Wierer\" rel=\"nofollow noopener\" target=\"_blank\">Dorothea Wierer<\/a> kolmas. Koko k\u00e4rkikuusikko ampui kilpailun puhtaasti. Jeanmonnot h\u00e4visi \u00d6bergille 3,3 ja Wierer 11,4 sekuntia.<\/p>\n<p class=\"article-body mb-nof-24 px-nof-16\">\u201dVarmaan ensimm\u00e4ist\u00e4 kertaa t\u00e4\u00e4ll\u00e4 onnistuin rakentamaan kisan riitt\u00e4v\u00e4n maltilla, monesti on tullut l\u00e4hdetty\u00e4 v\u00e4h\u00e4n liian kovaa\u201d, Minkkinen sanoi.<\/p>\n<p class=\"article-body mb-nof-24 px-nof-16\">Minkkinen on naisten maailmancupissa viidenten\u00e4, kun takana on kuusi kilpailua. H\u00e4n on ollut t\u00e4ll\u00e4 kaudella maailmancupissa kolmesti kymmenen parhaan joukossa henkil\u00f6kohtaisissa kisoissa. Aiemmin joulukuussa h\u00e4n juhli pikakisan voittoa Ruotsin \u00d6stersundissa.<\/p>\n<p class=\"article-body mb-nof-24 px-nof-16\">Muut suomalaiset j\u00e4iv\u00e4t torstaina kauas k\u00e4rjest\u00e4, sill\u00e4 <a class=\"article-personlink\" href=\"https:\/\/www.satakunnankansa.fi\/haku\/?query=Venla%20Lehtonen\" rel=\"nofollow noopener\" target=\"_blank\">Venla Lehtonen<\/a> oli 42:s, <a class=\"article-personlink\" href=\"https:\/\/www.satakunnankansa.fi\/haku\/?query=Sonja%20Leinamo\" rel=\"nofollow noopener\" target=\"_blank\">Sonja Leinamo<\/a> 69:s ja <a class=\"article-personlink\" href=\"https:\/\/www.satakunnankansa.fi\/haku\/?query=Inka%20H%C3%A4m%C3%A4l%C3%A4inen\" rel=\"nofollow noopener\" target=\"_blank\">Inka H\u00e4m\u00e4l\u00e4inen<\/a> 80:s. Lehtoselle kertyi yksi, Leinamolle kolme ja H\u00e4m\u00e4l\u00e4iselle nelj\u00e4 ohilaukausta.<\/p>\n<p class=\"article-body mb-nof-24 px-nof-16\">Pikakisan 60 parasta p\u00e4\u00e4see lauantain takaa-ajoon, joten suomalaisnaisista mukana ovat Minkkinen ja Lehtonen.<\/p>\n<p class=\"article-body mb-nof-24 px-nof-16\">Hanna \u00d6bergille maailmancupin henkil\u00f6kohtaisen kisan voitto on ensimm\u00e4inen sitten maaliskuun 2023.<\/p>\n<p class=\"article-body mb-nof-24 px-nof-16\">\u201dOlin hieman liikuttunut maalissa. Tuntuu, ett\u00e4 olen t\u00e4n\u00e4 vuonna parempi ampumahiiht\u00e4j\u00e4 kuin mit\u00e4 olin parina viime vuotena\u201d, \u00d6berg sanoi Kansainv\u00e4lisen ampumahiihtoliiton IBU:n <a class=\"article-genericlink\" href=\"https:\/\/www.biathlonworld.com\/news\/hanna-oeberg-wins-le-grand-bornand-womens-sprint\/3l5P49JFcj2fj1Iv2UpAoq\" rel=\"nofollow noopener\" target=\"_blank\">kotisivuilla<\/a>.<\/p>\n<p class=\"article-body mb-nof-24 px-nof-16\">Naisten maailmancupin k\u00e4rjess\u00e4 olevalle Ruotsin <a class=\"article-personlink\" href=\"https:\/\/www.satakunnankansa.fi\/haku\/?query=Anna%20Magnussonille\" rel=\"nofollow noopener\" target=\"_blank\">Anna Magnussonille<\/a> kilpailusta tuli paha pettymys, sill\u00e4 h\u00e4n j\u00e4i sijalle 38. Jeanmonnot on maailmancupissa en\u00e4\u00e4 pisteen p\u00e4\u00e4ss\u00e4 Magnussonista.<\/p>\n","protected":false},"excerpt":{"rendered":"Ruotsin Hanna \u00d6berg nappasi pitk\u00e4st\u00e4 aikaa henkil\u00f6kohtaisen kisan voiton ampumahiihdon maailmancupissa. Suvi Minkkinen jatkoi vahvaa alkukauttaan ampumahiihdon naisten&hellip;\n","protected":false},"author":2,"featured_media":119918,"comment_status":"","ping_status":"","sticky":false,"template":"","format":"standard","meta":{"footnotes":""},"categories":[158],"tags":[33,31,30,80,159,32,160],"class_list":{"0":"post-119917","1":"post","2":"type-post","3":"status-publish","4":"format-standard","5":"has-post-thumbnail","7":"category-urheilu","8":"tag-fi","9":"tag-finland","10":"tag-finnish","11":"tag-satakunnan-kansa","12":"tag-sports","13":"tag-suomi","14":"tag-urheilu"},"share_on_mastodon":{"url":"https:\/\/pubeurope.com\/@fi\/115742028889139301","error":""},"_links":{"self":[{"href":"https:\/\/www.europesays.com\/fi\/wp-json\/wp\/v2\/posts\/119917","targetHints":{"allow":["GET"]}}],"collection":[{"href":"https:\/\/www.europesays.com\/fi\/wp-json\/wp\/v2\/posts"}],"about":[{"href":"https:\/\/www.europesays.com\/fi\/wp-json\/wp\/v2\/types\/post"}],"author":[{"embeddable":true,"href":"https:\/\/www.europesays.com\/fi\/wp-json\/wp\/v2\/users\/2"}],"replies":[{"embeddable":true,"href":"https:\/\/www.europesays.com\/fi\/wp-json\/wp\/v2\/comments?post=119917"}],"version-history":[{"count":0,"href":"https:\/\/www.europesays.com\/fi\/wp-json\/wp\/v2\/posts\/119917\/revisions"}],"wp:featuredmedia":[{"embeddable":true,"href":"https:\/\/www.europesays.com\/fi\/wp-json\/wp\/v2\/media\/119918"}],"wp:attachment":[{"href":"https:\/\/www.europesays.com\/fi\/wp-json\/wp\/v2\/media?parent=119917"}],"wp:term":[{"taxonomy":"category","embeddable":true,"href":"https:\/\/www.europesays.com\/fi\/wp-json\/wp\/v2\/categories?post=119917"},{"taxonomy":"post_tag","embeddable":true,"href":"https:\/\/www.europesays.com\/fi\/wp-json\/wp\/v2\/tags?post=119917"}],"curies":[{"name":"wp","href":"https:\/\/api.w.org\/{rel}","templated":true}]}}