{"id":119921,"date":"2025-12-18T18:42:11","date_gmt":"2025-12-18T18:42:11","guid":{"rendered":"https:\/\/www.europesays.com\/fi\/119921\/"},"modified":"2025-12-18T18:42:11","modified_gmt":"2025-12-18T18:42:11","slug":"careeriassa-juhlittiin-uusia-ammattilaisia-18-12-2025-porvoossa-ja-vantaalla","status":"publish","type":"post","link":"https:\/\/www.europesays.com\/fi\/119921\/","title":{"rendered":"Careeriassa juhlittiin uusia ammattilaisia 18.12.2025 Porvoossa ja Vantaalla"},"content":{"rendered":"<p><strong>Careeriasta valmistutaan ammattiin ymp\u00e4ri vuoden. Syyslukukauden 2025 aikana opintonsa valmiiksi saaneita ammattilaisia juhlittiin Porvoossa ja Vantaalla 18.12. Kaiken kaikkiaan ammatillisen tutkinnon on vuoden 2025 aikana Careeriassa suorittanut n. 1300 henkil\u00f6\u00e4.<\/strong><\/p>\n<p>Ty\u00f6el\u00e4m\u00e4\u00e4n, jatko-opintoihin, uudelle uralle ja uralla eteenp\u00e4in<\/p>\n<p>Osa nyt valmistuneista siirtyy suoraan ty\u00f6el\u00e4m\u00e4\u00e4n ja osa jatkaa opintojaan eteenp\u00e4in. Toisille tutkinto on tie uudelle uralle tai uralla eteenp\u00e4in ty\u00f6el\u00e4m\u00e4ss\u00e4. 18.12. juhlittavien joukko koostuu ammatillisen perustutkinnon sek\u00e4 ammatti- tai erikoisammattitutkinnon suorittaneista nuorista ja aikuisista. <br \/>\u2013 Valmistuminen on monelle ensimm\u00e4inen merkitt\u00e4v\u00e4 askel ty\u00f6el\u00e4m\u00e4ss\u00e4, toisille taas jatkumoa ja lis\u00e4p\u00e4tevyytt\u00e4 oman osaamisen kehitt\u00e4miseen. Osa valmistuneista on rohkeasti suunnannut uudelle uralle opiskelemalla kokonaan uuden ammatin. Kaikkia yhdist\u00e4\u00e4 se, ett\u00e4 tutkinnon tuoma osaaminen antaa paremmat valmiudet vastata ty\u00f6el\u00e4m\u00e4n jatkuviin muutoksiin. Haluan l\u00e4mpim\u00e4sti onnitella jokaista valmistunutta \u2013 teid\u00e4n panoksenne on t\u00e4rke\u00e4 tulevaisuuden ty\u00f6el\u00e4m\u00e4ss\u00e4. Samalla kiit\u00e4n ty\u00f6paikkoja ja yhteisty\u00f6kumppaneita arvokkaasta tuesta ja yhteisty\u00f6st\u00e4, joka mahdollistaa opiskelijoiden kasvun ja menestyksen. Yhdess\u00e4 rakennamme osaavaa ja uudistuvaa ty\u00f6el\u00e4m\u00e4\u00e4, osoittaa Careerian vararehtori Keijo Honkonen sanansa valmistuville ja ty\u00f6el\u00e4m\u00e4lle.<\/p>\n<p>Kiitos ty\u00f6el\u00e4m\u00e4lle hyv\u00e4st\u00e4 yhteisty\u00f6st\u00e4<\/p>\n<p>Ammatillisessa koulutuksessa ty\u00f6el\u00e4m\u00e4ss\u00e4 hankitulla osaamisella on keskeinen merkitys. Careeria kiitt\u00e4\u00e4 kaikkia ty\u00f6el\u00e4m\u00e4kumppaneitaan hyv\u00e4st\u00e4 yhteisty\u00f6st\u00e4 kuluneen vuoden aikana. Ty\u00f6el\u00e4m\u00e4yhteisty\u00f6n onnistumistarinoihin voi tutustua Careerian nettisivuilla: <a href=\"https:\/\/careeria.fi\/kategoria\/tarinat\/\" rel=\"nofollow noopener\" target=\"_blank\">Tarinat Archives &#8211; Careeria<\/a>.<\/p>\n<p>Vuoropuhelu ty\u00f6el\u00e4m\u00e4n kanssa on tiivist\u00e4 l\u00e4pi lukuvuoden. Yksi t\u00e4rke\u00e4 toiminnan ennakointity\u00f6kalu on Careerian ty\u00f6el\u00e4m\u00e4foorumit, joissa eri koulutusalat tapaavat s\u00e4\u00e4nn\u00f6llisesti ty\u00f6el\u00e4m\u00e4n yhteisty\u00f6kumppaneita. Tavoitteena on ty\u00f6el\u00e4m\u00e4n tarpeiden huomioiminen mahdollisimman hyvin koulutusten suunnittelussa ja toteutuksessa.<\/p>\n<p>Careeria kiitt\u00e4\u00e4 my\u00f6s kaikkia opiskelijoille stipendej\u00e4 my\u00f6nt\u00e4neit\u00e4 tahoja.<\/p>\n<p>Listat valmistuneista, stipendin saajista ja my\u00f6nt\u00e4jist\u00e4 sek\u00e4 tunnelmia Porvoon ja Vantaan juhlista l\u00f6ytyy Careerian nettisivujen uutisista: <a href=\"https:\/\/careeria.fi\/kategoria\/uutiset\/\" rel=\"nofollow noopener\" target=\"_blank\">Uutiset Archives &#8211; Careeria<\/a><\/p>\n<p><strong>Lis\u00e4tietoa: <\/strong><\/p>\n<p>Vararehtori Keijo Honkonen, <a href=\"http:\/\/www.epressi.com\/cdn-cgi\/l\/email-protection#4e252b272421602621202521202b200e2d2f3c2b2b3c272f602827\" rel=\"nofollow noopener\" target=\"_blank\">[email\u00a0protected]<\/a>, puh. 050 383 2963<br \/><a href=\"http:\/\/www.careeria.fi\" rel=\"nofollow noopener\" target=\"_blank\">www.careeria.fi<\/a><\/p>\n<p>\t\t\t\t\tTietoa julkaisijasta<\/p>\n<p>Careeria on tarjonnut ty\u00f6el\u00e4m\u00e4n tarpeisiin ammatillista koulutusta ja kehitt\u00e4mist\u00e4 jo yli 60 vuotta. Careeria kouluttaa nuoria ja aikuisia suomeksi, ruotsiksi ja englanniksi, ja sill\u00e4 on my\u00f6s omaa oppisopimustoimintaa. Koulutusaloja on parikymment\u00e4, ja tutkintovalikoimaan kuuluu yli 80 eri alan perus-, ammatti ja erikoisammattitutkintoa. Toiminta-alueena on koko it\u00e4inen Uusimaa ja p\u00e4\u00e4kaupunkiseutu. Virtuaalisesti Careeria palvelee valtakunnallisesti ajasta ja paikasta riippumattomasti. Konserniin kuuluu tyt\u00e4ryhti\u00f6 CareeriaPlus Oy, joka j\u00e4rjest\u00e4\u00e4 maahanmuuttajakoulutuspalveluja monipuolisesti.<\/p>\n<p>Viestint\u00e4: Maarika Weissmann<br \/><a href=\"https:\/\/www.epressi.com\/cdn-cgi\/l\/email-protection\" class=\"__cf_email__\" data-cfemail=\"0c616d6d7e65676d227b69657f7f616d62624c6f6d7e69697e656d226a65\" rel=\"nofollow noopener\" target=\"_blank\">[email\u00a0protected]<\/a><br \/>puh. 050 381 0538<br \/>www.careeria.fi<\/p>\n","protected":false},"excerpt":{"rendered":"Careeriasta valmistutaan ammattiin ymp\u00e4ri vuoden. Syyslukukauden 2025 aikana opintonsa valmiiksi saaneita ammattilaisia juhlittiin Porvoossa ja Vantaalla 18.12. Kaiken&hellip;\n","protected":false},"author":2,"featured_media":119922,"comment_status":"","ping_status":"","sticky":false,"template":"","format":"standard","meta":{"footnotes":""},"categories":[76],"tags":[79,77,33,31,30,32,78],"class_list":{"0":"post-119921","1":"post","2":"type-post","3":"status-publish","4":"format-standard","5":"has-post-thumbnail","7":"category-talous","8":"tag-business","9":"tag-economy","10":"tag-fi","11":"tag-finland","12":"tag-finnish","13":"tag-suomi","14":"tag-talous"},"share_on_mastodon":{"url":"https:\/\/pubeurope.com\/@fi\/115742045241071983","error":""},"_links":{"self":[{"href":"https:\/\/www.europesays.com\/fi\/wp-json\/wp\/v2\/posts\/119921","targetHints":{"allow":["GET"]}}],"collection":[{"href":"https:\/\/www.europesays.com\/fi\/wp-json\/wp\/v2\/posts"}],"about":[{"href":"https:\/\/www.europesays.com\/fi\/wp-json\/wp\/v2\/types\/post"}],"author":[{"embeddable":true,"href":"https:\/\/www.europesays.com\/fi\/wp-json\/wp\/v2\/users\/2"}],"replies":[{"embeddable":true,"href":"https:\/\/www.europesays.com\/fi\/wp-json\/wp\/v2\/comments?post=119921"}],"version-history":[{"count":0,"href":"https:\/\/www.europesays.com\/fi\/wp-json\/wp\/v2\/posts\/119921\/revisions"}],"wp:featuredmedia":[{"embeddable":true,"href":"https:\/\/www.europesays.com\/fi\/wp-json\/wp\/v2\/media\/119922"}],"wp:attachment":[{"href":"https:\/\/www.europesays.com\/fi\/wp-json\/wp\/v2\/media?parent=119921"}],"wp:term":[{"taxonomy":"category","embeddable":true,"href":"https:\/\/www.europesays.com\/fi\/wp-json\/wp\/v2\/categories?post=119921"},{"taxonomy":"post_tag","embeddable":true,"href":"https:\/\/www.europesays.com\/fi\/wp-json\/wp\/v2\/tags?post=119921"}],"curies":[{"name":"wp","href":"https:\/\/api.w.org\/{rel}","templated":true}]}}