{"id":119923,"date":"2025-12-18T18:43:10","date_gmt":"2025-12-18T18:43:10","guid":{"rendered":"https:\/\/www.europesays.com\/fi\/119923\/"},"modified":"2025-12-18T18:43:10","modified_gmt":"2025-12-18T18:43:10","slug":"vanity-fair-julkaisi-silottelemattomia-kuvia-trumpin-hallinnon-virkamiehista","status":"publish","type":"post","link":"https:\/\/www.europesays.com\/fi\/119923\/","title":{"rendered":"Vanity Fair julkaisi silottelemattomia kuvia Trumpin hallinnon virkamiehist\u00e4"},"content":{"rendered":"<p>Valokuvaus|Keskustelua aiheuttaneet kuvat Trumpin l\u00e4hipiirist\u00e4 on ottanut amerikkalainen poliittisiin ja yhteiskunnallisiin aiheisiin erikoistunut valokuvaaja Christopher Anderson.<\/p>\n<p>Lue tiivistelm\u00e4<\/p>\n<p class=\"article-body mb-nof-24 px-nof-16 sndp-summary-bullet-point-font\">Yhdysvaltalainen aikakauslehti Vanity Fair julkaisi tiistaina valokuvaaja Christopher Andersonin ottamia silottelemattomia l\u00e4hikuvia presidentti Donald Trumpin hallinnon virkamiehist\u00e4.<\/p>\n<p class=\"article-body mb-nof-24 px-nof-16 sndp-summary-bullet-point-font\">Kuvissa n\u00e4kyv\u00e4t muun muassa kansliap\u00e4\u00e4llikk\u00f6 Susie Wiles, tiedottaja Karoline Leavitt, varapresidentti J.D. Vance ja ulkoministeri Marco Rubio.<\/p>\n<p class=\"article-body mb-nof-24 px-nof-16 sndp-summary-bullet-point-font\">Ulkoministeri Rubio v\u00e4itti X-palvelussa, ett\u00e4 Vanity Fair manipuloi kuvia tarkoituksella antaakseen Valkoisen talon tiimist\u00e4 ep\u00e4suotuisan kuvan.<\/p>\n<p class=\"article-body mb-nof-24 px-nof-16 sndp-summary-bullet-point-font\">Valokuvaaja Anderson kertoi The Independentille, ett\u00e4 l\u00e4hikuvat ovat h\u00e4nen taiteellista tyyli\u00e4\u00e4n ja h\u00e4n haluaa n\u00e4ytt\u00e4\u00e4 muutakin kuin sen, mit\u00e4 pr-tiimit haluavat tuoda julki.<\/p>\n<p class=\"article-body mb-nof-24 px-nof-16\">Yhdysvaltalaisen aikakauslehti <a class=\"article-genericlink\" href=\"https:\/\/www.vanityfair.com\/news\/story\/trump-susie-wiles-interview-exclusive-part-1?srsltid=AfmBOor1LUeqs3y1h_UMSkjci1z_nXFJ0eqCNBtO6GoKJYakVaUw4Vpf\" rel=\"nofollow noopener\" target=\"_blank\">Vanity Fairin <\/a>tiistaina <a class=\"article-genericlink\" href=\"https:\/\/www.vanityfair.com\/news\/story\/trump-susie-wiles-interview-exclusive-part-1\" rel=\"nofollow noopener\" target=\"_blank\">julkaisemat<\/a> valokuvaaja <a class=\"article-personlink\" href=\"https:\/\/www.hs.fi\/haku\/?query=Christopher%20Andersonin\" rel=\"nofollow noopener\" target=\"_blank\">Christopher Andersonin<\/a> ottamat kuvat Yhdysvaltain presidentti <a class=\"article-personlink\" href=\"https:\/\/www.hs.fi\/haku\/?query=Donald%20Trumpin\" rel=\"nofollow noopener\" target=\"_blank\">Donald Trumpin<\/a> hallinnon virkamiehist\u00e4 ovat her\u00e4tt\u00e4neet maailmanlaajuisen kohun.<\/p>\n<p class=\"article-body mb-nof-24 px-nof-16\">Vanity Fair julkaisi <a class=\"article-genericlink\" href=\"https:\/\/www.vanityfair.com\/news\/story\/trump-susie-wiles-interview-exclusive-part-2\" rel=\"nofollow noopener\" target=\"_blank\">kaksi juttua<\/a>, joiden eteen oli tehty useita haastatteluita, joita Valkoisen talon kansliap\u00e4\u00e4llikk\u00f6 <a class=\"article-personlink\" href=\"https:\/\/www.hs.fi\/haku\/?query=Susie%20Wiles\" rel=\"nofollow noopener\" target=\"_blank\">Susie Wiles <\/a>on lehdelle vuoden mittaan antanut.<\/p>\n<p class=\"article-body mb-nof-24 px-nof-16\">Kuvissa n\u00e4hd\u00e4\u00e4n muun muassa Wiles, Valkoisen talon tiedottaja <a class=\"article-personlink\" href=\"https:\/\/www.hs.fi\/haku\/?query=Karoline%20Leavitt\" rel=\"nofollow noopener\" target=\"_blank\">Karoline Leavitt<\/a>, Yhdysvaltain varapresidentti <a class=\"article-personlink\" href=\"https:\/\/www.hs.fi\/haku\/?query=J.D.%20Vance\" rel=\"nofollow noopener\" target=\"_blank\">J.D. Vance <\/a>sek\u00e4 ulkoministeri <a class=\"article-personlink\" href=\"https:\/\/www.hs.fi\/haku\/?query=Marco%20Rubio\" rel=\"nofollow noopener\" target=\"_blank\">Marco Rubio<\/a>.<\/p>\n<p class=\"article-body mb-nof-24 px-nof-16\">Jutussa on julkaistu hallinnon virkamiehist\u00e4 ryhm\u00e4kuvan lis\u00e4ksi l\u00e4hikuvia, joista voi n\u00e4hd\u00e4 pienimm\u00e4tkin yksityiskohdat kuvattavien kasvoista.<\/p>\n<p class=\"article-body mb-nof-24 px-nof-16\">Vanity Fair julkaisi kuvat tiistaina my\u00f6s kommentoinnin sallivassa Instagramissa. Moni kommentoija kertoi n\u00e4hneens\u00e4 ensimm\u00e4ist\u00e4 kertaa jokaisen ep\u00e4t\u00e4ydellisen yksityiskohdan poliitikoiden kasvoilla, sill\u00e4 heist\u00e4 julkaistavat kuvat ovat aiemmin olleet loppuun asti huoliteltuja.<\/p>\n<p class=\"article-body mb-nof-24 px-nof-16\">Etenkin Leavittista otettu kuva on her\u00e4tt\u00e4nyt Vanity Fairin <a class=\"article-genericlink\" href=\"https:\/\/www.instagram.com\/p\/DSUsOvHDpHw\/?img_index=1\" rel=\"nofollow noopener\" target=\"_blank\">Instagram-julkaisussa <\/a>reaktioita. Anderson kertoi halunneensa kuvata etenkin Leavittin l\u00e4helt\u00e4, sill\u00e4 h\u00e4n pit\u00e4\u00e4 kuvattavaa erityisen mielenkiintoisena.<\/p>\n<p class=\"article-body mb-nof-24 px-nof-16\">L\u00e4hikuvan kommenteissa toistuvat havainnot muun muassa siit\u00e4, ett\u00e4 kuvan perusteella Leavittille olisi tehty huulten pistoshoitoja, joiden j\u00e4ljet ovat monen kommentoijan mukaan yh\u00e4 selv\u00e4sti n\u00e4kyviss\u00e4.<\/p>\n<p class=\"article-body mb-nof-24 px-nof-16\">\u201dKun kameralle j\u00e4\u00e4 pelkk\u00e4 tarkkailijan rooli, totuus on se, mik\u00e4 tekee tuhojaan\u201d, er\u00e4\u00e4ss\u00e4 kommentissa sanotaan.<\/p>\n<p class=\"article-body mb-nof-24 px-nof-16\">Ulkoministeri Rubio ehti tyrm\u00e4t\u00e4 kuvat <a class=\"article-genericlink\" href=\"https:\/\/x.com\/marcorubio\/status\/2001097576842506492\" rel=\"nofollow\">X-palvelussa<\/a>. H\u00e4nen mukaansa \u201duseimmille on selv\u00e4\u00e4, ett\u00e4 Vanity Fair manipuloi kuvia tarkoituksella\u201d. Rubion mukaan lehti olisi v\u00e4\u00e4ristellyt my\u00f6s haastatteluita antaakseen Valkoisen talon tiimist\u00e4 mahdollisimman ep\u00e4suotuisan kuvan.<\/p>\n<p class=\"article-body mb-nof-24 px-nof-16\">Anderson, 55, on poliittisiin ja yhteiskunnallisiin aiheisiin erikoistunut pitk\u00e4n linjan valokuvaaja. H\u00e4n on kuvannut muun muassa Haitista pakenevia venepakolaisia. Lis\u00e4ksi Anderson on kuvannut henkil\u00f6kuviinsa aiemmin lukuisia julkisuuden henkil\u00f6it\u00e4 ja poliitikkoja kuten <a class=\"article-personlink\" href=\"https:\/\/www.hs.fi\/haku\/?query=Barack%20Obaman\" rel=\"nofollow noopener\" target=\"_blank\">Barack Obaman<\/a>, <a class=\"article-personlink\" href=\"https:\/\/www.hs.fi\/haku\/?query=Bill%20Clintonin\" rel=\"nofollow noopener\" target=\"_blank\">Bill Clintonin<\/a> ja <a class=\"article-personlink\" href=\"https:\/\/www.hs.fi\/haku\/?query=Joe%20Bidenin\" rel=\"nofollow noopener\" target=\"_blank\">Joe Bidenin<\/a>.<\/p>\n<p class=\"article-body mb-nof-24 px-nof-16\">Anderson on ollut ehdolla Pulitzer-palkinnon saajaksi. H\u00e4n on ty\u00f6skennellyt valokuvaajana Newsweek- ja National Geographic -lehdiss\u00e4 sek\u00e4 New York Magazinessa.<\/p>\n<p class=\"article-body mb-nof-24 px-nof-16\">H\u00e4net on palkittu muun muassa maailman arvostetuimmassa kuvajournalismi\u00adkilpailussa World Press Photossa kahdesti.<\/p>\n<p><img decoding=\"async\" src=\"https:\/\/www.europesays.com\/fi\/wp-content\/uploads\/2025\/12\/1766083390_837_468.jpg\" alt=\"Christopher Anderson kuvattiin Pariisissa vuonna 2018.\" class=\"_Img_1rerz_1\" style=\"aspect-ratio:1.5\" loading=\"eager\"\/><\/p>\n<p class=\"article-picture-caption\">Christopher Anderson kuvattiin Pariisissa vuonna 2018. Kuva:\u00a0Alfonso Jimenez \/ Shutterstock<\/p>\n<p class=\"article-body mb-nof-24 px-nof-16\">Anderson kertoi <a class=\"article-genericlink\" href=\"https:\/\/www.independent.co.uk\/bulletin\/news\/white-house-vanity-fair-portraits-karoline-leavitt-susie-wiles-b2885857.html\" rel=\"nofollow noopener\" target=\"_blank\">The Independentille<\/a> Vanity Fairin kuvien noudattavan h\u00e4nen aiempien t\u00f6idens\u00e4 taiteellista tyyli\u00e4. Anderson suosii l\u00e4hikuvia etenkin poliitikkoja kuvatessaan, sill\u00e4 h\u00e4n haluaa olla mukana politiikan n\u00e4ytt\u00e4m\u00f6ll\u00e4.<\/p>\n<p class=\"article-body mb-nof-24 px-nof-16\">\u201dMonet tuntuvat ajattelevan, ett\u00e4 haluan saada kuvattavista mahdollisimman ep\u00e4edustavia kuvia tarkoituksella. Se ei pid\u00e4 paikkaansa. Valokuvissani on paljon l\u00e4hikuvia kohteen poliittisesta kannasta riippumatta\u201d, h\u00e4n kertoi lehdelle.<\/p>\n<p class=\"article-body mb-nof-24 px-nof-16\">Anderson kertoi <a class=\"article-genericlink\" href=\"https:\/\/www.newsweek.com\/karoline-leavitt-vanity-fair-photographer-christopher-anderson-close-up-white-house-11225398\" rel=\"nofollow noopener\" target=\"_blank\">Newsweekille<\/a> joidenkin ihmisten l\u00e4hes j\u00e4rkyttyneen siit\u00e4, ettei h\u00e4n k\u00e4sitellyt Valkoisessa talossa ottamiensa kuvien yksityiskohtia piiloon.<\/p>\n<p class=\"article-body mb-nof-24 px-nof-16\">\u201dOmasta n\u00e4k\u00f6kulmastani j\u00e4rkytt\u00e4v\u00e4\u00e4 olisi ollut se, ett\u00e4 olisin retusoinut ne pois\u201d, h\u00e4n sanoi.<\/p>\n<p class=\"article-body mb-nof-24 px-nof-16\">Anderson kertoi<a class=\"article-genericlink\" href=\"https:\/\/www.washingtonpost.com\/style\/power\/2025\/12\/17\/vanity-fair-susie-wiles-photos\/\" rel=\"nofollow noopener\" target=\"_blank\"> The Washington Postille<\/a> alkaneensa suosia l\u00e4hikuvien ottamista poliitikoista vuonna 2014 julkaistua Stump-valokuvakirjaansa varten.<\/p>\n<p><script async src=\"\/\/www.instagram.com\/embed.js\"><\/script><\/p>\n","protected":false},"excerpt":{"rendered":"Valokuvaus|Keskustelua aiheuttaneet kuvat Trumpin l\u00e4hipiirist\u00e4 on ottanut amerikkalainen poliittisiin ja yhteiskunnallisiin aiheisiin erikoistunut valokuvaaja Christopher Anderson. Lue tiivistelm\u00e4&hellip;\n","protected":false},"author":2,"featured_media":119924,"comment_status":"","ping_status":"","sticky":false,"template":"","format":"standard","meta":{"footnotes":""},"categories":[14],"tags":[22,23,26,27,33,31,30,17,46,24,25,28,29,15,18,21,32,19,20,56,16,59,60,61],"class_list":{"0":"post-119923","1":"post","2":"type-post","3":"status-publish","4":"format-standard","5":"has-post-thumbnail","7":"category-ulkomaat","8":"tag-breaking-news","9":"tag-breakingnews","10":"tag-featured-news","11":"tag-featurednews","12":"tag-fi","13":"tag-finland","14":"tag-finnish","15":"tag-headlines","16":"tag-helsingin-sanomat","17":"tag-latest-news","18":"tag-latestnews","19":"tag-main-news","20":"tag-mainnews","21":"tag-news","22":"tag-otsikot","23":"tag-paauutiset","24":"tag-suomi","25":"tag-top-stories","26":"tag-topstories","27":"tag-ulkomaat","28":"tag-uutiset","29":"tag-world","30":"tag-world-news","31":"tag-worldnews"},"share_on_mastodon":{"url":"https:\/\/pubeurope.com\/@fi\/115742048813355645","error":""},"_links":{"self":[{"href":"https:\/\/www.europesays.com\/fi\/wp-json\/wp\/v2\/posts\/119923","targetHints":{"allow":["GET"]}}],"collection":[{"href":"https:\/\/www.europesays.com\/fi\/wp-json\/wp\/v2\/posts"}],"about":[{"href":"https:\/\/www.europesays.com\/fi\/wp-json\/wp\/v2\/types\/post"}],"author":[{"embeddable":true,"href":"https:\/\/www.europesays.com\/fi\/wp-json\/wp\/v2\/users\/2"}],"replies":[{"embeddable":true,"href":"https:\/\/www.europesays.com\/fi\/wp-json\/wp\/v2\/comments?post=119923"}],"version-history":[{"count":0,"href":"https:\/\/www.europesays.com\/fi\/wp-json\/wp\/v2\/posts\/119923\/revisions"}],"wp:featuredmedia":[{"embeddable":true,"href":"https:\/\/www.europesays.com\/fi\/wp-json\/wp\/v2\/media\/119924"}],"wp:attachment":[{"href":"https:\/\/www.europesays.com\/fi\/wp-json\/wp\/v2\/media?parent=119923"}],"wp:term":[{"taxonomy":"category","embeddable":true,"href":"https:\/\/www.europesays.com\/fi\/wp-json\/wp\/v2\/categories?post=119923"},{"taxonomy":"post_tag","embeddable":true,"href":"https:\/\/www.europesays.com\/fi\/wp-json\/wp\/v2\/tags?post=119923"}],"curies":[{"name":"wp","href":"https:\/\/api.w.org\/{rel}","templated":true}]}}