{"id":119927,"date":"2025-12-18T18:45:21","date_gmt":"2025-12-18T18:45:21","guid":{"rendered":"https:\/\/www.europesays.com\/fi\/119927\/"},"modified":"2025-12-18T18:45:21","modified_gmt":"2025-12-18T18:45:21","slug":"kauhea-naky-kouvolassa-yksi-kuollut","status":"publish","type":"post","link":"https:\/\/www.europesays.com\/fi\/119927\/","title":{"rendered":"Kauhea n\u00e4ky Kouvolassa \u2013 Yksi kuollut"},"content":{"rendered":"<p>Liikenne oli poikki Jyr\u00e4\u00e4ntie ja Heinolantien v\u00e4lill\u00e4 yhteens\u00e4 puolitoista tuntia. <\/p>\n<p><img decoding=\"async\" class=\"image image-show image-preview\" src=\"https:\/\/www.europesays.com\/fi\/wp-content\/uploads\/2025\/12\/a0e38e82c47a3777512b30d0ae496019d9db501bae74f771320fb59b14905efc.jpg\" alt=\"\"\/><img decoding=\"async\" class=\"image image-show\" src=\"https:\/\/www.europesays.com\/fi\/wp-content\/uploads\/2025\/12\/1766083518_179_a0e38e82c47a3777512b30d0ae496019d9db501bae74f771320fb59b14905efc.jpg\" alt=\"\"\/><\/p>\n<p>Onnettomuudessa kuoli yksi henkil\u00f6. Sasu J\u00e4rnstedt<\/p>\n<p><a href=\"https:\/\/www.iltalehti.fi\/kirjoittajat\/Sampo Lepist\u00f6\" rel=\"nofollow noopener\" target=\"_blank\"><img decoding=\"async\" class=\"author-image-img\" alt=\"Tekij\u00e4n kuva\" src=\"https:\/\/www.europesays.com\/fi\/wp-content\/uploads\/2025\/10\/6ec836488adc095e5d418e8c0bee83a76d2d21fc49bc3561e5efeb2bddc28797.png\"\/><\/a><a href=\"https:\/\/www.iltalehti.fi\/kirjoittajat\/Henni Rantam\u00e4ki\" rel=\"nofollow noopener\" target=\"_blank\"><img decoding=\"async\" class=\"author-image-img\" alt=\"Tekij\u00e4n kuva\" src=\"https:\/\/www.europesays.com\/fi\/wp-content\/uploads\/2025\/10\/7ebfc7cba12e155b3f8257d34b56bd4f0a5e74c82fb93ff4a053b474fb96ab8b.png\"\/><\/a><\/p>\n<p>T\u00e4n\u00e4\u00e4n klo 16:26 (p\u00e4ivitetty klo 18:40)<\/p>\n<p class=\"paragraph\">Yksi henkil\u00f6 on kuollut rekan ja pakettiauton kolarissa Kouvolassa, tiedottaa poliisi. Onnettomuuspaikka on Kuutostien ja Karjalankadun risteys.<\/p>\n<p>Auto k\u00e4rsi isoja vahinkoja. Sasu J\u00e4rnstedt<\/p>\n<p class=\"paragraph\">Liikenne oli poikki Jyr\u00e4\u00e4ntie ja Heinolantien v\u00e4lill\u00e4 yhteens\u00e4 puolitoista tuntia. Liikenne ruuhkautui hetkellisesti, ja poliisi ohjasi liikennett\u00e4.<\/p>\n<p class=\"paragraph\">Puoli seitsem\u00e4n aikaan poliisi kertoi, ett\u00e4 onnettomuuspaikalla on j\u00e4lleen tie auki.<\/p>\n<p>Tie oli poikki yli tunnin. Sasu J\u00e4rnstedt<\/p>\n<p class=\"paragraph\">Poliisi tutkii onnettomuuteen johtaneita syit\u00e4, eik\u00e4 tiedota t\u00e4ss\u00e4 vaiheessa enemp\u00e4\u00e4.<\/p>\n","protected":false},"excerpt":{"rendered":"Liikenne oli poikki Jyr\u00e4\u00e4ntie ja Heinolantien v\u00e4lill\u00e4 yhteens\u00e4 puolitoista tuntia. Onnettomuudessa kuoli yksi henkil\u00f6. Sasu J\u00e4rnstedt T\u00e4n\u00e4\u00e4n klo&hellip;\n","protected":false},"author":2,"featured_media":119928,"comment_status":"","ping_status":"","sticky":false,"template":"","format":"standard","meta":{"footnotes":""},"categories":[5],"tags":[35,22,23,26,27,33,31,30,17,55,24,25,121,28,29,15,18,21,122,54,32,128,19,20,16],"class_list":{"0":"post-119927","1":"post","2":"type-post","3":"status-publish","4":"format-standard","5":"has-post-thumbnail","7":"category-otsikot","8":"tag-24h","9":"tag-breaking-news","10":"tag-breakingnews","11":"tag-featured-news","12":"tag-featurednews","13":"tag-fi","14":"tag-finland","15":"tag-finnish","16":"tag-headlines","17":"tag-lainvalvonta","18":"tag-latest-news","19":"tag-latestnews","20":"tag-liikenne-ja-kuljetus","21":"tag-main-news","22":"tag-mainnews","23":"tag-news","24":"tag-otsikot","25":"tag-paauutiset","26":"tag-pelastaminen","27":"tag-pelastuspalvelut","28":"tag-suomi","29":"tag-tieliikenne","30":"tag-top-stories","31":"tag-topstories","32":"tag-uutiset"},"share_on_mastodon":{"url":"https:\/\/pubeurope.com\/@fi\/115742056739998185","error":""},"_links":{"self":[{"href":"https:\/\/www.europesays.com\/fi\/wp-json\/wp\/v2\/posts\/119927","targetHints":{"allow":["GET"]}}],"collection":[{"href":"https:\/\/www.europesays.com\/fi\/wp-json\/wp\/v2\/posts"}],"about":[{"href":"https:\/\/www.europesays.com\/fi\/wp-json\/wp\/v2\/types\/post"}],"author":[{"embeddable":true,"href":"https:\/\/www.europesays.com\/fi\/wp-json\/wp\/v2\/users\/2"}],"replies":[{"embeddable":true,"href":"https:\/\/www.europesays.com\/fi\/wp-json\/wp\/v2\/comments?post=119927"}],"version-history":[{"count":0,"href":"https:\/\/www.europesays.com\/fi\/wp-json\/wp\/v2\/posts\/119927\/revisions"}],"wp:featuredmedia":[{"embeddable":true,"href":"https:\/\/www.europesays.com\/fi\/wp-json\/wp\/v2\/media\/119928"}],"wp:attachment":[{"href":"https:\/\/www.europesays.com\/fi\/wp-json\/wp\/v2\/media?parent=119927"}],"wp:term":[{"taxonomy":"category","embeddable":true,"href":"https:\/\/www.europesays.com\/fi\/wp-json\/wp\/v2\/categories?post=119927"},{"taxonomy":"post_tag","embeddable":true,"href":"https:\/\/www.europesays.com\/fi\/wp-json\/wp\/v2\/tags?post=119927"}],"curies":[{"name":"wp","href":"https:\/\/api.w.org\/{rel}","templated":true}]}}