{"id":119934,"date":"2025-12-18T19:08:09","date_gmt":"2025-12-18T19:08:09","guid":{"rendered":"https:\/\/www.europesays.com\/fi\/119934\/"},"modified":"2025-12-18T19:08:09","modified_gmt":"2025-12-18T19:08:09","slug":"yhteisarvo-optioineen-yli-kaksi-miljardia-euroa","status":"publish","type":"post","link":"https:\/\/www.europesays.com\/fi\/119934\/","title":{"rendered":"yhteisarvo optioineen yli kaksi miljardia euroa"},"content":{"rendered":"<p>Patrian toimitusjohtajan Esa Rautalingon mukaan sopimukset muodostavat Patrian suurimman yksitt\u00e4isen kaupan.<\/p>\n<p class=\"article-body mb-nof-24 px-nof-16\">STT<\/p>\n<p class=\"article-body mb-nof-24 px-nof-16\">Suomen valtion p\u00e4\u00e4omistama Patria <a class=\"article-genericlink\" href=\"https:\/\/www.patriagroup.com\/newsroom\/news\/2025\/patria-ja-saksa-solmivat-kaksi-sarjasopimusta-cavs-hankkeessa-yhteisarvo-yli-kaksi-miljardia-euroa\" rel=\"nofollow noopener\" target=\"_blank\">kertoi<\/a> torstaina allekirjoittaneensa Saksan valtion kanssa kaksi hankintasopimusta, joiden yhteisarvo optioineen on yli kaksi miljardia euroa.<\/p>\n<p class=\"article-body mb-nof-24 px-nof-16\">Sopimukset sis\u00e4lt\u00e4v\u00e4t yhteens\u00e4 jopa 876 Patrian 6&#215;6-panssariajoneuvoa. Tilattavien ajoneuvojen joukossa on Patrian Nemo-kranaatinheitinj\u00e4rjestelm\u00e4ll\u00e4 sek\u00e4 Kongsbergin RS4 -kauko-ohjattavalla asej\u00e4rjestelm\u00e4ll\u00e4 varustettuja panssariajoneuvoja.<\/p>\n<p class=\"article-body mb-nof-24 px-nof-16\">Patrian toimitusjohtaja <a class=\"article-personlink\" href=\"https:\/\/www.aamulehti.fi\/haku\/?query=Esa%20Rautalinko\" rel=\"nofollow noopener\" target=\"_blank\">Esa Rautalinko<\/a> kertoo tiedotteessa, ett\u00e4 sopimukset muodostavat Patrian suurimman yksitt\u00e4isen kaupan. Kauppa tehd\u00e4\u00e4n yhti\u00f6n johtaman monikansallisen Cavs-ajoneuvohankkeen puitteissa.<\/p>\n<p class=\"article-body mb-nof-24 px-nof-16\">Ensimm\u00e4iset toimitukset on Patrian mukaan suunniteltu vuodelle 2026. Lis\u00e4ksi sopimukset k\u00e4ynnist\u00e4v\u00e4t teknologiasiirron saksalaisille teollisuuskumppaneille, ja ensimm\u00e4iset Saksassa valmistetut ajoneuvot toimitetaan vuonna 2027.<\/p>\n<p class=\"article-body mb-nof-24 px-nof-16\">Patria johtaa panssaroitujen 6&#215;6-ajoneuvojen j\u00e4rjestelm\u00e4n kehityst\u00e4 vuonna 2020 k\u00e4ynnistetyss\u00e4 Cavs-hankkeessa. Yhteishankkeessa ovat Suomen lis\u00e4ksi mukana Ruotsi, Latvia, Tanska, Norja, Saksa ja Britannia. Saksa liittyi hankkeeseen vuonna 2023. Hankkeen ajoneuvoja on k\u00e4yt\u00f6ss\u00e4 my\u00f6s Ukrainassa.<\/p>\n<p>Iceye mukana miljardien j\u00e4rjestelm\u00e4ss\u00e4<\/p>\n<p class=\"article-body mb-nof-24 px-nof-16\">Saksan parlamentti hyv\u00e4ksyi keskiviikkona noin 50 miljardin euron edest\u00e4 uusia ase- ja muita sotilasmateriaalihankintoja.<\/p>\n<p class=\"article-body mb-nof-24 px-nof-16\">Patrian lis\u00e4ksi Saksan j\u00e4ttihankinnoissa on mukana suomalainen avaruusteknologiayritys Iceye. Saksan puolustusministeri\u00f6n julkistamalla <a class=\"article-genericlink\" href=\"https:\/\/www.bmvg.de\/de\/presse\/drittes-jahr-in-folge-rekordwert-25-mio-euro-vorlagen-6053294\" rel=\"nofollow noopener\" target=\"_blank\">hankintalistalla<\/a> on Spock-tutkasatelliittij\u00e4rjestelm\u00e4, jonka Iceye on kehitt\u00e4nyt yhteisty\u00f6ss\u00e4 saksalaisen puolustusalan j\u00e4tin Rheinmetallin kanssa.<\/p>\n<p class=\"article-body mb-nof-24 px-nof-16\">Iceye <a class=\"article-genericlink\" href=\"https:\/\/www.iceye.com\/newsroom\/press-releases\/iceye-and-rheinmetall-win-major-contract-worth-billions-for-space-reconnaissance\" rel=\"nofollow noopener\" target=\"_blank\">kertoi<\/a> torstaina, ett\u00e4 nykyisen sopimuksen arvo on noin 1,7 miljardia euroa. Sopimus on voimassa viisi vuotta. Lis\u00e4ksi sopimuksessa on jatko-optio, mutta Iceye ei tiedotteessa kerro sen arvoa.<\/p>\n<p class=\"article-body mb-nof-24 px-nof-16\">Saksalainen talouslehti Handelsblatt kuitenkin <a class=\"article-genericlink\" href=\"https:\/\/www.handelsblatt.com\/unternehmen\/industrie\/rheinmetall-ruestungskonzern-liefert-bundeswehr-offenbar-satelliten\/100182361.html\" rel=\"nofollow noopener\" target=\"_blank\">kertoi<\/a> aiemmin joulukuussa, ett\u00e4 jos sopimuksen optiot k\u00e4ytet\u00e4\u00e4n aikanaan t\u00e4ysim\u00e4\u00e4r\u00e4isesti, kaupan arvo nousisi jopa yli 2,7 miljardiin euroon.<\/p>\n<p class=\"article-body mb-nof-24 px-nof-16\">Iceyen ja Rheinmetallin yhteisty\u00f6 on kantanut hedelm\u00e4\u00e4 varsin pian alkamisensa j\u00e4lkeen. Yhteisyrityksen perustamisesta kerrottiin vasta toukokuussa. Rheinmetall on yhteisyrityksess\u00e4 p\u00e4\u00e4omistajana 60 prosentin osuudella, ja Iceyen omistusosuus on loput 40 prosenttia osakkeista.<\/p>\n","protected":false},"excerpt":{"rendered":"Patrian toimitusjohtajan Esa Rautalingon mukaan sopimukset muodostavat Patrian suurimman yksitt\u00e4isen kaupan. STT Suomen valtion p\u00e4\u00e4omistama Patria kertoi torstaina&hellip;\n","protected":false},"author":2,"featured_media":119935,"comment_status":"","ping_status":"","sticky":false,"template":"","format":"standard","meta":{"footnotes":""},"categories":[76],"tags":[157,79,77,33,31,30,32,78],"class_list":{"0":"post-119934","1":"post","2":"type-post","3":"status-publish","4":"format-standard","5":"has-post-thumbnail","7":"category-talous","8":"tag-aamulehti","9":"tag-business","10":"tag-economy","11":"tag-fi","12":"tag-finland","13":"tag-finnish","14":"tag-suomi","15":"tag-talous"},"share_on_mastodon":{"url":"https:\/\/pubeurope.com\/@fi\/115742146789523791","error":""},"_links":{"self":[{"href":"https:\/\/www.europesays.com\/fi\/wp-json\/wp\/v2\/posts\/119934","targetHints":{"allow":["GET"]}}],"collection":[{"href":"https:\/\/www.europesays.com\/fi\/wp-json\/wp\/v2\/posts"}],"about":[{"href":"https:\/\/www.europesays.com\/fi\/wp-json\/wp\/v2\/types\/post"}],"author":[{"embeddable":true,"href":"https:\/\/www.europesays.com\/fi\/wp-json\/wp\/v2\/users\/2"}],"replies":[{"embeddable":true,"href":"https:\/\/www.europesays.com\/fi\/wp-json\/wp\/v2\/comments?post=119934"}],"version-history":[{"count":0,"href":"https:\/\/www.europesays.com\/fi\/wp-json\/wp\/v2\/posts\/119934\/revisions"}],"wp:featuredmedia":[{"embeddable":true,"href":"https:\/\/www.europesays.com\/fi\/wp-json\/wp\/v2\/media\/119935"}],"wp:attachment":[{"href":"https:\/\/www.europesays.com\/fi\/wp-json\/wp\/v2\/media?parent=119934"}],"wp:term":[{"taxonomy":"category","embeddable":true,"href":"https:\/\/www.europesays.com\/fi\/wp-json\/wp\/v2\/categories?post=119934"},{"taxonomy":"post_tag","embeddable":true,"href":"https:\/\/www.europesays.com\/fi\/wp-json\/wp\/v2\/tags?post=119934"}],"curies":[{"name":"wp","href":"https:\/\/api.w.org\/{rel}","templated":true}]}}