{"id":119936,"date":"2025-12-18T19:09:07","date_gmt":"2025-12-18T19:09:07","guid":{"rendered":"https:\/\/www.europesays.com\/fi\/119936\/"},"modified":"2025-12-18T19:09:07","modified_gmt":"2025-12-18T19:09:07","slug":"eu-hollentaa-autojen-paastovaatimuksia-trumpin-jaljissa","status":"publish","type":"post","link":"https:\/\/www.europesays.com\/fi\/119936\/","title":{"rendered":"EU h\u00f6llent\u00e4\u00e4 autojen p\u00e4\u00e4st\u00f6vaatimuksia Trumpin j\u00e4ljiss\u00e4"},"content":{"rendered":"<p>EU peesaa Yhdysvaltoja vesitt\u00e4m\u00e4ll\u00e4 p\u00e4\u00e4st\u00f6tavoitteitaan. Ilmasto k\u00e4rsii mutta Kiina kiitt\u00e4\u00e4.<\/p>\n<p class=\"article-body mb-nof-24 px-nof-16\">Yhdysvaltain presidentti <a class=\"article-personlink\" href=\"https:\/\/www.is.fi\/haku\/?query=Donald%20Trump\" rel=\"nofollow noopener\" target=\"_blank\">Donald Trump<\/a> on luonnehtinut ilmaston l\u00e4mpenemist\u00e4 suureksi huijaukseksi.<\/p>\n<p class=\"article-body mb-nof-24 px-nof-16\">Tulkinta on totuuden vastainen, mutta sen perusteella Yhdysvallat on k\u00e4yt\u00e4nn\u00f6ss\u00e4 jo luopunut vihre\u00e4n siirtym\u00e4n tavoittelusta.<\/p>\n<p class=\"article-body mb-nof-24 px-nof-16\">Vihre\u00e4 siirtym\u00e4 viittaa hiilidioksidip\u00e4\u00e4st\u00f6jen v\u00e4hent\u00e4miseen ja energiatalouden t\u00e4ysremonttiin, kuten fossiilisen energian korvaamiseen uusiutuvilla ja v\u00e4h\u00e4p\u00e4\u00e4st\u00f6isill\u00e4 energiamuodoilla.<\/p>\n<p class=\"article-body mb-nof-24 px-nof-16\">Yhdysvallat on toistamiseen irtisanoutunut YK:n Pariisin ilmastosopimuksesta, mink\u00e4 lis\u00e4ksi Trumpin hallinto on lakkauttanut kansallisia puhtaan energian tukiv\u00e4lineit\u00e4, perunut useiden suurten tuuli- ja aurinkoenergiahankkeiden lupia ja sen sijaan edist\u00e4nyt fossiilienergian tuotantoa.<\/p>\n<p class=\"article-body mb-nof-24 px-nof-16\">Yhdysvaltain ilmasto- ja energiapolitiikan t\u00e4ysk\u00e4\u00e4nn\u00f6s on vain yksi Trumpin Euroopan unionille aiheuttamista j\u00e4rkytyksist\u00e4, mutta siit\u00e4kin on jo koitunut harmia.<\/p>\n<p class=\"article-body mb-nof-24 px-nof-16\">EU on lyhyen ajan kuluessa pehmitt\u00e4nyt kunnianhimoisena aiemmin pidettyj\u00e4 p\u00e4\u00e4st\u00f6tavoitteitaan tavalla, jota voi luonnehtia trumpilaisen ilmastopolitiikan peesaamiseksi.<\/p>\n<p class=\"article-body mb-nof-24 px-nof-16\">Yksi huomiota her\u00e4tt\u00e4v\u00e4 osoitus EU:nkin ilmastolinjan lipsumisesta liittyy liikenteen p\u00e4\u00e4st\u00f6ihin \u2013 ja Euroopan taloudelle t\u00e4rke\u00e4\u00e4n autoteollisuuteen.<\/p>\n<p class=\"article-body mb-nof-24 px-nof-16\">EU on velvoittanut autoteollisuutta v\u00e4hent\u00e4m\u00e4\u00e4n uusien autojen hiilidioksidip\u00e4\u00e4st\u00f6t nollaan ja luopumaan polttomoottoreista vuoteen 2035 menness\u00e4, mutta nyt EU:n komissio aikoo h\u00f6llent\u00e4\u00e4 n\u00e4it\u00e4 vaatimuksia.<\/p>\n<p class=\"article-body mb-nof-24 px-nof-16\">Ilmeisesti komission tarkoitus on helpottaa Euroopan autoteollisuuden kannattavuus\u00adongelmia. Esimerkki l\u00f6ytyy Yhdysvalloista, joka ilmoitti syksyll\u00e4 tukevansa omaa polttomoottori\u00adtekniikkaan juuttunutta autoteollisuuttaan.<\/p>\n<p class=\"article-body mb-nof-24 px-nof-16\">Euroopan autoteollisuus onkin pahoissa vaikeuksissa, mutta osaksi ehk\u00e4 omaakin syyt\u00e4\u00e4n hidasteltuaan liian kauan s\u00e4hk\u00f6autotekniikan kehitt\u00e4mist\u00e4 ja tekem\u00e4ll\u00e4 n\u00e4in omilla kotimarkkinoillaan tilaa Kiinan, Etel\u00e4-Korean ja Japanin autoj\u00e4teille.<\/p>\n<blockquote class=\"p-[var(--citation-padding)] m-[var(--citation-margin)] border-y-[length:var(--citation-border-width)] border-y-[color:var(--citation-border-color)]\">\n<p>Lipsumisesta k\u00e4rsiv\u00e4t sek\u00e4 ilmasto ett\u00e4 Euroopan autoteollisuus.<\/p>\n<\/blockquote>\n<p class=\"article-body mb-nof-24 px-nof-16\">Osa Euroopan autoteollisuudesta on jo pitk\u00e4\u00e4n vaatinut helpotuksia liian kovina pit\u00e4miins\u00e4 p\u00e4\u00e4st\u00f6vaatimuksiin, mutta my\u00f6s vaatimusten h\u00f6llent\u00e4minen ja edestakainen s\u00e4\u00e4t\u00e4minen her\u00e4tt\u00e4\u00e4 arvostelua \u2013 ja voi pahentaa alan vaikeuksia.<\/p>\n<p class=\"article-body mb-nof-24 px-nof-16\">Yhdysvaltain fossiilivetoinen energiapolitiikka ohjaa yhdess\u00e4 kohonneiden tuontitullien kanssa Kaukoid\u00e4n isoin askelin kasvavaa ja kehittyv\u00e4\u00e4 s\u00e4hk\u00f6auto\u00adtuotantoa entist\u00e4 kovemmalla paineella Euroopan markkinoille.<\/p>\n<p class=\"article-body mb-nof-24 px-nof-16\">Jos Eurooppa yritt\u00e4\u00e4 vastata kilpailuun h\u00f6llent\u00e4m\u00e4ll\u00e4 p\u00e4\u00e4st\u00f6v\u00e4hennysten vaatimuksia, voi t\u00e4m\u00e4 entisest\u00e4\u00e4n hidastaa eurooppalaisen autoalan uudistumista ja edist\u00e4\u00e4 Kiinan ja muiden aasialaisvalmistajien markkinoiden valtaamista.<\/p>\n<p class=\"article-body mb-nof-24 px-nof-16\">Vaarana on, ett\u00e4 lipsumisesta k\u00e4rsiv\u00e4t sek\u00e4 ilmasto ett\u00e4 Euroopan autoteollisuus. Ja ett\u00e4 l\u00e4hinn\u00e4 Kiina hy\u00f6tyy.<\/p>\n","protected":false},"excerpt":{"rendered":"EU peesaa Yhdysvaltoja vesitt\u00e4m\u00e4ll\u00e4 p\u00e4\u00e4st\u00f6tavoitteitaan. Ilmasto k\u00e4rsii mutta Kiina kiitt\u00e4\u00e4. Yhdysvaltain presidentti Donald Trump on luonnehtinut ilmaston l\u00e4mpenemist\u00e4&hellip;\n","protected":false},"author":2,"featured_media":119937,"comment_status":"","ping_status":"","sticky":false,"template":"","format":"standard","meta":{"footnotes":""},"categories":[14],"tags":[22,23,26,27,33,31,30,17,34,24,25,28,29,15,18,21,32,19,20,56,16,59,60,61],"class_list":{"0":"post-119936","1":"post","2":"type-post","3":"status-publish","4":"format-standard","5":"has-post-thumbnail","7":"category-ulkomaat","8":"tag-breaking-news","9":"tag-breakingnews","10":"tag-featured-news","11":"tag-featurednews","12":"tag-fi","13":"tag-finland","14":"tag-finnish","15":"tag-headlines","16":"tag-ilta-sanomat","17":"tag-latest-news","18":"tag-latestnews","19":"tag-main-news","20":"tag-mainnews","21":"tag-news","22":"tag-otsikot","23":"tag-paauutiset","24":"tag-suomi","25":"tag-top-stories","26":"tag-topstories","27":"tag-ulkomaat","28":"tag-uutiset","29":"tag-world","30":"tag-world-news","31":"tag-worldnews"},"share_on_mastodon":{"url":"https:\/\/pubeurope.com\/@fi\/115742151039658307","error":""},"_links":{"self":[{"href":"https:\/\/www.europesays.com\/fi\/wp-json\/wp\/v2\/posts\/119936","targetHints":{"allow":["GET"]}}],"collection":[{"href":"https:\/\/www.europesays.com\/fi\/wp-json\/wp\/v2\/posts"}],"about":[{"href":"https:\/\/www.europesays.com\/fi\/wp-json\/wp\/v2\/types\/post"}],"author":[{"embeddable":true,"href":"https:\/\/www.europesays.com\/fi\/wp-json\/wp\/v2\/users\/2"}],"replies":[{"embeddable":true,"href":"https:\/\/www.europesays.com\/fi\/wp-json\/wp\/v2\/comments?post=119936"}],"version-history":[{"count":0,"href":"https:\/\/www.europesays.com\/fi\/wp-json\/wp\/v2\/posts\/119936\/revisions"}],"wp:featuredmedia":[{"embeddable":true,"href":"https:\/\/www.europesays.com\/fi\/wp-json\/wp\/v2\/media\/119937"}],"wp:attachment":[{"href":"https:\/\/www.europesays.com\/fi\/wp-json\/wp\/v2\/media?parent=119936"}],"wp:term":[{"taxonomy":"category","embeddable":true,"href":"https:\/\/www.europesays.com\/fi\/wp-json\/wp\/v2\/categories?post=119936"},{"taxonomy":"post_tag","embeddable":true,"href":"https:\/\/www.europesays.com\/fi\/wp-json\/wp\/v2\/tags?post=119936"}],"curies":[{"name":"wp","href":"https:\/\/api.w.org\/{rel}","templated":true}]}}