{"id":119938,"date":"2025-12-18T19:10:09","date_gmt":"2025-12-18T19:10:09","guid":{"rendered":"https:\/\/www.europesays.com\/fi\/119938\/"},"modified":"2025-12-18T19:10:09","modified_gmt":"2025-12-18T19:10:09","slug":"analyysi-perussuomalaiset-havahtui-rasismiin-vasta-kansainvalisen-huomion-myota-politiikka","status":"publish","type":"post","link":"https:\/\/www.europesays.com\/fi\/119938\/","title":{"rendered":"Analyysi: Perus\u00adsuomalaiset havahtui rasismiin vasta kansainv\u00e4lisen huomion my\u00f6t\u00e4 | Politiikka"},"content":{"rendered":"<p class=\"aw-1gybjub aw-5vja16 kEtdKx kmuxyA yle__article__paragraph\">Kansanedustajia rangaistiin rasistisista kuvista, mutta se ei tarkoita, ett\u00e4 ongelman ydin olisi ratkaistu, kirjoittaa politiikan toimittaja Salla Jantunen.<\/p>\n<p><img decoding=\"async\" alt=\"Juho Eerola ja Kaisa Garedew median haastateltavana.\" src=\"https:\/\/www.europesays.com\/fi\/wp-content\/uploads\/2025\/12\/39-157205469440d7131374.jpeg\" class=\"aw-1l9m598 hKVVvP\"\/><\/p>\n<p>Avaa kuvien katselu<\/p>\n<p>Kansanedustajat Juho Eerola (ps.) ja Kaisa Garedew (ps.) pyysiv\u00e4t anteeksi niilt\u00e4, joita olivat kuvillaan loukanneet. Perussuomalaisten ryhm\u00e4johtaja Jani M\u00e4kel\u00e4 sanoi kantavansa vastuun asiassa. Kuva: Markku Ulander \/ Lehtikuva<img decoding=\"async\" alt=\"YLE:n toimittaja Salla Jantunen seisoo vihert\u00e4v\u00e4n sein\u00e4m\u00e4n edess\u00e4 kameran katsoen .\" src=\"https:\/\/www.europesays.com\/fi\/wp-content\/uploads\/2025\/12\/39-157221369443594080a9.jpeg\" class=\"aw-1l9m598 hKVVvP\"\/><\/p>\n<p class=\"aw-1gybjub aw-1p7kakr kEtdKx cEmitX yle__article__paragraph\">Usein pilke silm\u00e4kulmassa median edess\u00e4 esiintyv\u00e4 perussuomalaisen eduskuntaryhm\u00e4n puheenjohtaja <strong class=\"aw-ak79eh KyCXm yle__article__strong\">Jani M\u00e4kel\u00e4<\/strong> astui torstaina kameroiden eteen varsin vakavana.<\/p>\n<p class=\"aw-1gybjub aw-1p7kakr kEtdKx cEmitX yle__article__paragraph\">M\u00e4kel\u00e4 kertoi medialle, ett\u00e4 eduskuntaryhm\u00e4 oli p\u00e4\u00e4tt\u00e4nyt antaa silmi\u00e4\u00e4n venytt\u00e4neille <strong class=\"aw-ak79eh KyCXm yle__article__strong\">Juho Eerolalle<\/strong> ja <strong class=\"aw-ak79eh KyCXm yle__article__strong\">Kaisa Garedewille<\/strong> vakavat huomautukset.<\/p>\n<p class=\"aw-1gybjub aw-1p7kakr kEtdKx cEmitX yle__article__paragraph\">Ryhm\u00e4n mukaan kuvia ei olisi tullut julkaista. Ryhmyri-M\u00e4kel\u00e4lt\u00e4 ei saatu tiedotustilaisuudessa tiristetty\u00e4 ulos sit\u00e4, pit\u00e4\u00e4k\u00f6 h\u00e4n itse kuvia rasistisina.<\/p>\n<p class=\"aw-1gybjub aw-1p7kakr kEtdKx cEmitX yle__article__paragraph\">\u2013 K\u00e4ytiin ryhm\u00e4kokouksessa pitk\u00e4 ja vakava keskustelu. Saatiin paljon palautetta. Ymm\u00e4rsin jo seuraavana p\u00e4iv\u00e4n\u00e4 kuvan julkaisun j\u00e4lkeen, ett\u00e4 oli virhe, ett\u00e4 se tuli julkaistua. Ei ole muuta sanottavaa kuin se, ett\u00e4 pyyd\u00e4n anteeksi kaikilta heilt\u00e4, joita vastaan olen rikkonut, Eerola totesi.<\/p>\n<p class=\"aw-1gybjub aw-1p7kakr kEtdKx cEmitX yle__article__paragraph\">\u2013 Halusin tukea missi\u00e4 ja p\u00e4ivitykseni tarkoitus ei ollut mill\u00e4\u00e4n tavalla olla rasistinen. Siksi nyt pyyd\u00e4n anteeksi niilt\u00e4, joita olen loukannut. Se ei ollut mill\u00e4\u00e4n tavalla tarkoitukseni, Garedew sanoi.<\/p>\n<p class=\"aw-1gybjub aw-1p7kakr kEtdKx cEmitX yle__article__paragraph\"><a class=\"aw-iao6s4 iHOxEa yle__article__link\" href=\"https:\/\/yle.fi\/a\/74-20199397\" role=\"link\" rel=\"nofollow noopener\" target=\"_blank\">Eerola oli pyyt\u00e4nyt anteeksi<\/a> jo aiemmin. Garedew sen sijaan <a class=\"aw-iao6s4 iHOxEa yle__article__link\" href=\"https:\/\/www.iltalehti.fi\/politiikka\/a\/01a36ed2-f3f7-41ce-96ba-ac669fe35de5\" role=\"link\" rel=\"nofollow noopener\" target=\"_blank\">totesi viel\u00e4 eilen<\/a>, ettei tied\u00e4, mit\u00e4 pit\u00e4isi pyyt\u00e4\u00e4 anteeksi. Kokouksessa syy oli ilmeisesti selvinnyt.<\/p>\n<p>Kansainv\u00e4linen huomio pakotti toimimaan<\/p>\n<p class=\"aw-1gybjub aw-1p7kakr kEtdKx cEmitX yle__article__paragraph\">N\u00e4ytt\u00e4\u00e4 silt\u00e4, ett\u00e4 perussuomalaisissa tapaus alettiin ottaa vakavasti vasta sitten, kun kohu sai kansainv\u00e4lisen mittakaavan. Sama on toki toistunut jo aiemminkin.<\/p>\n<p class=\"aw-1gybjub aw-1p7kakr kEtdKx cEmitX yle__article__paragraph\">Kansainv\u00e4list\u00e4kin huomiota saaneeseen kohuun kompastui my\u00f6s silloinen elinkeinoministeri <strong class=\"aw-ak79eh KyCXm yle__article__strong\">Vilhelm Junnila<\/strong> (ps.) hallituksen ensimm\u00e4isess\u00e4 niin sanotussa <a class=\"aw-iao6s4 iHOxEa yle__article__link\" href=\"https:\/\/yle.fi\/a\/74-20039234\" role=\"link\" rel=\"nofollow noopener\" target=\"_blank\">rasismikohussa kes\u00e4ll\u00e4 2023<\/a>.<\/p>\n<p class=\"aw-1gybjub aw-1p7kakr kEtdKx cEmitX yle__article__paragraph\">Junnilan yhteydet \u00e4\u00e4rioikeistoon ja natsisymboleilla vitsailu nousivat <a class=\"aw-iao6s4 iHOxEa yle__article__link\" href=\"https:\/\/yle.fi\/a\/74-20038790\" role=\"link\" rel=\"nofollow noopener\" target=\"_blank\">kansainv\u00e4lisiin uutisiin ainakin Euroopassa ja Israelissa<\/a>. \u201dVitsit\u201d eiv\u00e4t naurattaneet maailmalla.<\/p>\n<p class=\"aw-1gybjub aw-1p7kakr kEtdKx cEmitX yle__article__paragraph\">Junnilan lyhyt kujanjuoksu p\u00e4\u00e4ttyi eroon elinkeinoministerin teht\u00e4v\u00e4st\u00e4. H\u00e4n perusteli eroaan hallituksen jatkolla ja Suomen maineen vaalimisella.<\/p>\n<p class=\"aw-1gybjub aw-1p7kakr kEtdKx cEmitX yle__article__paragraph\">Samana kes\u00e4n\u00e4 kotimaisessa ja kansainv\u00e4lisess\u00e4 julkisuudessa k\u00e4siteltiin my\u00f6s valtiovarainministeri <a class=\"aw-iao6s4 iHOxEa yle__article__link\" href=\"https:\/\/yle.fi\/a\/74-20040693\" role=\"link\" rel=\"nofollow noopener\" target=\"_blank\"><strong class=\"aw-ak79eh KyCXm yle__article__strong\">Riikka Purran<\/strong> (ps.) menneit\u00e4 blogikirjoituksia<\/a>.<\/p>\n<p class=\"aw-1gybjub aw-1p7kakr kEtdKx cEmitX yle__article__paragraph\">Kes\u00e4n kohujen seurauksena hallitus antoi <a class=\"aw-iao6s4 iHOxEa yle__article__link\" href=\"https:\/\/yle.fi\/a\/74-20047751\" role=\"link\" rel=\"nofollow noopener\" target=\"_blank\">tiedonannon yhdenvertaisuuden, tasa-arvon ja syrjim\u00e4tt\u00f6myyden edist\u00e4misest\u00e4 suomalaisessa yhteiskunnassa<\/a>, josta johdettujen pelis\u00e4\u00e4nt\u00f6jen perusteella Eerola ja Garedew saivat rasistisista kuvistaan t\u00e4n\u00e4\u00e4n vakavat huomautukset.<\/p>\n<p class=\"aw-1gybjub aw-1p7kakr kEtdKx cEmitX yle__article__paragraph\">Aivan toinen kysymys on se, ett\u00e4 t\u00e4ytyyk\u00f6 rasismista \u2013 tahallisesta tai tahattomasta \u2013 todella koitua seurauksia kuten mainehaittaa tai mahdollisia s\u00e4r\u00f6j\u00e4 kauppasuhteisiin ennen kuin siihen l\u00e4hdet\u00e4\u00e4n vakavissaan puuttumaan tai sit\u00e4 pidet\u00e4\u00e4n tuomittavana.<\/p>\n<p class=\"aw-1gybjub aw-1p7kakr kEtdKx cEmitX yle__article__paragraph\">T\u00e4st\u00e4 pohdinnasta ollaan kuitenkin valovuosien p\u00e4\u00e4ss\u00e4 niin kauan, kun hallituksessa on puolue, jonka edustajille rasististen ja ei-rasististen tekojen ja puheiden ero on ep\u00e4selv\u00e4 tai joille rasismilla flirttailu on viihdett\u00e4 ja meemej\u00e4.<\/p>\n<p>Hallitus n\u00e4ytt\u00e4\u00e4 selvi\u00e4v\u00e4n kohusta<\/p>\n<p class=\"aw-1gybjub aw-1p7kakr kEtdKx cEmitX yle__article__paragraph\">Kohun voi n\u00e4hd\u00e4 er\u00e4\u00e4nlaisena tulikokeena hallituksen <a class=\"aw-iao6s4 iHOxEa yle__article__link\" href=\"https:\/\/yle.fi\/a\/74-20180805\" role=\"link\" rel=\"nofollow noopener\" target=\"_blank\">syksyn budjettiriihen yhteydess\u00e4 laaditulle \u201dsovittelumekanismille\u201d<\/a> rasismikohujen ratkaisemiseksi.<\/p>\n<p class=\"aw-1gybjub aw-1p7kakr kEtdKx cEmitX yle__article__paragraph\">Mekanismille kimmokkeen antoivat puolueen varapuheenjohtajan <a class=\"aw-iao6s4 iHOxEa yle__article__link\" href=\"https:\/\/yle.fi\/a\/74-20179747\" role=\"link\" rel=\"nofollow noopener\" target=\"_blank\"><strong class=\"aw-ak79eh KyCXm yle__article__strong\">Teemu Keskisarjan<\/strong> taannoiset rasistiset puheet Ylen A-studiossa<\/a>.<\/p>\n<p class=\"aw-1gybjub aw-1p7kakr kEtdKx cEmitX yle__article__paragraph\">Tavallaan homma meni nyt pelikirjan mukaan. Perussuomalaiset rankaisi edustajiaan, eli toimi kuten hallituksessa syksyll\u00e4 sovittiin.<\/p>\n<p class=\"aw-1gybjub aw-1p7kakr kEtdKx cEmitX yle__article__paragraph\">P\u00e4\u00e4ministeripuolue kokoomuksen eduskuntaryhm\u00e4n puheenjohtaja <strong class=\"aw-ak79eh KyCXm yle__article__strong\">Jukka Kopra<\/strong> sanoi, ett\u00e4 puolue on p\u00e4\u00e4t\u00f6kseen tyytyv\u00e4inen ja asia on kokoomuksen puolesta nyt loppuunk\u00e4sitelty. Kopra puolusteli perussuomalaisia my\u00f6s p\u00e4iv\u00e4n kyselytunnilla.<\/p>\n<p class=\"aw-1gybjub aw-1p7kakr kEtdKx cEmitX yle__article__paragraph\">Mekanismia ei olisi kuitenkaan tarvittu, jos perussuomalaiset eiv\u00e4t olisi alkujaankaan toimineet vastoin sit\u00e4, mit\u00e4 hallituksessa on sovittu eli julkaisseet rasistisia kuvia.<\/p>\n<p class=\"aw-1gybjub aw-1p7kakr kEtdKx cEmitX yle__article__paragraph\">Vaikka nyt n\u00e4ytt\u00e4\u00e4 silt\u00e4, ett\u00e4 asia otettiin lopulta vakavasti, ei t\u00e4m\u00e4n kohun k\u00e4sittely luonut sellaisia esteit\u00e4, etteik\u00f6 rasismi voisi olla hallituksen k\u00e4sittelyss\u00e4 jatkossakin.<\/p>\n<p class=\"aw-1gybjub aw-1p7kakr kEtdKx cEmitX yle__article__paragraph\"><a class=\"aw-iao6s4 iHOxEa yle__article__link\" href=\"https:\/\/yle.fi\/a\/74-20200625\" role=\"link\" rel=\"nofollow noopener\" target=\"_blank\">Oppositio ei my\u00f6s aio p\u00e4\u00e4st\u00e4\u00e4<\/a> hallitusta helpolla asian kanssa.<\/p>\n","protected":false},"excerpt":{"rendered":"Kansanedustajia rangaistiin rasistisista kuvista, mutta se ei tarkoita, ett\u00e4 ongelman ydin olisi ratkaistu, kirjoittaa politiikan toimittaja Salla Jantunen.&hellip;\n","protected":false},"author":2,"featured_media":119939,"comment_status":"","ping_status":"","sticky":false,"template":"","format":"standard","meta":{"footnotes":""},"categories":[12],"tags":[22,23,26,27,33,31,30,17,24,25,28,29,15,1871,18,21,49,637,4839,887,32,19,20,16],"class_list":{"0":"post-119938","1":"post","2":"type-post","3":"status-publish","4":"format-standard","5":"has-post-thumbnail","7":"category-suomi","8":"tag-breaking-news","9":"tag-breakingnews","10":"tag-featured-news","11":"tag-featurednews","12":"tag-fi","13":"tag-finland","14":"tag-finnish","15":"tag-headlines","16":"tag-latest-news","17":"tag-latestnews","18":"tag-main-news","19":"tag-mainnews","20":"tag-news","21":"tag-orpon-hallitus","22":"tag-otsikot","23":"tag-paauutiset","24":"tag-perussuomalaiset","25":"tag-politiikka","26":"tag-rasismi","27":"tag-suomen-politiikka","28":"tag-suomi","29":"tag-top-stories","30":"tag-topstories","31":"tag-uutiset"},"share_on_mastodon":{"url":"https:\/\/pubeurope.com\/@fi\/115742155125202528","error":""},"_links":{"self":[{"href":"https:\/\/www.europesays.com\/fi\/wp-json\/wp\/v2\/posts\/119938","targetHints":{"allow":["GET"]}}],"collection":[{"href":"https:\/\/www.europesays.com\/fi\/wp-json\/wp\/v2\/posts"}],"about":[{"href":"https:\/\/www.europesays.com\/fi\/wp-json\/wp\/v2\/types\/post"}],"author":[{"embeddable":true,"href":"https:\/\/www.europesays.com\/fi\/wp-json\/wp\/v2\/users\/2"}],"replies":[{"embeddable":true,"href":"https:\/\/www.europesays.com\/fi\/wp-json\/wp\/v2\/comments?post=119938"}],"version-history":[{"count":0,"href":"https:\/\/www.europesays.com\/fi\/wp-json\/wp\/v2\/posts\/119938\/revisions"}],"wp:featuredmedia":[{"embeddable":true,"href":"https:\/\/www.europesays.com\/fi\/wp-json\/wp\/v2\/media\/119939"}],"wp:attachment":[{"href":"https:\/\/www.europesays.com\/fi\/wp-json\/wp\/v2\/media?parent=119938"}],"wp:term":[{"taxonomy":"category","embeddable":true,"href":"https:\/\/www.europesays.com\/fi\/wp-json\/wp\/v2\/categories?post=119938"},{"taxonomy":"post_tag","embeddable":true,"href":"https:\/\/www.europesays.com\/fi\/wp-json\/wp\/v2\/tags?post=119938"}],"curies":[{"name":"wp","href":"https:\/\/api.w.org\/{rel}","templated":true}]}}