{"id":119940,"date":"2025-12-18T19:11:08","date_gmt":"2025-12-18T19:11:08","guid":{"rendered":"https:\/\/www.europesays.com\/fi\/119940\/"},"modified":"2025-12-18T19:11:08","modified_gmt":"2025-12-18T19:11:08","slug":"kenkamiljonaari-osti-juuso-waldenin-entisen-edustushuvilan-valkeakoskella","status":"publish","type":"post","link":"https:\/\/www.europesays.com\/fi\/119940\/","title":{"rendered":"Kenk\u00e4miljon\u00e4\u00e4ri osti Juuso Waldenin entisen edustus\u00adhuvilan Valkeakoskella"},"content":{"rendered":"<p>Antink\u00e4rki-nimisen edustustalon ostaja oli Pirkanmaan nelj\u00e4nneksi kovatuloisin henkil\u00f6 vuonna 2023.<\/p>\n<p class=\"article-body mb-nof-24 px-nof-16\">Valkeakosken Antinniemess\u00e4 sijaitseva legendaarisen teollisuuspatruuna <a class=\"article-personlink\" href=\"https:\/\/www.aamulehti.fi\/haku\/?query=Juuso%20Waldenin\" rel=\"nofollow noopener\" target=\"_blank\">Juuso Waldenin<\/a> (1907\u20131972) entinen edustusasunto Antink\u00e4rki on myyty.<\/p>\n<p class=\"article-body mb-nof-24 px-nof-16\">T\u00e4m\u00e4 on jo toinen kerta, kun Antink\u00e4rki myyd\u00e4\u00e4n 2020-luvulla. Ensimm\u00e4ist\u00e4 kertaa huvila myytiin vuonna 2021, jolloin UPM-Kymmene myi Antink\u00e4rjen Thaimaassa ja Suomessa asuvalle yritt\u00e4j\u00e4lle <a class=\"article-personlink\" href=\"https:\/\/www.aamulehti.fi\/haku\/?query=Juha%20Timoselle\" rel=\"nofollow noopener\" target=\"_blank\">Juha Timoselle<\/a>.<\/p>\n","protected":false},"excerpt":{"rendered":"Antink\u00e4rki-nimisen edustustalon ostaja oli Pirkanmaan nelj\u00e4nneksi kovatuloisin henkil\u00f6 vuonna 2023. Valkeakosken Antinniemess\u00e4 sijaitseva legendaarisen teollisuuspatruuna Juuso Waldenin (1907\u20131972)&hellip;\n","protected":false},"author":2,"featured_media":119941,"comment_status":"","ping_status":"","sticky":false,"template":"","format":"standard","meta":{"footnotes":""},"categories":[5],"tags":[157,22,23,26,27,33,31,30,17,24,25,28,29,15,18,21,32,19,20,16],"class_list":{"0":"post-119940","1":"post","2":"type-post","3":"status-publish","4":"format-standard","5":"has-post-thumbnail","7":"category-otsikot","8":"tag-aamulehti","9":"tag-breaking-news","10":"tag-breakingnews","11":"tag-featured-news","12":"tag-featurednews","13":"tag-fi","14":"tag-finland","15":"tag-finnish","16":"tag-headlines","17":"tag-latest-news","18":"tag-latestnews","19":"tag-main-news","20":"tag-mainnews","21":"tag-news","22":"tag-otsikot","23":"tag-paauutiset","24":"tag-suomi","25":"tag-top-stories","26":"tag-topstories","27":"tag-uutiset"},"share_on_mastodon":{"url":"https:\/\/pubeurope.com\/@fi\/115742158566587973","error":""},"_links":{"self":[{"href":"https:\/\/www.europesays.com\/fi\/wp-json\/wp\/v2\/posts\/119940","targetHints":{"allow":["GET"]}}],"collection":[{"href":"https:\/\/www.europesays.com\/fi\/wp-json\/wp\/v2\/posts"}],"about":[{"href":"https:\/\/www.europesays.com\/fi\/wp-json\/wp\/v2\/types\/post"}],"author":[{"embeddable":true,"href":"https:\/\/www.europesays.com\/fi\/wp-json\/wp\/v2\/users\/2"}],"replies":[{"embeddable":true,"href":"https:\/\/www.europesays.com\/fi\/wp-json\/wp\/v2\/comments?post=119940"}],"version-history":[{"count":0,"href":"https:\/\/www.europesays.com\/fi\/wp-json\/wp\/v2\/posts\/119940\/revisions"}],"wp:featuredmedia":[{"embeddable":true,"href":"https:\/\/www.europesays.com\/fi\/wp-json\/wp\/v2\/media\/119941"}],"wp:attachment":[{"href":"https:\/\/www.europesays.com\/fi\/wp-json\/wp\/v2\/media?parent=119940"}],"wp:term":[{"taxonomy":"category","embeddable":true,"href":"https:\/\/www.europesays.com\/fi\/wp-json\/wp\/v2\/categories?post=119940"},{"taxonomy":"post_tag","embeddable":true,"href":"https:\/\/www.europesays.com\/fi\/wp-json\/wp\/v2\/tags?post=119940"}],"curies":[{"name":"wp","href":"https:\/\/api.w.org\/{rel}","templated":true}]}}