{"id":119942,"date":"2025-12-18T19:23:10","date_gmt":"2025-12-18T19:23:10","guid":{"rendered":"https:\/\/www.europesays.com\/fi\/119942\/"},"modified":"2025-12-18T19:23:10","modified_gmt":"2025-12-18T19:23:10","slug":"elvis-presleyn-lapsenlapsenlapsi-on-john-travoltan-lapsen-aiti","status":"publish","type":"post","link":"https:\/\/www.europesays.com\/fi\/119942\/","title":{"rendered":"Elvis Presleyn lapsenlapsenlapsi on John Travoltan lapsen \u00e4iti"},"content":{"rendered":"<p>V\u00e4itteiden taustalla on meneill\u00e4\u00e4n oleva oikeustaisto.<\/p>\n<p><img decoding=\"async\" class=\"image image-show image-preview\" src=\"https:\/\/www.europesays.com\/fi\/wp-content\/uploads\/2025\/12\/1ae1893822b8a9db21a3825573b230d1e7440b809dff78de4db43f0acee789d6.png\" alt=\"\"\/><img decoding=\"async\" class=\"image image-show\" src=\"https:\/\/www.europesays.com\/fi\/wp-content\/uploads\/2025\/12\/1766085790_34_1ae1893822b8a9db21a3825573b230d1e7440b809dff78de4db43f0acee789d6.png\" alt=\"\"\/><\/p>\n<p>Elvis Presleyn lapsenlapsenlapsesta liikkuu huhuja. AOP<\/p>\n<p class=\"paragraph\">Useat uutismediat kertovat, ett\u00e4 rockt\u00e4hti <a href=\"https:\/\/www.iltalehti.fi\/henkilot\/Elvis Presley\" class=\"article-link-person-page\" rel=\"nofollow noopener\" target=\"_blank\">Elvis Presleyll\u00e4<\/a> saattaa olla tunnustamaton lapsenlapsenlapsi.<\/p>\n<p class=\"paragraph\">Asiasta kertovat esimerkiksi <a href=\"https:\/\/www.mirror.co.uk\/news\/us-news\/bombshell-claim-john-travoltas-son-36418647\" rel=\"noopener nofollow\" target=\"_blank\">Mirror<\/a> ja <a href=\"https:\/\/people.com\/riley-keough-allegedly-donated-eggs-to-john-travolta-kelly-preston-for-son-ben-11871637\" rel=\"noopener nofollow\" target=\"_blank\">People<\/a>.<\/p>\n<p class=\"paragraph\">Kaiken takana on meneill\u00e4\u00e4n oleva oikeustaisto, jonka osapuolina ovat Elvis Presleyn ex-kumppani <a href=\"https:\/\/www.iltalehti.fi\/henkilot\/Priscilla Presley\" class=\"article-link-person-page\" rel=\"nofollow noopener\" target=\"_blank\">Priscilla Presleyn<\/a> entiset liikekumppanit sek\u00e4 Priscilla Presleyn poika <strong>Navarone Garcia<\/strong>.<\/p>\n<p class=\"paragraph\">Oikeusasiakirjojen mukaan Elviksen ja Priscillan tytt\u00e4ren <a href=\"https:\/\/www.iltalehti.fi\/henkilot\/Lisa Marie Presley\" class=\"article-link-person-page\" rel=\"nofollow noopener\" target=\"_blank\">Lisa Marie Presley<\/a> kuoltua vuonna 2023 t\u00e4m\u00e4n entinen aviomies <a href=\"https:\/\/www.iltalehti.fi\/henkilot\/Michael Lockwood\" class=\"article-link-person-page\" rel=\"nofollow noopener\" target=\"_blank\">Michael Lockwood<\/a> kertoi Priscillan entiselle liikekumppanille v\u00e4itteen, joka koski n\u00e4yttelij\u00e4 <a href=\"https:\/\/www.iltalehti.fi\/henkilot\/John Travolta\" class=\"article-link-person-page\" rel=\"nofollow noopener\" target=\"_blank\">John Travoltaa<\/a> ja t\u00e4m\u00e4n vaimoa <a href=\"https:\/\/www.iltalehti.fi\/henkilot\/Kelly Preston\" class=\"article-link-person-page\" rel=\"nofollow noopener\" target=\"_blank\">Kelly Prestonia<\/a>. Lockwood v\u00e4itti, ettei Preston kyennyt tulemaan raskaaksi en\u00e4\u00e4 ja ett\u00e4 pariskunta olisi turvautunut aluksi Lisa Marien munasoluihin.<\/p>\n<p class=\"paragraph\">Oikeusasiakirjojen mukaan Lockwood v\u00e4itti Travoltan sanoneen, etteiv\u00e4t he halua en\u00e4\u00e4 Lisa Marien munasoluja, koska niiss\u00e4 oli v\u00e4itteen mukaan heroiinia.<\/p>\n<p class=\"paragraph\">T\u00e4ss\u00e4 kohtaa kuvioon astuu mukaan Lisa Marie Presleyn tyt\u00e4r <a href=\"https:\/\/www.iltalehti.fi\/henkilot\/Riley Keough\" class=\"article-link-person-page\" rel=\"nofollow noopener\" target=\"_blank\">Riley Keough<\/a><\/p>\n<p class=\"paragraph\">V\u00e4itteiden mukaan Travoltan nuorin, vuonna 2010 syntynyt poika <strong>Benjamin<\/strong> olisi syntynyt Elviksen ja Priscillan tytt\u00e4rentytt\u00e4ren Riley Keoughin munasoluilla.<\/p>\n<p class=\"paragraph\"><a href=\"https:\/\/www.dailymail.co.uk\/tvshowbiz\/article-15394925\/Elvis-wife-Priscilla-Presley-hits-outrageous-unethical-allegation-granddaughter-Riley-Keough-36-biological-mother-John-Travoltas-youngest-son-15.html\" rel=\"noopener nofollow\" target=\"_blank\">Daily Mailin<\/a> mukaan Priscilla Presley on kiist\u00e4nyt v\u00e4itteet siit\u00e4, ett\u00e4 Travoltan poika olisi syntynyt Keoughin munasoluilla.<\/p>\n","protected":false},"excerpt":{"rendered":"V\u00e4itteiden taustalla on meneill\u00e4\u00e4n oleva oikeustaisto. Elvis Presleyn lapsenlapsenlapsesta liikkuu huhuja. AOP Useat uutismediat kertovat, ett\u00e4 rockt\u00e4hti Elvis&hellip;\n","protected":false},"author":2,"featured_media":119943,"comment_status":"","ping_status":"","sticky":false,"template":"","format":"standard","meta":{"footnotes":""},"categories":[136],"tags":[35,138,407,137,33,31,30,408,99,47,141,98,32,109],"class_list":{"0":"post-119942","1":"post","2":"type-post","3":"status-publish","4":"format-standard","5":"has-post-thumbnail","7":"category-julkkikset","8":"tag-24h","9":"tag-audio","10":"tag-celebrities","11":"tag-entertainment","12":"tag-fi","13":"tag-finland","14":"tag-finnish","15":"tag-julkkikset","16":"tag-lapset","17":"tag-musiikki","18":"tag-muusikot-bandit","19":"tag-perhe","20":"tag-suomi","21":"tag-viihde"},"share_on_mastodon":{"url":"https:\/\/pubeurope.com\/@fi\/115742205955006412","error":""},"_links":{"self":[{"href":"https:\/\/www.europesays.com\/fi\/wp-json\/wp\/v2\/posts\/119942","targetHints":{"allow":["GET"]}}],"collection":[{"href":"https:\/\/www.europesays.com\/fi\/wp-json\/wp\/v2\/posts"}],"about":[{"href":"https:\/\/www.europesays.com\/fi\/wp-json\/wp\/v2\/types\/post"}],"author":[{"embeddable":true,"href":"https:\/\/www.europesays.com\/fi\/wp-json\/wp\/v2\/users\/2"}],"replies":[{"embeddable":true,"href":"https:\/\/www.europesays.com\/fi\/wp-json\/wp\/v2\/comments?post=119942"}],"version-history":[{"count":0,"href":"https:\/\/www.europesays.com\/fi\/wp-json\/wp\/v2\/posts\/119942\/revisions"}],"wp:featuredmedia":[{"embeddable":true,"href":"https:\/\/www.europesays.com\/fi\/wp-json\/wp\/v2\/media\/119943"}],"wp:attachment":[{"href":"https:\/\/www.europesays.com\/fi\/wp-json\/wp\/v2\/media?parent=119942"}],"wp:term":[{"taxonomy":"category","embeddable":true,"href":"https:\/\/www.europesays.com\/fi\/wp-json\/wp\/v2\/categories?post=119942"},{"taxonomy":"post_tag","embeddable":true,"href":"https:\/\/www.europesays.com\/fi\/wp-json\/wp\/v2\/tags?post=119942"}],"curies":[{"name":"wp","href":"https:\/\/api.w.org\/{rel}","templated":true}]}}