{"id":119947,"date":"2025-12-18T19:31:09","date_gmt":"2025-12-18T19:31:09","guid":{"rendered":"https:\/\/www.europesays.com\/fi\/119947\/"},"modified":"2025-12-18T19:31:09","modified_gmt":"2025-12-18T19:31:09","slug":"hjallis-harkimo-taipuu-julkkiskaunottaren-kanssa-katso-video","status":"publish","type":"post","link":"https:\/\/www.europesays.com\/fi\/119947\/","title":{"rendered":"Hjallis Harkimo taipuu julkkiskaunottaren kanssa &#8211; Katso video!"},"content":{"rendered":"<p>\n            20250203 HELSINKI. MAGNUM-LIVE. Hjallis Harkimo. KUVA: ATTE KAJOVA<br \/>\n            ATTE KAJOVA\n        <\/p>\n<p class=\"subtitle \">N\u00e4yttelij\u00e4 sai Hjalliksen taipumaan.<\/p>\n<p class=\"article-content article-content-width !bg-background\"> tunnetaan muun muassa poliitikkona ja liikemiehen\u00e4. Jotkut muistavat my\u00f6s vuonna 2011 alkaneen Hjalliksen kanssa -talkshow&#8217;n, jota mies luotsasi Maikkarilla.<\/p>\n<p class=\"article-content article-content-width !bg-background\">Nyt Hjallis juontaa saman nimist\u00e4 ohjelmaa Alfa tv:ll\u00e4 sek\u00e4 omalla <a href=\"https:\/\/www.youtube.com\/@hjallis8694\" aria-label=\"Hjalliksen Youtube-kanava\" target=\"_blank\" rel=\"nofollow noopener\">Youtube-kanavallaan<\/a>, ja ohjelman viimeisimm\u00e4n jakson vieras saikin Hjalliksen harvinaisesti taipumaan.<\/p>\n<p>        <a itemprop=\"url\" href=\"https:\/\/www.seiska.fi\/kotimaa\/hjallis-harkimo-ja-jasmine-pajari-valtava-kaanne-lemmenlomalla\/1980113\" rel=\"nofollow noopener\" target=\"_blank\"><\/p>\n<p>\nHjallis ja Jasmine\n<\/p>\n<p class=\"section-date\">\n        <strong class=\"article-section\" data-section=\"kotimaa\"><br \/>\n            kotimaa<br \/>\n        <\/strong><br \/>\n        3.11. 09:00\n    <\/p>\n<p>Hjallis Harkimo ja Jasmine Pajari \u2013 valtava k\u00e4\u00e4nne lemmenlomalla\n    <\/p>\n<p itemprop=\"description\" class=\"subtitle \">\n    Hjalliksen ja Jasminen Mauritiuksen matka sai iloisen k\u00e4\u00e4nteen.\n<\/p>\n<p>        <\/a><\/p>\n<p class=\"article-content article-content-width !bg-background\">Asia selvi\u00e4\u00e4 Hjalliksen <a href=\"https:\/\/www.instagram.com\/hjallisharkimo\/?hl=fi\" aria-label=\"Hjalliksen Instagram\" target=\"_blank\" rel=\"nofollow noopener\">Instagram-tilin<\/a> tuoreesta (18.12.) videop\u00e4ivityksest\u00e4.<\/p>\n<p class=\"article-content article-content-width !bg-background\">Julkaisussa Hjallis venyttelee n\u00e4yttelij\u00e4  kanssa. Studiossa ei turhia j\u00e4ykistell\u00e4, kun Salkkareista tuttu Kerttu, joka on my\u00f6s liikunnanohjaaja, n\u00e4ytt\u00e4\u00e4 Hjallikselle, kuinka lonkankoukistajan saa venym\u00e4\u00e4n.<\/p>\n<p class=\"article-content article-content-width !bg-background\">Kun kaksikko venyttelee lonkkiaan toinen jalka edess\u00e4, Kertulta kajahtaa lis\u00e4neuvoja:<\/p>\n<p class=\"article-content article-content-width !bg-background\"> \u2013 Sitten voi nostaa viel\u00e4 k\u00e4den yl\u00f6s. <\/p>\n<p class=\"article-content article-content-width !bg-background\"> \u2013 No nyt meni jo aika vaikeaksi, Hjallis vastaa.<\/p>\n<p class=\"article-content article-content-width !bg-background\">Vaikeaa tai ei, Kertun opit saavat Hjalliksen taipumaan komeasti.<\/p>\n<p>L\u00e4mp\u00f6loma Afrikassa<\/p>\n<p class=\"article-content article-content-width !bg-background\"><a href=\"https:\/\/www.seiska.fi\/kotimaa\/hjallis-harkimo-uuden-edessa\/1992274\" aria-label=\"Seiskan juttu Hjalliksesta 13.11.\" target=\"_blank\" rel=\"nofollow noopener\">Seiska kertoi<\/a> marraskuussa Hjalliksen ja h\u00e4nen puolisonsa  suhauttaneen l\u00e4mp\u00f6lomalle It\u00e4-Afrikkaan.<\/p>\n<p>        <a itemprop=\"url\" href=\"https:\/\/www.seiska.fi\/kotimaa\/jethro-rostedtilta-ala-arvoista-puhetta-hjallis-harkimosta\/2017659\" rel=\"nofollow noopener\" target=\"_blank\"><\/p>\n<p>\nJethro Rostedt\n<\/p>\n<p class=\"section-date\">\n        <strong class=\"article-section\" data-section=\"kotimaa\"><br \/>\n            kotimaa<br \/>\n        <\/strong><br \/>\n        11.12. 08:06\n    <\/p>\n<p>Jethro Rostedtilta ala-arvoista puhetta Hjallis Harkimosta!\n    <\/p>\n<p itemprop=\"description\" class=\"subtitle \">\n    Jethro paljastaa Seiskalle, mitk\u00e4 ovat h\u00e4nen v\u00e4lins\u00e4 Hjalliksen kanssa t\u00e4t\u00e4 nyky\u00e4.\n<\/p>\n<p>        <\/a><\/p>\n<p class=\"article-content article-content-width !bg-background\">Pariskunta viihtyi Mauritiuksen auringon alla, ja viettiv\u00e4t aikaa muun muassa kalastellen.\u00a0<\/p>\n<p class=\"article-content article-content-width !bg-background\">Lis\u00e4ksi Hjallis oli uuden edess\u00e4, kun sukelluskouluttajan p\u00e4tevyydell\u00e4 varustettu Jasmine opetti kullalleen laitesukellusta.\u00a0<\/p>\n<p><script async src=\"\/\/www.instagram.com\/embed.js\"><\/script><\/p>\n","protected":false},"excerpt":{"rendered":"20250203 HELSINKI. MAGNUM-LIVE. Hjallis Harkimo. KUVA: ATTE KAJOVA ATTE KAJOVA N\u00e4yttelij\u00e4 sai Hjalliksen taipumaan. tunnetaan muun muassa poliitikkona&hellip;\n","protected":false},"author":2,"featured_media":119948,"comment_status":"","ping_status":"","sticky":false,"template":"","format":"standard","meta":{"footnotes":""},"categories":[130],"tags":[21674,137,33,31,30,2175,6403,1811,16176,32,109],"class_list":{"0":"post-119947","1":"post","2":"type-post","3":"status-publish","4":"format-standard","5":"has-post-thumbnail","7":"category-viihde","8":"tag-alfa-tv","9":"tag-entertainment","10":"tag-fi","11":"tag-finland","12":"tag-finnish","13":"tag-hjallis-harkimo","14":"tag-jasmine-pajari","15":"tag-kerttu-rissanen","16":"tag-mauritius","17":"tag-suomi","18":"tag-viihde"},"share_on_mastodon":{"url":"https:\/\/pubeurope.com\/@fi\/115742237216320898","error":""},"_links":{"self":[{"href":"https:\/\/www.europesays.com\/fi\/wp-json\/wp\/v2\/posts\/119947","targetHints":{"allow":["GET"]}}],"collection":[{"href":"https:\/\/www.europesays.com\/fi\/wp-json\/wp\/v2\/posts"}],"about":[{"href":"https:\/\/www.europesays.com\/fi\/wp-json\/wp\/v2\/types\/post"}],"author":[{"embeddable":true,"href":"https:\/\/www.europesays.com\/fi\/wp-json\/wp\/v2\/users\/2"}],"replies":[{"embeddable":true,"href":"https:\/\/www.europesays.com\/fi\/wp-json\/wp\/v2\/comments?post=119947"}],"version-history":[{"count":0,"href":"https:\/\/www.europesays.com\/fi\/wp-json\/wp\/v2\/posts\/119947\/revisions"}],"wp:featuredmedia":[{"embeddable":true,"href":"https:\/\/www.europesays.com\/fi\/wp-json\/wp\/v2\/media\/119948"}],"wp:attachment":[{"href":"https:\/\/www.europesays.com\/fi\/wp-json\/wp\/v2\/media?parent=119947"}],"wp:term":[{"taxonomy":"category","embeddable":true,"href":"https:\/\/www.europesays.com\/fi\/wp-json\/wp\/v2\/categories?post=119947"},{"taxonomy":"post_tag","embeddable":true,"href":"https:\/\/www.europesays.com\/fi\/wp-json\/wp\/v2\/tags?post=119947"}],"curies":[{"name":"wp","href":"https:\/\/api.w.org\/{rel}","templated":true}]}}