{"id":119953,"date":"2025-12-18T19:36:11","date_gmt":"2025-12-18T19:36:11","guid":{"rendered":"https:\/\/www.europesays.com\/fi\/119953\/"},"modified":"2025-12-18T19:36:11","modified_gmt":"2025-12-18T19:36:11","slug":"kaupunki-varoitti-tornikaavaa-kritisoinutta-virkamiesta-hallinto-oikeuden-paatos-laittaa-varoituksen-kummaan-valoon-lappi","status":"publish","type":"post","link":"https:\/\/www.europesays.com\/fi\/119953\/","title":{"rendered":"Kaupunki varoitti tornikaavaa kritisoinutta virkamiest\u00e4 \u2013 hallinto-oikeuden p\u00e4\u00e4t\u00f6s laittaa varoituksen kummaan valoon | Lappi"},"content":{"rendered":"<p class=\"aw-1gybjub aw-5vja16 kEtdKx kmuxyA yle__article__paragraph\">Kaupunginarkkitehti Sipi Hintsanen ep\u00e4ili jo viime vuonna, ett\u00e4 tornihotellikaava ei saa lainvoimaa. N\u00e4in k\u00e4vikin, kun hallinto-oikeus torstaina hylk\u00e4si kaavan.<\/p>\n<p><img decoding=\"async\" alt=\"Ihmiset k\u00e4velev\u00e4t talvisella k\u00e4velykadulla, jonka taustalla n\u00e4kyy Sokos.\" src=\"https:\/\/www.europesays.com\/fi\/wp-content\/uploads\/2025\/12\/39-157212869441752746bf.jpeg\" class=\"aw-1l9m598 hKVVvP\"\/><\/p>\n<p>Avaa kuvien katselu<\/p>\n<p>18-kerroksista Arina-hotellia suunniteltiin nykyisen Sokos-tavaratalon paikalle. Kuva: Antti Mikkola \/ Yle<\/p>\n<p class=\"aw-1gybjub aw-1p7kakr kEtdKx cEmitX yle__article__paragraph\">Pohjois-Suomen hallinto-oikeuden tyrm\u00e4\u00e4m\u00e4 Rovaniemen tornihotellikaava sai kritiikki\u00e4 aiemmin my\u00f6s kaupunginarkkitehti <strong class=\"aw-ak79eh KyCXm yle__article__strong\">Sipi Hintsaselta<\/strong>, joka sai puheistaan varoituksen kaupungilta.<\/p>\n<p class=\"aw-1gybjub aw-1p7kakr kEtdKx cEmitX yle__article__paragraph\">Hintsanen sanoi Ylen <a class=\"aw-iao6s4 iHOxEa yle__article__link\" href=\"https:\/\/yle.fi\/a\/74-20095024\" role=\"link\" rel=\"nofollow noopener\" target=\"_blank\">haastattelussa ihmettelev\u00e4ns\u00e4<\/a>, jos kaava koskaan saisi lainvoiman. H\u00e4n kertoi my\u00f6s esitt\u00e4neens\u00e4 vaihtoehtoisen kaavaluonnoksen laatimista, mist\u00e4 johtavat virkamiehet eiv\u00e4t innostuneet.<\/p>\n<p class=\"aw-1gybjub aw-1p7kakr kEtdKx cEmitX yle__article__paragraph\">Torstaina Pohjois-Suomen hallinto-oikeus kumosi Rovaniemen kaupunginvaltuuston kaavap\u00e4\u00e4t\u00f6ksen eli k\u00e4vi kuten Hintsanen aiemmin Ylen haastattelussa ep\u00e4ili: kaavap\u00e4\u00e4t\u00f6s ei saanut lainvoimaa.<\/p>\n<p class=\"aw-1gybjub aw-1p7kakr kEtdKx cEmitX yle__article__paragraph\">Kaupunginarkkitehti Hintsanen kanteli kaupungin antamasta varoituksesta eduskunnan oikeusmiehelle. Oikeusasiamiehen marraskuussa antaman p\u00e4\u00e4t\u00f6ksen mukaan varoitus loukkasi Hintsasen sananvapautta ja Rovaniemen kaupunki oli menetellyt perustuslain ja Euroopan ihmisoikeussopimuksen vastaisesti.<\/p>\n<p class=\"aw-1gybjub aw-1p7kakr kEtdKx cEmitX yle__article__paragraph\">P\u00e4\u00e4t\u00f6ksest\u00e4 <a class=\"aw-iao6s4 iHOxEa yle__article__link\" href=\"https:\/\/www.lapinkansa.fi\/kaupunginarkkitehti-sai-rovaniemelta-varoituksen-m\/12408666\" role=\"link\" rel=\"nofollow noopener\" target=\"_blank\">kertoi ensimm\u00e4isen\u00e4 Lapin Kansa<\/a>.<\/p>\n<p>Varoituksia harkitaan tarkemmin tulevaisuudessa<\/p>\n<p class=\"aw-1gybjub aw-1p7kakr kEtdKx cEmitX yle__article__paragraph\">Kaupunginjohtajaa sijaistava Rovaniemen hallintojohtaja <strong class=\"aw-ak79eh KyCXm yle__article__strong\">Antti M\u00e4\u00e4tt\u00e4<\/strong> sanoo, ett\u00e4 hallinto-oikeuden p\u00e4\u00e4t\u00f6kseen tutustutaan nyt huolellisesti.<\/p>\n<p class=\"aw-1gybjub aw-1p7kakr kEtdKx cEmitX yle__article__paragraph\">\u2013 Sitten pohditaan miten edet\u00e4\u00e4n, haetaanko esimerkiksi korkeimmalta hallinto-oikeudelta valituslupaa. Monia vaihtoehtoja on olemassa.<\/p>\n<p class=\"aw-1gybjub aw-1p7kakr kEtdKx cEmitX yle__article__paragraph\">Mit\u00e4 tulee kaupungin Hintsaselle antamaan varoitukseen, M\u00e4\u00e4tt\u00e4 toteaa sen olevan aivan oma asiansa ja erill\u00e4\u00e4n hallinto-oikeuden p\u00e4\u00e4t\u00f6ksest\u00e4.<\/p>\n<p class=\"aw-1gybjub aw-1p7kakr kEtdKx cEmitX yle__article__paragraph\">Kaupungille kriittisest\u00e4 oikeusasiamiehen ratkaisusta aiotaan ottaa oppia.<\/p>\n<p class=\"aw-1gybjub aw-1p7kakr kEtdKx cEmitX yle__article__paragraph\">\u2013 Totta kai siin\u00e4 todetut perusteet otetaan huomioon, mik\u00e4li kaupunki tulevaisuudessa harkitsee varoitusten antamista.<\/p>\n<p>Videolta n\u00e4et, miten tornihotelli olisi muuttanut Rovaniemen ydinkeskustaa. Video: Matti Kurkela \/ Yle<\/p>\n<p class=\"aw-1gybjub aw-1p7kakr kEtdKx cEmitX yle__article__paragraph\">Pohjois-Suomen hallinto-oikeuden kumoamissa kaavoissa oli kyse 18-kerroksisesta Arina-hotellista ja 14-kerroksisesta Rova-Pekan rakennuksesta aivan Rovaniemen ydinkeskustassa. Rova-Pekan rakennukseen oli tulossa asuin-, liike- ja majoitushuoneistoja.<\/p>\n<p>Kaava sai asukkailta murskakritiikin<\/p>\n<p class=\"aw-1gybjub aw-1p7kakr kEtdKx cEmitX yle__article__paragraph\">Hallinto-oikeuden mukaan kaavamuutoksen perusteena olevista selvityksist\u00e4 ja vaikutusarvioista j\u00e4i varteen otettava ep\u00e4varmuus siit\u00e4, oliko oleellisia asioita huomioitu riitt\u00e4v\u00e4sti. N\u00e4it\u00e4 ovat tornitalojen vaikutus pienipiirteiseen kaupunkikuvaan, keskustan kulttuurihistoriallisiin arvoihin ja maisemaan.<\/p>\n<p class=\"aw-1gybjub aw-1p7kakr kEtdKx cEmitX yle__article__paragraph\">Rovaniemen kaupunginvaltuusto hyv\u00e4ksyi kaavan \u00e4\u00e4nestyksen j\u00e4lkeen kes\u00e4ll\u00e4 2024, mutta siit\u00e4 valitettiin hallinto-oikeuteen. Valtuuston p\u00e4\u00e4t\u00f6ksest\u00e4 j\u00e4tettiin my\u00f6s eri\u00e4v\u00e4 mielipide.<\/p>\n<p class=\"aw-1gybjub aw-1p7kakr kEtdKx cEmitX yle__article__paragraph\">Hintsanen sai varoituksen kommentoituaan asiaa valtuuston p\u00e4\u00e4t\u00f6ksen j\u00e4lkeen. Kaupungin mukaan Hintsanen oli julkisilla kommenteillaan rikkonut virkavelvollisuuksiaan ja vaarantanut niin kaavaprosessin osapuolten kuin kuntalaisten luottamuksen Rovaniemen p\u00e4\u00e4t\u00f6ksentekoon.<\/p>\n<p class=\"aw-1gybjub aw-1p7kakr kEtdKx cEmitX yle__article__paragraph\">OIkeusasiamiehen mukaan Hintsasen esitt\u00e4m\u00e4t n\u00e4kemykset eiv\u00e4t selv\u00e4sti vahingoittaneet ty\u00f6nantajaa eik\u00e4 Hintsanen rikkonut lojaalisuusvelvoitetta. Kaupunginarkkitehti oli ratkaisun mukaan esitt\u00e4nyt mielipiteens\u00e4 varsin maltillisesti niin sis\u00e4ll\u00f6n kuin tyylinkin osalta.<\/p>\n<p class=\"aw-1gybjub aw-1p7kakr kEtdKx cEmitX yle__article__paragraph\">Kaavaehdotus oli saanut aiemmin murskakritiikki\u00e4 asukkailta ja alueen hotelliyritt\u00e4jilt\u00e4. Palautteen mukaan tornitalot varjostavat, aiheuttavat tuulitunneleita ja pilaavat kaupungin siluetin, jota vaaramaisemta ja J\u00e4tk\u00e4nkynttil\u00e4n silta hallitsevat.<\/p>\n<p class=\"aw-1gybjub aw-1p7kakr kEtdKx cEmitX yle__article__paragraph\">Yle ei tavoittanut Sipi Hintsasta.<\/p>\n","protected":false},"excerpt":{"rendered":"Kaupunginarkkitehti Sipi Hintsanen ep\u00e4ili jo viime vuonna, ett\u00e4 tornihotellikaava ei saa lainvoimaa. N\u00e4in k\u00e4vikin, kun hallinto-oikeus torstaina hylk\u00e4si&hellip;\n","protected":false},"author":2,"featured_media":119954,"comment_status":"","ping_status":"","sticky":false,"template":"","format":"standard","meta":{"footnotes":""},"categories":[12],"tags":[22,23,26,27,33,31,30,17,3148,10717,71,667,24,25,28,29,15,18,21,3639,1057,32,19,20,16],"class_list":{"0":"post-119953","1":"post","2":"type-post","3":"status-publish","4":"format-standard","5":"has-post-thumbnail","7":"category-suomi","8":"tag-breaking-news","9":"tag-breakingnews","10":"tag-featured-news","11":"tag-featurednews","12":"tag-fi","13":"tag-finland","14":"tag-finnish","15":"tag-headlines","16":"tag-hotellit","17":"tag-kaavoitus","18":"tag-kotimaa","19":"tag-lappi","20":"tag-latest-news","21":"tag-latestnews","22":"tag-main-news","23":"tag-mainnews","24":"tag-news","25":"tag-otsikot","26":"tag-paauutiset","27":"tag-rakennukset","28":"tag-rovaniemi","29":"tag-suomi","30":"tag-top-stories","31":"tag-topstories","32":"tag-uutiset"},"share_on_mastodon":{"url":"https:\/\/pubeurope.com\/@fi\/115742257390213581","error":""},"_links":{"self":[{"href":"https:\/\/www.europesays.com\/fi\/wp-json\/wp\/v2\/posts\/119953","targetHints":{"allow":["GET"]}}],"collection":[{"href":"https:\/\/www.europesays.com\/fi\/wp-json\/wp\/v2\/posts"}],"about":[{"href":"https:\/\/www.europesays.com\/fi\/wp-json\/wp\/v2\/types\/post"}],"author":[{"embeddable":true,"href":"https:\/\/www.europesays.com\/fi\/wp-json\/wp\/v2\/users\/2"}],"replies":[{"embeddable":true,"href":"https:\/\/www.europesays.com\/fi\/wp-json\/wp\/v2\/comments?post=119953"}],"version-history":[{"count":0,"href":"https:\/\/www.europesays.com\/fi\/wp-json\/wp\/v2\/posts\/119953\/revisions"}],"wp:featuredmedia":[{"embeddable":true,"href":"https:\/\/www.europesays.com\/fi\/wp-json\/wp\/v2\/media\/119954"}],"wp:attachment":[{"href":"https:\/\/www.europesays.com\/fi\/wp-json\/wp\/v2\/media?parent=119953"}],"wp:term":[{"taxonomy":"category","embeddable":true,"href":"https:\/\/www.europesays.com\/fi\/wp-json\/wp\/v2\/categories?post=119953"},{"taxonomy":"post_tag","embeddable":true,"href":"https:\/\/www.europesays.com\/fi\/wp-json\/wp\/v2\/tags?post=119953"}],"curies":[{"name":"wp","href":"https:\/\/api.w.org\/{rel}","templated":true}]}}