{"id":119955,"date":"2025-12-18T19:37:10","date_gmt":"2025-12-18T19:37:10","guid":{"rendered":"https:\/\/www.europesays.com\/fi\/119955\/"},"modified":"2025-12-18T19:37:10","modified_gmt":"2025-12-18T19:37:10","slug":"henkilo-kuollut-kolarissa-kouvolassa-mtv-uutiset","status":"publish","type":"post","link":"https:\/\/www.europesays.com\/fi\/119955\/","title":{"rendered":"Henkil\u00f6 kuollut kolarissa Kouvolassa | MTV Uutiset"},"content":{"rendered":"<p>Kouvolassa kuolemaan johtanut kolari.<\/p>\n<p>Yksi henkil\u00f6 kuollut pakettiauton ja rekan kolarissa Kouvolassa, kertoo Kaakkois-Suomen poliisi.<\/p>\n<p>Onnettomuus tapahtui Kuutostien ja Karjalankadun risteyksess\u00e4.<\/p>\n<p>Poliisin mukaan liikenne on ruuhkautunut ja on kokonaan poikki Jyr\u00e4\u00e4ntien ja Heinolantien v\u00e4lill\u00e4. Poliisi kertoo ohjaavansa liikennett\u00e4 paikan p\u00e4\u00e4ll\u00e4.<\/p>\n<p>Lue my\u00f6s: <a class=\"cursor-pointer underline\" data-testid=\"internal-link\" role=\"link\" data-sentry-element=\"Link\" data-sentry-component=\"InternalLink\" data-sentry-source-file=\"InternalLink.tsx\" href=\"https:\/\/www.mtvuutiset.fi\/artikkeli\/autonkuljettaja-tormasi-suteen-inkoossa-loukkaantunut-elain-yha-maastossa\/9271528\" rel=\"nofollow noopener\" target=\"_blank\">Autonkuljettaja t\u00f6rm\u00e4si suteen Inkoossa \u2013 loukkaantunut el\u00e4in voi olla vaarallinen<\/a><\/p>\n","protected":false},"excerpt":{"rendered":"Kouvolassa kuolemaan johtanut kolari. Yksi henkil\u00f6 kuollut pakettiauton ja rekan kolarissa Kouvolassa, kertoo Kaakkois-Suomen poliisi. Onnettomuus tapahtui Kuutostien&hellip;\n","protected":false},"author":2,"featured_media":67724,"comment_status":"","ping_status":"","sticky":false,"template":"","format":"standard","meta":{"footnotes":""},"categories":[5],"tags":[22,23,26,27,33,31,30,17,24,25,28,29,15,18,21,32,19,20,16],"class_list":{"0":"post-119955","1":"post","2":"type-post","3":"status-publish","4":"format-standard","5":"has-post-thumbnail","7":"category-otsikot","8":"tag-breaking-news","9":"tag-breakingnews","10":"tag-featured-news","11":"tag-featurednews","12":"tag-fi","13":"tag-finland","14":"tag-finnish","15":"tag-headlines","16":"tag-latest-news","17":"tag-latestnews","18":"tag-main-news","19":"tag-mainnews","20":"tag-news","21":"tag-otsikot","22":"tag-paauutiset","23":"tag-suomi","24":"tag-top-stories","25":"tag-topstories","26":"tag-uutiset"},"share_on_mastodon":{"url":"https:\/\/pubeurope.com\/@fi\/115742260807034083","error":""},"_links":{"self":[{"href":"https:\/\/www.europesays.com\/fi\/wp-json\/wp\/v2\/posts\/119955","targetHints":{"allow":["GET"]}}],"collection":[{"href":"https:\/\/www.europesays.com\/fi\/wp-json\/wp\/v2\/posts"}],"about":[{"href":"https:\/\/www.europesays.com\/fi\/wp-json\/wp\/v2\/types\/post"}],"author":[{"embeddable":true,"href":"https:\/\/www.europesays.com\/fi\/wp-json\/wp\/v2\/users\/2"}],"replies":[{"embeddable":true,"href":"https:\/\/www.europesays.com\/fi\/wp-json\/wp\/v2\/comments?post=119955"}],"version-history":[{"count":0,"href":"https:\/\/www.europesays.com\/fi\/wp-json\/wp\/v2\/posts\/119955\/revisions"}],"wp:featuredmedia":[{"embeddable":true,"href":"https:\/\/www.europesays.com\/fi\/wp-json\/wp\/v2\/media\/67724"}],"wp:attachment":[{"href":"https:\/\/www.europesays.com\/fi\/wp-json\/wp\/v2\/media?parent=119955"}],"wp:term":[{"taxonomy":"category","embeddable":true,"href":"https:\/\/www.europesays.com\/fi\/wp-json\/wp\/v2\/categories?post=119955"},{"taxonomy":"post_tag","embeddable":true,"href":"https:\/\/www.europesays.com\/fi\/wp-json\/wp\/v2\/tags?post=119955"}],"curies":[{"name":"wp","href":"https:\/\/api.w.org\/{rel}","templated":true}]}}