{"id":119964,"date":"2025-12-18T20:00:10","date_gmt":"2025-12-18T20:00:10","guid":{"rendered":"https:\/\/www.europesays.com\/fi\/119964\/"},"modified":"2025-12-18T20:00:10","modified_gmt":"2025-12-18T20:00:10","slug":"jyvaskylalainen-ovaro-jarjestelee-kiinteistoomistuksia-ja-rahoitusta-hankittavaa-maa-aluetta-lukuun-ottamatta-jarjestely-on-lahipiiritoimi-keski-suomi","status":"publish","type":"post","link":"https:\/\/www.europesays.com\/fi\/119964\/","title":{"rendered":"Jyv\u00e4skyl\u00e4l\u00e4inen Ovaro j\u00e4rjestelee kiinteist\u00f6omistuksia ja rahoitusta \u2013 hankittavaa maa-aluetta lukuun ottamatta j\u00e4rjestely on l\u00e4hipiiritoimi | Keski-Suomi"},"content":{"rendered":"<p>Jyv\u00e4skyl\u00e4l\u00e4inen Ovaro Kiinteist\u00f6sijoitus Oyj kertoi torstaina, ett\u00e4 se toteuttaa laajan rahoitus- ja kiinteist\u00f6j\u00e4rjestelyn. Yhti\u00f6 hankkii aikaisemmin Keski-Suomen hyvinvointialueen kanssa laaditun sopimuksen mukaisesti omistukseensa Jyv\u00e4skyl\u00e4n Kukkulan ns. III-vaiheen maa-alueen sek\u00e4 tekee rahoitusj\u00e4rjestelyn sen p\u00e4\u00e4osasta Maakunnan Asunnot Oy:n kanssa.<\/p>\n<p>J\u00e4rjestelyt toteutetaan joulukuun loppuun menness\u00e4.<\/p>\n<p>Yhti\u00f6n alustavan arvion mukaan hankinnasta tuloutuu kuluvalla nelj\u00e4nneksell\u00e4 noin 1,7 miljoonan euron voitto verojen j\u00e4lkeen.<\/p>\n<p>Ovaro pit\u00e4\u00e4 entisell\u00e4\u00e4n aiemmin antamaansa ohjeistuksen siit\u00e4, ett\u00e4 vuoden 2025 tilinkauden tulos on parempi kuin 2024 tulos.<\/p>\n","protected":false},"excerpt":{"rendered":"Jyv\u00e4skyl\u00e4l\u00e4inen Ovaro Kiinteist\u00f6sijoitus Oyj kertoi torstaina, ett\u00e4 se toteuttaa laajan rahoitus- ja kiinteist\u00f6j\u00e4rjestelyn. Yhti\u00f6 hankkii aikaisemmin Keski-Suomen hyvinvointialueen&hellip;\n","protected":false},"author":2,"featured_media":119965,"comment_status":"","ping_status":"","sticky":false,"template":"","format":"standard","meta":{"footnotes":""},"categories":[76],"tags":[79,77,33,31,30,425,2870,721,544,402,32,78,3592],"class_list":{"0":"post-119964","1":"post","2":"type-post","3":"status-publish","4":"format-standard","5":"has-post-thumbnail","7":"category-talous","8":"tag-business","9":"tag-economy","10":"tag-fi","11":"tag-finland","12":"tag-finnish","13":"tag-jyvaskyla","14":"tag-kaupankaynti","15":"tag-rahoitus","16":"tag-rahoitus-ja-kiinteistoala-sektori","17":"tag-rakentaminen-kiinteistot","18":"tag-suomi","19":"tag-talous","20":"tag-toimitusjohtaja-paajohtaja"},"share_on_mastodon":{"url":"https:\/\/pubeurope.com\/@fi\/115742351308657296","error":""},"_links":{"self":[{"href":"https:\/\/www.europesays.com\/fi\/wp-json\/wp\/v2\/posts\/119964","targetHints":{"allow":["GET"]}}],"collection":[{"href":"https:\/\/www.europesays.com\/fi\/wp-json\/wp\/v2\/posts"}],"about":[{"href":"https:\/\/www.europesays.com\/fi\/wp-json\/wp\/v2\/types\/post"}],"author":[{"embeddable":true,"href":"https:\/\/www.europesays.com\/fi\/wp-json\/wp\/v2\/users\/2"}],"replies":[{"embeddable":true,"href":"https:\/\/www.europesays.com\/fi\/wp-json\/wp\/v2\/comments?post=119964"}],"version-history":[{"count":0,"href":"https:\/\/www.europesays.com\/fi\/wp-json\/wp\/v2\/posts\/119964\/revisions"}],"wp:featuredmedia":[{"embeddable":true,"href":"https:\/\/www.europesays.com\/fi\/wp-json\/wp\/v2\/media\/119965"}],"wp:attachment":[{"href":"https:\/\/www.europesays.com\/fi\/wp-json\/wp\/v2\/media?parent=119964"}],"wp:term":[{"taxonomy":"category","embeddable":true,"href":"https:\/\/www.europesays.com\/fi\/wp-json\/wp\/v2\/categories?post=119964"},{"taxonomy":"post_tag","embeddable":true,"href":"https:\/\/www.europesays.com\/fi\/wp-json\/wp\/v2\/tags?post=119964"}],"curies":[{"name":"wp","href":"https:\/\/api.w.org\/{rel}","templated":true}]}}