{"id":119966,"date":"2025-12-18T20:01:09","date_gmt":"2025-12-18T20:01:09","guid":{"rendered":"https:\/\/www.europesays.com\/fi\/119966\/"},"modified":"2025-12-18T20:01:09","modified_gmt":"2025-12-18T20:01:09","slug":"eu-tuomioistuin-tanskan-ghettolaki-saattaa-olla-etnisesti-syrjiva-uutissuomalainen","status":"publish","type":"post","link":"https:\/\/www.europesays.com\/fi\/119966\/","title":{"rendered":"EU-tuomioistuin: Tanskan &#8221;ghettolaki&#8221; saattaa olla etnisesti syrjiv\u00e4 | Uutissuomalainen"},"content":{"rendered":"<p>Euroopan unionin tuomioistuimen mukaan Tanskan niin kutsuttu ghettolaki saattaa olla EU:n etniseen alkuper\u00e4\u00e4n perustuvan syrjinn\u00e4n vastaisen direktiivin vastainen.<\/p>\n<p>Tuomioistuin <a href=\"https:\/\/curia.europa.eu\/juris\/document\/document.jsf;jsessionid=29A8DD319D8C007C080A4586E777B3F7?text=&amp;docid=307224&amp;pageIndex=0&amp;doclang=FI&amp;mode=req&amp;dir=&amp;occ=first&amp;part=1&amp;cid=7156157\" rel=\"nofollow noopener\" target=\"_blank\">totesi <\/a>torstaina, ett\u00e4 Tanskan tuomioistuinten tulee ratkaista, onko laki syrjiv\u00e4. Se kehotti tanskalaistuomioistuimia tarkastelemaan muun muassa, perustuuko laki etniseen alkuper\u00e4\u00e4n vai johonkin muuhun ja mit\u00e4 seurauksia t\u00e4ll\u00e4 on.<\/p>\n<p>Vuonna 2018 Tanskassa s\u00e4\u00e4detyn lain mukaan kaikkien sellaisten sosiaalisen asuntotuotannon piiriss\u00e4 olevien alueiden, joissa yli puolet asukkaista on \u201dei-l\u00e4nsimaistaustaisia\u201d, on muutettava asukasrakennettaan siten, ett\u00e4 v\u00e4hint\u00e4\u00e4n 60 prosenttia asunnoista vuokrataan markkinaehtoisesti vuoteen 2030 menness\u00e4.<\/p>\n<p>Tanskan hallitus on perustellut lakia integraation edist\u00e4misell\u00e4.<\/p>\n<p>K\u00f6\u00f6penhaminassa sijaitsevan Mj\u00f6lnerparkenin asukkaat nostivat vuonna 2020 kanteen lakia vastaan. Heid\u00e4n mukaansa etnisen taustan k\u00e4ytt\u00e4minen perusteena sille, miss\u00e4 ihmiset voivat asua, on syrjiv\u00e4\u00e4 ja laitonta.<\/p>\n<p>Tanskan tuomioistuimet pyysiv\u00e4t asiassa ohjeistusta Euroopan unionin tuomioistuimelta.<\/p>\n","protected":false},"excerpt":{"rendered":"Euroopan unionin tuomioistuimen mukaan Tanskan niin kutsuttu ghettolaki saattaa olla EU:n etniseen alkuper\u00e4\u00e4n perustuvan syrjinn\u00e4n vastaisen direktiivin vastainen.&hellip;\n","protected":false},"author":2,"featured_media":110507,"comment_status":"","ping_status":"","sticky":false,"template":"","format":"standard","meta":{"footnotes":""},"categories":[14],"tags":[36,542,22,23,1617,2267,26,27,33,31,30,17,53,24,25,28,29,15,18,21,637,32,1014,19,20,56,16,59,60,61],"class_list":{"0":"post-119966","1":"post","2":"type-post","3":"status-publish","4":"format-standard","5":"has-post-thumbnail","7":"category-ulkomaat","8":"tag-asuintalot-ja-asunnot","9":"tag-asuminen","10":"tag-breaking-news","11":"tag-breakingnews","12":"tag-euroopan-unioni","13":"tag-eurooppa","14":"tag-featured-news","15":"tag-featurednews","16":"tag-fi","17":"tag-finland","18":"tag-finnish","19":"tag-headlines","20":"tag-laki-oikeus-ja-rikos","21":"tag-latest-news","22":"tag-latestnews","23":"tag-main-news","24":"tag-mainnews","25":"tag-news","26":"tag-otsikot","27":"tag-paauutiset","28":"tag-politiikka","29":"tag-suomi","30":"tag-tanska","31":"tag-top-stories","32":"tag-topstories","33":"tag-ulkomaat","34":"tag-uutiset","35":"tag-world","36":"tag-world-news","37":"tag-worldnews"},"share_on_mastodon":{"url":"https:\/\/pubeurope.com\/@fi\/115742355300544579","error":""},"_links":{"self":[{"href":"https:\/\/www.europesays.com\/fi\/wp-json\/wp\/v2\/posts\/119966","targetHints":{"allow":["GET"]}}],"collection":[{"href":"https:\/\/www.europesays.com\/fi\/wp-json\/wp\/v2\/posts"}],"about":[{"href":"https:\/\/www.europesays.com\/fi\/wp-json\/wp\/v2\/types\/post"}],"author":[{"embeddable":true,"href":"https:\/\/www.europesays.com\/fi\/wp-json\/wp\/v2\/users\/2"}],"replies":[{"embeddable":true,"href":"https:\/\/www.europesays.com\/fi\/wp-json\/wp\/v2\/comments?post=119966"}],"version-history":[{"count":0,"href":"https:\/\/www.europesays.com\/fi\/wp-json\/wp\/v2\/posts\/119966\/revisions"}],"wp:featuredmedia":[{"embeddable":true,"href":"https:\/\/www.europesays.com\/fi\/wp-json\/wp\/v2\/media\/110507"}],"wp:attachment":[{"href":"https:\/\/www.europesays.com\/fi\/wp-json\/wp\/v2\/media?parent=119966"}],"wp:term":[{"taxonomy":"category","embeddable":true,"href":"https:\/\/www.europesays.com\/fi\/wp-json\/wp\/v2\/categories?post=119966"},{"taxonomy":"post_tag","embeddable":true,"href":"https:\/\/www.europesays.com\/fi\/wp-json\/wp\/v2\/tags?post=119966"}],"curies":[{"name":"wp","href":"https:\/\/api.w.org\/{rel}","templated":true}]}}