{"id":119967,"date":"2025-12-18T20:02:12","date_gmt":"2025-12-18T20:02:12","guid":{"rendered":"https:\/\/www.europesays.com\/fi\/119967\/"},"modified":"2025-12-18T20:02:12","modified_gmt":"2025-12-18T20:02:12","slug":"putinin-suosikkilehti-uutisoi-suomen-missikohusta-teki-merkittavan-asiavirheen","status":"publish","type":"post","link":"https:\/\/www.europesays.com\/fi\/119967\/","title":{"rendered":"Putinin suosikkilehti uutisoi Suomen missikohusta \u2013 Teki merkitt\u00e4v\u00e4n asiavirheen"},"content":{"rendered":"<p>Ven\u00e4j\u00e4n presidentin lempilehti uutisoi Suomen missikohusta. <\/p>\n<p><img decoding=\"async\" class=\"image image-show image-preview\" src=\"https:\/\/www.europesays.com\/fi\/wp-content\/uploads\/2025\/12\/9172c7efcf3b5fc5b5639b50b5600f53ceb546cf913926df5384934ecab6fcf6.jpg\" alt=\"\"\/><img decoding=\"async\" class=\"image image-show\" src=\"https:\/\/www.europesays.com\/fi\/wp-content\/uploads\/2025\/12\/1766088132_344_9172c7efcf3b5fc5b5639b50b5600f53ceb546cf913926df5384934ecab6fcf6.jpg\" alt=\"\"\/><\/p>\n<p>Ven\u00e4j\u00e4n presidentin Vladimir Putinin mielilehti uutisoi Suomen missikohusta.  ZUMAWIRE\/MVPHOTOS, KUVANK\u00c4SITTELY SANTERI ROSENVALL<\/p>\n<p class=\"paragraph\">Ven\u00e4j\u00e4n presidentin <a href=\"https:\/\/www.iltalehti.fi\/henkilot\/Vladimir Putin\" class=\"article-link-person-page\" rel=\"nofollow noopener\" target=\"_blank\">Vladimir Putinin<\/a> lempilehten\u00e4 tunnettu <a href=\"https:\/\/www.kp.ru\/online\/news\/6728044\/\" target=\"_blank\" rel=\"noopener nofollow\">sanomalehti<\/a> on uutisoinut Suomen missikohusta.<\/p>\n<p class=\"paragraph\">Kremlin linjaa tukevan Komsomolskaja Pravdan uutisointi sis\u00e4lt\u00e4\u00e4 kuitenkin merkitt\u00e4v\u00e4n asiavirheen.<\/p>\n<p class=\"paragraph\">Lehden mukaan Suomen p\u00e4\u00e4ministeri <a href=\"https:\/\/www.iltalehti.fi\/henkilot\/Petteri Orpo\" class=\"article-link-person-page\" rel=\"nofollow noopener\" target=\"_blank\">Petteri Orpo<\/a> (kok) kutsui <strong>Sarah Dzafcen<\/strong> poseerausta kruunun menetykseen johtaneessa kuvassa \u201dajattelemattomaksi ja typer\u00e4ksi\u201d.<\/p>\n<p class=\"paragraph\">Todellisuudessa Orpon kommentti typer\u00e4st\u00e4 ja ajattelemattomasta toiminnasta ei liittynyt Dzafceen, vaan <a href=\"https:\/\/www.iltalehti.fi\/politiikka\/24d390b4-7850-4b01-9d29-2e28b84dd4d3\" rel=\"nofollow noopener\" target=\"_blank\">perussuomalaisten kansanedustajien julkaisemiin kuviin<\/a>.<\/p>\n<p class=\"paragraph\">Komsomolskaja Pravdan uutisessa kerrataan kohun vaiheita sek\u00e4 Dzafcesta sosiaalisessa mediassa julkaistujen kuvien Aasiassa her\u00e4tt\u00e4m\u00e4\u00e4 kritiikki\u00e4.<\/p>\n<p>T\u00e4st\u00e4 on kyse<\/p>\n<p class=\"paragraph\">Dzafce p\u00e4\u00e4tyi rasismikohun keskelle, kun sosiaalisessa mediassa alkoi levit\u00e4 kuva, jossa Dzafce venytti silm\u00e4ns\u00e4 vinoon. Kuvaan oli kirjoitettu teksti \u201dkiinalaisen kanssa sy\u00f6m\u00e4ss\u00e4\u201d. Kuvan on tulkittu pilkkaavan aasialaisia ja kuvasta noussut kohu johti lopulta <a href=\"https:\/\/www.iltalehti.fi\/viihdeuutiset\/74544663-917d-4925-9571-6b3ed83caaf9\" rel=\"nofollow noopener\" target=\"_blank\">kruunun menetykseen<\/a>.<\/p>\n<p class=\"paragraph\">Perussuomalaiset kansanedustajat ovat ihmetelleet Dzafcesta otetun kuvan her\u00e4tt\u00e4m\u00e4\u00e4 kohua ja imitoineet kohukuvaa sosiaalisen median <a href=\"https:\/\/www.iltalehti.fi\/politiikka\/24d390b4-7850-4b01-9d29-2e28b84dd4d3\" rel=\"nofollow noopener\" target=\"_blank\">julkaisuissaan<\/a>.<\/p>\n<p class=\"paragraph\">Miss Suomen ymp\u00e4rill\u00e4 velloneesta kohusta on <a href=\"https:\/\/www.iltalehti.fi\/ulkomaat\/12f78381-3410-4ae7-be4e-814a4b2d9d9e\" rel=\"nofollow noopener\" target=\"_blank\">uutisoitu my\u00f6s Aasiassa<\/a>, josta on kantautunut my\u00f6s Suomeen kohdistuvia rasismisyyt\u00f6ksi\u00e4.<\/p>\n","protected":false},"excerpt":{"rendered":"Ven\u00e4j\u00e4n presidentin lempilehti uutisoi Suomen missikohusta. Ven\u00e4j\u00e4n presidentin Vladimir Putinin mielilehti uutisoi Suomen missikohusta. ZUMAWIRE\/MVPHOTOS, KUVANK\u00c4SITTELY SANTERI ROSENVALL&hellip;\n","protected":false},"author":2,"featured_media":119968,"comment_status":"","ping_status":"","sticky":false,"template":"","format":"standard","meta":{"footnotes":""},"categories":[12],"tags":[35,22,23,26,27,33,31,30,17,24,25,28,29,15,18,21,142,637,886,885,887,32,19,20,16],"class_list":{"0":"post-119967","1":"post","2":"type-post","3":"status-publish","4":"format-standard","5":"has-post-thumbnail","7":"category-suomi","8":"tag-24h","9":"tag-breaking-news","10":"tag-breakingnews","11":"tag-featured-news","12":"tag-featurednews","13":"tag-fi","14":"tag-finland","15":"tag-finnish","16":"tag-headlines","17":"tag-latest-news","18":"tag-latestnews","19":"tag-main-news","20":"tag-mainnews","21":"tag-news","22":"tag-otsikot","23":"tag-paauutiset","24":"tag-poliitikot","25":"tag-politiikka","26":"tag-puolueet","27":"tag-suomen-poliittiset-puolueet","28":"tag-suomen-politiikka","29":"tag-suomi","30":"tag-top-stories","31":"tag-topstories","32":"tag-uutiset"},"share_on_mastodon":{"url":"https:\/\/pubeurope.com\/@fi\/115742359344355677","error":""},"_links":{"self":[{"href":"https:\/\/www.europesays.com\/fi\/wp-json\/wp\/v2\/posts\/119967","targetHints":{"allow":["GET"]}}],"collection":[{"href":"https:\/\/www.europesays.com\/fi\/wp-json\/wp\/v2\/posts"}],"about":[{"href":"https:\/\/www.europesays.com\/fi\/wp-json\/wp\/v2\/types\/post"}],"author":[{"embeddable":true,"href":"https:\/\/www.europesays.com\/fi\/wp-json\/wp\/v2\/users\/2"}],"replies":[{"embeddable":true,"href":"https:\/\/www.europesays.com\/fi\/wp-json\/wp\/v2\/comments?post=119967"}],"version-history":[{"count":0,"href":"https:\/\/www.europesays.com\/fi\/wp-json\/wp\/v2\/posts\/119967\/revisions"}],"wp:featuredmedia":[{"embeddable":true,"href":"https:\/\/www.europesays.com\/fi\/wp-json\/wp\/v2\/media\/119968"}],"wp:attachment":[{"href":"https:\/\/www.europesays.com\/fi\/wp-json\/wp\/v2\/media?parent=119967"}],"wp:term":[{"taxonomy":"category","embeddable":true,"href":"https:\/\/www.europesays.com\/fi\/wp-json\/wp\/v2\/categories?post=119967"},{"taxonomy":"post_tag","embeddable":true,"href":"https:\/\/www.europesays.com\/fi\/wp-json\/wp\/v2\/tags?post=119967"}],"curies":[{"name":"wp","href":"https:\/\/api.w.org\/{rel}","templated":true}]}}