{"id":119972,"date":"2025-12-18T20:15:08","date_gmt":"2025-12-18T20:15:08","guid":{"rendered":"https:\/\/www.europesays.com\/fi\/119972\/"},"modified":"2025-12-18T20:15:08","modified_gmt":"2025-12-18T20:15:08","slug":"seiska-aki-ja-heli-palsanmaki-espanjasta-kesken-talven-suomeen-surullinen-syy-paljastui","status":"publish","type":"post","link":"https:\/\/www.europesays.com\/fi\/119972\/","title":{"rendered":"Seiska: Aki ja Heli Palsanm\u00e4ki Espanjasta kesken talven Suomeen &#8211; surullinen syy paljastui"},"content":{"rendered":"<p>Aurinkorannikolla t\u00e4m\u00e4nkin talven viett\u00e4v\u00e4 Suomen huutokauppakeisari -pariskunta Heli ja Aki Palsanm\u00e4ki ovat avautuneet <a href=\"https:\/\/www.seiska.fi\/vain-seiskassa\/aki-ja-heli-palsanmaen-avoin-tilitys-seiskalle-nain-kavi-syopakontrollissa\/1997108\" rel=\"nofollow noopener\" target=\"_blank\">Seiskalle.<\/a><\/p>\n<p>Molemmat ovat sairastaneet sy\u00f6p\u00e4\u00e4. Heli on aiemmin k\u00e4rsinyt naisensy\u00f6v\u00e4st\u00e4 ja sel\u00e4tt\u00e4nyt sen, mutta syksyll\u00e4 2024 Akiin iski puolestaan keuhkosy\u00f6p\u00e4. H\u00e4net leikattiin pikimmiten.<\/p>\n<p>Nyt tilanteesta on vuosi aikaa. On aika p\u00e4ivitt\u00e4\u00e4 tilanne.<\/p>\n<p>Paluun syy selvisi<\/p>\n<p>Moni muistaa, ett\u00e4 Palsanm\u00e4et lensiv\u00e4t viimekin vuonna marraskuun maissa Fuengirolaan talveksi. Sitten he yht\u00e4kki\u00e4 palasivat kesken kaiken takaisin. Syyt\u00e4 paluuseen ei koskaan kerrottu.<\/p>\n<p>Paluu tapahtui joulun alla. Joulu meni Suomessa. My\u00f6hemmin pari l\u00e4hti jatkamaan talven viettoa.<\/p>\n<p>Nyt syy on selvinnyt. Monenlaisia arvailuja ehdittiin julkisuudessa n\u00e4hd\u00e4 ja kuulla.<\/p>\n<p>Syy oli kuin olikin sairaus.<\/p>\n<p>Lue my\u00f6s: <a href=\"https:\/\/www.como.fi\/uutiset\/aki-ja-heli-palsanmaki-esittivat-avunpyynnon\/\" title=\"Aki ja Heli Palsanm\u00e4ki esittiv\u00e4t avunpyynn\u00f6n\" class=\"underline-custom !font-montserrat !font-bold !underline-offset-4 !decoration-4 !decoration-red-600 !text-md\" rel=\"nofollow noopener\" target=\"_blank\">Aki ja Heli Palsanm\u00e4ki esittiv\u00e4t avunpyynn\u00f6n<\/a><\/p>\n<p>\u2013 Toivotaan, ett\u00e4 saamme viett\u00e4\u00e4 t\u00e4m\u00e4n joulun t\u00e4\u00e4ll\u00e4 Espanjassa. Viime vuonna meill\u00e4 tuli yll\u00e4tt\u00e4v\u00e4 meno, sill\u00e4 sairaus muutti suunnitelmamme niin, ett\u00e4 palasimme joulunpyhiksi Suomeen, Aki ja Heli kertovat Seiskalle.<\/p>\n<p>Mutta mit\u00e4 kuuluu Akin sy\u00f6v\u00e4lle nyt? Lokakuussa Aki kertoo k\u00e4yneens\u00e4 ensimm\u00e4isess\u00e4 vuosikontrollissa.<\/p>\n<p>\u2013 Kun ensimm\u00e4inen vuosikontrolli lokakuussa l\u00e4hestyi, aloin pel\u00e4t\u00e4 tosissani. Ei nyt ihan y\u00f6unet menneet, mutta mielialani heitteli, Aki kuvailee Seiskalle.<\/p>\n<p>Aki luottaa l\u00e4\u00e4k\u00e4reihin<\/p>\n<p>Huojennus oli valtaisa. Kaikki kokeet kertoivat ett\u00e4 sy\u00f6p\u00e4 ei ollut palannut.<\/p>\n<p>Lue my\u00f6s: <a href=\"https:\/\/www.como.fi\/uutiset\/aki-ja-heli-palsanmaen-kauhunhetket-vaarallinen-hyokkays-kotiin-erikoisyksikko-paikalle-paasta-varpaisiin-suojautuneena\/\" title=\"Aki ja Heli Palsanm\u00e4en kauhunhetket \u2013 vaarallinen hy\u00f6kk\u00e4ys kotiin, erikoisyksikk\u00f6 paikalle p\u00e4\u00e4st\u00e4 varpaisiin suojautuneena!\" class=\"underline-custom !font-montserrat !font-bold !underline-offset-4 !decoration-4 !decoration-red-600 !text-md\" rel=\"nofollow noopener\" target=\"_blank\">Aki ja Heli Palsanm\u00e4en kauhunhetket \u2013 vaarallinen hy\u00f6kk\u00e4ys kotiin, erikoisyksikk\u00f6 paikalle p\u00e4\u00e4st\u00e4 varpaisiin suojautuneena!<\/a><\/p>\n<p>\u2013\u00a0Huikea huojennus! L\u00e4hdimme heti hyvill\u00e4 mielin Espanjaan lomailemaan ja haukkaamaan happea, pari toteaa Seiskalle.<\/p>\n<p>Kev\u00e4\u00e4ll\u00e4 on uudet kontrollit.<\/p>\n<p>\u2013\u00a0Onhan t\u00e4ss\u00e4 ollut ty\u00f6n ja i\u00e4n tuomia kipuja, selk\u00e4vaivaa ja olkap\u00e4\u00e4n vammaa. Mutta olen miettinyt maalaisj\u00e4rjell\u00e4 enk\u00e4 ole heti pannut sy\u00f6v\u00e4n syyksi, jos alkaa k\u00e4tt\u00e4 kolottaa. Luotan Suomen l\u00e4\u00e4k\u00e4reihin ja tutkijoihin enk\u00e4 ala itse\u00e4ni tohtoroida, sanoo Aki.<\/p>\n<p>Lue my\u00f6s: <a href=\"https:\/\/www.como.fi\/tilaa-comon-uutiskirje\/\" title=\"Tilaa Comon uutiskirje ja tied\u00e4t mist\u00e4 kahvitauolla puhutaan! Nappaa kotimaan tv-vinkit ja puheenaiheet suoraan s\u00e4hk\u00f6postiin t\u00e4st\u00e4.\" class=\"underline-custom !font-montserrat !font-bold !underline-offset-4 !decoration-4 !decoration-red-600 !text-md\" rel=\"nofollow noopener\" target=\"_blank\">Tilaa Comon uutiskirje ja tied\u00e4t mist\u00e4 kahvitauolla puhutaan! Nappaa kotimaan tv-vinkit ja puheenaiheet suoraan s\u00e4hk\u00f6postiin t\u00e4st\u00e4.<\/a><\/p>\n","protected":false},"excerpt":{"rendered":"Aurinkorannikolla t\u00e4m\u00e4nkin talven viett\u00e4v\u00e4 Suomen huutokauppakeisari -pariskunta Heli ja Aki Palsanm\u00e4ki ovat avautuneet Seiskalle. Molemmat ovat sairastaneet sy\u00f6p\u00e4\u00e4.&hellip;\n","protected":false},"author":2,"featured_media":62347,"comment_status":"","ping_status":"","sticky":false,"template":"","format":"standard","meta":{"footnotes":""},"categories":[136],"tags":[3532,407,137,33,31,30,6611,408,32,109],"class_list":{"0":"post-119972","1":"post","2":"type-post","3":"status-publish","4":"format-standard","5":"has-post-thumbnail","7":"category-julkkikset","8":"tag-aki-palsanmu00e4ki","9":"tag-celebrities","10":"tag-entertainment","11":"tag-fi","12":"tag-finland","13":"tag-finnish","14":"tag-heli-palsanmu00e4ki","15":"tag-julkkikset","16":"tag-suomi","17":"tag-viihde"},"share_on_mastodon":{"url":"https:\/\/pubeurope.com\/@fi\/115742410267256727","error":""},"_links":{"self":[{"href":"https:\/\/www.europesays.com\/fi\/wp-json\/wp\/v2\/posts\/119972","targetHints":{"allow":["GET"]}}],"collection":[{"href":"https:\/\/www.europesays.com\/fi\/wp-json\/wp\/v2\/posts"}],"about":[{"href":"https:\/\/www.europesays.com\/fi\/wp-json\/wp\/v2\/types\/post"}],"author":[{"embeddable":true,"href":"https:\/\/www.europesays.com\/fi\/wp-json\/wp\/v2\/users\/2"}],"replies":[{"embeddable":true,"href":"https:\/\/www.europesays.com\/fi\/wp-json\/wp\/v2\/comments?post=119972"}],"version-history":[{"count":0,"href":"https:\/\/www.europesays.com\/fi\/wp-json\/wp\/v2\/posts\/119972\/revisions"}],"wp:featuredmedia":[{"embeddable":true,"href":"https:\/\/www.europesays.com\/fi\/wp-json\/wp\/v2\/media\/62347"}],"wp:attachment":[{"href":"https:\/\/www.europesays.com\/fi\/wp-json\/wp\/v2\/media?parent=119972"}],"wp:term":[{"taxonomy":"category","embeddable":true,"href":"https:\/\/www.europesays.com\/fi\/wp-json\/wp\/v2\/categories?post=119972"},{"taxonomy":"post_tag","embeddable":true,"href":"https:\/\/www.europesays.com\/fi\/wp-json\/wp\/v2\/tags?post=119972"}],"curies":[{"name":"wp","href":"https:\/\/api.w.org\/{rel}","templated":true}]}}