{"id":119986,"date":"2025-12-18T20:41:12","date_gmt":"2025-12-18T20:41:12","guid":{"rendered":"https:\/\/www.europesays.com\/fi\/119986\/"},"modified":"2025-12-18T20:41:12","modified_gmt":"2025-12-18T20:41:12","slug":"mika-poutala-paljastaa-totuuden-erikoisjoukot-ohjelman-ajankohdasta-ja-ministerin-roolistaan","status":"publish","type":"post","link":"https:\/\/www.europesays.com\/fi\/119986\/","title":{"rendered":"Mika Poutala paljastaa totuuden Erikoisjoukot-ohjelman ajankohdasta ja ministerin roolistaan"},"content":{"rendered":"<p>\n            Erikoisjoukot: Robert Helenius, Mika Poutala, Nico Salo<br \/>\n            Jere Hietala \/ Sanoma\n        <\/p>\n<p class=\"subtitle \">Mika Poutala l\u00e4p\u00e4isi ainoana kokelaana Erikoisjoukot-leirin. Viime metreille ylsiv\u00e4t my\u00f6s Robert Helenius ja Nico Salo.<\/p>\n<p class=\"article-content article-content-width !bg-background\">Liikunta, urheilu- ja nuorisoministeri ja entinen olympiaurheilija\u00a0 l\u00e4p\u00e4isi ainoana kokelaana Erikoisjoukot-ohjelman nelj\u00e4nnen kauden. Yhden asian h\u00e4n kuitenkin haluaa oikaista.<\/p>\n<p class=\"article-content article-content-width !bg-background\">Mikasta k\u00e4ytettiin useasti ohjelman aikaan nimityst\u00e4 ministeri. H\u00e4n kertoo Katson haastattelussa, ettei viel\u00e4 kuvausten aikaan ollut ministerin virassa.<\/p>\n<p class=\"article-content article-content-width !bg-background\">\u2013 Ihmisille on tullut sellainen k\u00e4sitys, ett\u00e4 olen j\u00e4tt\u00e4nyt ministerin teht\u00e4v\u00e4 tekem\u00e4tt\u00e4 ja l\u00e4htenyt ohjelman kuvauksiin. Suoraan voin sanoa, ett\u00e4 en olisi voinut l\u00e4hte\u00e4 ohjelmaan mukaan, jos olisin ollut ministeri kuvausten aikaan, Mika kertoo.<\/p>\n<p>        <a itemprop=\"url\" href=\"https:\/\/www.seiska.fi\/katso\/tata-et-nahnyt-tvssa-erikoisjoukot-kuvauksilla-rajut-seuraukset\/2019859\" rel=\"nofollow noopener\" target=\"_blank\"><\/p>\n<p>\nT\u00e4t\u00e4 et n\u00e4hnyt tv:ss\u00e4\n<\/p>\n<p class=\"section-date\">\n        <strong class=\"article-section\" data-section=\"katso\"><br \/>\n            katso<br \/>\n        <\/strong><br \/>\n        12.12. 09:11\n    <\/p>\n<p>T\u00e4t\u00e4 et n\u00e4hnyt tv:ss\u00e4: Erikoisjoukot-kuvauksilla rajut seuraukset\n    <\/p>\n<p itemprop=\"description\" class=\"subtitle \">\n    Erikoisjoukot-ohjelmaa kuvaillaan Suomen brutaaleimmaksi tosi-tv-ohjelmaksi.\n<\/p>\n<p>        <\/a><\/p>\n<p class=\"article-content article-content-width !bg-background\">Ohjelma kuvattiin alkukes\u00e4st\u00e4 2025. Tuohon aikaan Mikan ty\u00f6taakka eduskunnassa oli pienentynyt, sill\u00e4 siirtym\u00e4 ministerinteht\u00e4viin oli edess\u00e4. H\u00e4n sai sovittua tuuraukset tarvittaviin asioihin, joka edellytti sen, ett\u00e4 h\u00e4n saattoi osallistua ohjelmaan.<\/p>\n<p class=\"article-content article-content-width !bg-background\">\u2013 Mutta totta kai se on her\u00e4tt\u00e4nyt keskustelua. Mielest\u00e4ni on hyv\u00e4 ja positiivinen asia, ett\u00e4 t\u00e4llaisista asioista keskustellaan ylip\u00e4\u00e4t\u00e4\u00e4n, Mika tuumaa.<\/p>\n<p>                <img decoding=\"async\" src=\"https:\/\/www.europesays.com\/fi\/wp-content\/uploads\/2025\/12\/2022270.webp\" width=\"576\" height=\"274\" title=\"Mika Poutala oli ainoa kokelaista, joka selvitti tiens\u00e4 leirin loppuun saakka.\" alt=\"Erikoisjoukot: Mika Poutala\" loading=\"lazy\" \/>            <\/p>\n<p>\n            Mika Poutala oli ainoa kokelaista, joka selvitti tiens\u00e4 leirin loppuun saakka.<br \/>\n            Jere Hietala \/ Sanoma\n        <\/p>\n<p>Mika halusi olla esimerkkin\u00e4 muille<\/p>\n<p class=\"article-content article-content-width !bg-background\">Mika l\u00e4hti mukaan ohjelmaan sen vuoksi, ett\u00e4 h\u00e4n halusi olla esimerkkin\u00e4 l\u00e4hinn\u00e4 nuorille, mutta my\u00f6s kaikenik\u00e4isille, kuinka t\u00e4rke\u00e4\u00e4 on pit\u00e4\u00e4 itsens\u00e4 hyv\u00e4ss\u00e4 kunnossa.<\/p>\n<p class=\"article-content article-content-width !bg-background\">\u2013\u00a0Vaikka ty\u00f6 on vaativa ja aikaa viev\u00e4, sen ohella pystyy pit\u00e4m\u00e4\u00e4n itsens\u00e4 kunnossa. Kun sain tiet\u00e4\u00e4, ett\u00e4 minusta tulee ministeri ja salkkuuni kuuluvat liikunta-, urheilu- ja nuorisoasiat, ja kun ehdin viel\u00e4 ennen ministerikauden alkua hoitaa kuvaukset, niin aika nopeasti nousi ajatus, ett\u00e4 t\u00e4m\u00e4 tulee olemaan hieno juttu my\u00f6s ministeriteht\u00e4v\u00e4\u00e4 varten.<\/p>\n<p class=\"article-content article-content-width !bg-background\">\u2013 Ministerin roolissakin on pidett\u00e4v\u00e4 my\u00f6s itsest\u00e4 huolta, vaikka se ei aina v\u00e4ltt\u00e4m\u00e4tt\u00e4 ole helppoa esimerkiksi aikataulujen vuoksi.<\/p>\n<p>Ryhm\u00e4dynamiikka<\/p>\n<p class=\"article-content article-content-width !bg-background\">Erikoisjoukot-ohjelma on tehnyt kouluttajistaan tv-t\u00e4hti\u00e4, joiden suusta leirill\u00e4 kuuluu toisinaan kovaakin pottuilua kokelaiden suuntaan. Mikaa ei kouluttajien sanat haitanneet, sill\u00e4 h\u00e4n oli sis\u00e4ist\u00e4nyt, ett\u00e4 kovat sanat kuuluvat koulutukseen.<\/p>\n<p class=\"article-content article-content-width !bg-background\">\u2013 Totta kai v\u00e4lill\u00e4 tuntui, ett\u00e4 tulikohan tuokin kommentti ihan oikeasti aiheesta.<\/p>\n<p>                <img decoding=\"async\" src=\"https:\/\/www.europesays.com\/fi\/wp-content\/uploads\/2025\/12\/2003488.webp\" width=\"576\" height=\"274\" title=\"Erikoisjoukot-kouluttajat Matias Pet\u00e4ist\u00f6, Janne Lehtonen, Robin Hendry, Jan Knutti.\" alt=\"Erikoisjoukot, 4. kausi, 2025, Matias Pet\u00e4ist\u00f6, Janne Lehtonen, Robin Hendry, Jan Knutti.\" loading=\"lazy\" \/>            <\/p>\n<p>\n            Erikoisjoukot-kouluttajat Matias Pet\u00e4ist\u00f6, Janne Lehtonen, Robin Hendry, Jan Knutti.<br \/>\n            Jere Hietala\/Sanoma\n        <\/p>\n<p class=\"article-content article-content-width !bg-background\">Kokelaatkin n\u00e4kiv\u00e4t itse tv-ohjelman vasta my\u00f6hemmin. Kun Mika kuuli, mit\u00e4 h\u00e4nen tovereilleen oli kuulusteluissa sanottu, niin silloin h\u00e4nelle saattoi tulla ik\u00e4v\u00e4 fiilis tai olo, ett\u00e4 kaveria pit\u00e4isi puolustaa.<\/p>\n<p class=\"article-content article-content-width !bg-background\">\u2013 Toki en ollut ehk\u00e4 kaikesta samaa mielt\u00e4, mutta ymm\u00e4rr\u00e4n sen, ett\u00e4 heid\u00e4n teht\u00e4v\u00e4ns\u00e4 on p\u00e4\u00e4st\u00e4 p\u00e4idemme sis\u00e4\u00e4n.<\/p>\n<p class=\"article-content article-content-width !bg-background\">Mika kertoo, ett\u00e4 ryhm\u00e4dynamiikka kokelaiden v\u00e4lill\u00e4 oli hyv\u00e4. Varsinkin viimeisen 8 kokelaan v\u00e4lille syntyi yst\u00e4vyytt\u00e4kin. Kokelailla on yhteinen viestiryhm\u00e4. T\u00f6rm\u00e4sip\u00e4 h\u00e4n\u00a0 hiljattain Linnan juhlissakin.<\/p>\n<p>        <a itemprop=\"url\" href=\"https:\/\/www.seiska.fi\/katso\/mita-erikoisjoukot-kouluttajat-syovat-kuvauksissa-nain-tuotanto-vastaa\/2003400\" rel=\"nofollow noopener\" target=\"_blank\"><\/p>\n<p>\nTuotanto paljastaa\n<\/p>\n<p class=\"section-date\">\n        <strong class=\"article-section\" data-section=\"katso\"><br \/>\n            katso<br \/>\n        <\/strong><br \/>\n        27.11. 08:45\n    <\/p>\n<p>Mit\u00e4 Erikoisjoukot-kouluttajat sy\u00f6v\u00e4t kuvauksissa? N\u00e4in tuotanto vastaa\n    <\/p>\n<p itemprop=\"description\" class=\"subtitle \">\n    Tuotanto paljastaa, ett\u00e4 Erikoisjoukot-kouluttajilla on mahdollisuus anoa &#8221;poistumislupa&#8221;.\n<\/p>\n<p>        <\/a><\/p>\n<p>Huippu-urheilija<\/p>\n<p class=\"article-content article-content-width !bg-background\">Ennen poliittista uraansa Suomen Kristillisdemokraateissa Mika niitti uraa menestyneen\u00e4 pikaluistelijana. H\u00e4n osallistui neljiin olympialaisiin, joista parhaan sijoituksensa h\u00e4n saavutti Pyeongchangin talviolympialaisissa vuonna 2018. Tuolloin h\u00e4n sijoittui nelj\u00e4nneksi. Samana vuonna h\u00e4n voitti my\u00f6s EM-hopeaa 500 metrill\u00e4 ja joukkuesprintiss\u00e4.<\/p>\n<p class=\"italic m-italic article-content article-content-width !bg-background\">Erikoisjoukot Ruudussa.<\/p>\n<p>        <a itemprop=\"url\" href=\"https:\/\/www.seiska.fi\/katso\/tuotanto-vastaa-voivatko-julkkikset-pesta-vaatteitaan-erikoisjoukoissa\/1987034\" rel=\"nofollow noopener\" target=\"_blank\"><\/p>\n<p>\nErikoisjoukot\n<\/p>\n<p class=\"section-date\">\n        <strong class=\"article-section\" data-section=\"katso\"><br \/>\n            katso<br \/>\n        <\/strong><br \/>\n        7.11. 15:15\n    <\/p>\n<p>Tuotanto vastaa: Voivatko julkkikset pest\u00e4 vaatteitaan Erikoisjoukoissa?\n    <\/p>\n<p itemprop=\"description\" class=\"subtitle \">\n    Erikoisjoukot-kokelaiden tuvassa tuskin tuoksuu ruusuiselta.\n<\/p>\n<p>        <\/a><\/p>\n","protected":false},"excerpt":{"rendered":"Erikoisjoukot: Robert Helenius, Mika Poutala, Nico Salo Jere Hietala \/ Sanoma Mika Poutala l\u00e4p\u00e4isi ainoana kokelaana Erikoisjoukot-leirin. Viime&hellip;\n","protected":false},"author":2,"featured_media":119987,"comment_status":"","ping_status":"","sticky":false,"template":"","format":"standard","meta":{"footnotes":""},"categories":[136],"tags":[407,137,2159,33,31,30,408,563,19468,21675,1758,21676,2158,32,1318,109],"class_list":{"0":"post-119986","1":"post","2":"type-post","3":"status-publish","4":"format-standard","5":"has-post-thumbnail","7":"category-julkkikset","8":"tag-celebrities","9":"tag-entertainment","10":"tag-erikoisjoukot","11":"tag-fi","12":"tag-finland","13":"tag-finnish","14":"tag-julkkikset","15":"tag-liikunta","16":"tag-mika-poutala","17":"tag-ministeri","18":"tag-nelonen","19":"tag-olympiaurheilija","20":"tag-ruutu","21":"tag-suomi","22":"tag-tv-ohjelma","23":"tag-viihde"},"share_on_mastodon":{"url":"https:\/\/pubeurope.com\/@fi\/115742512861106575","error":""},"_links":{"self":[{"href":"https:\/\/www.europesays.com\/fi\/wp-json\/wp\/v2\/posts\/119986","targetHints":{"allow":["GET"]}}],"collection":[{"href":"https:\/\/www.europesays.com\/fi\/wp-json\/wp\/v2\/posts"}],"about":[{"href":"https:\/\/www.europesays.com\/fi\/wp-json\/wp\/v2\/types\/post"}],"author":[{"embeddable":true,"href":"https:\/\/www.europesays.com\/fi\/wp-json\/wp\/v2\/users\/2"}],"replies":[{"embeddable":true,"href":"https:\/\/www.europesays.com\/fi\/wp-json\/wp\/v2\/comments?post=119986"}],"version-history":[{"count":0,"href":"https:\/\/www.europesays.com\/fi\/wp-json\/wp\/v2\/posts\/119986\/revisions"}],"wp:featuredmedia":[{"embeddable":true,"href":"https:\/\/www.europesays.com\/fi\/wp-json\/wp\/v2\/media\/119987"}],"wp:attachment":[{"href":"https:\/\/www.europesays.com\/fi\/wp-json\/wp\/v2\/media?parent=119986"}],"wp:term":[{"taxonomy":"category","embeddable":true,"href":"https:\/\/www.europesays.com\/fi\/wp-json\/wp\/v2\/categories?post=119986"},{"taxonomy":"post_tag","embeddable":true,"href":"https:\/\/www.europesays.com\/fi\/wp-json\/wp\/v2\/tags?post=119986"}],"curies":[{"name":"wp","href":"https:\/\/api.w.org\/{rel}","templated":true}]}}