{"id":119998,"date":"2025-12-18T20:55:17","date_gmt":"2025-12-18T20:55:17","guid":{"rendered":"https:\/\/www.europesays.com\/fi\/119998\/"},"modified":"2025-12-18T20:55:17","modified_gmt":"2025-12-18T20:55:17","slug":"rekka-ja-pakettiauto-tormasivat-kouvolassa-yksi-henkilo-kuollut-kotimaa","status":"publish","type":"post","link":"https:\/\/www.europesays.com\/fi\/119998\/","title":{"rendered":"Rekka ja pakettiauto t\u00f6rm\u00e4siv\u00e4t Kouvolassa \u2013 yksi henkil\u00f6 kuollut | Kotimaa"},"content":{"rendered":"<p class=\"aw-1gybjub aw-5vja16 kEtdKx kmuxyA yle__article__paragraph\">Onnettomuus sattui l\u00e4hell\u00e4 Tykkim\u00e4ke\u00e4 torstaina iltap\u00e4iv\u00e4ll\u00e4 nelj\u00e4n aikaan.<\/p>\n<p><img decoding=\"async\" alt=\"Poliisi ohjaamassa liikennett\u00e4 onnettpmuuspaikalla.\" src=\"https:\/\/www.europesays.com\/fi\/wp-content\/uploads\/2025\/12\/39-15721306944180110aed.jpeg\" class=\"aw-1l9m598 hKVVvP\"\/><\/p>\n<p>Avaa kuvien katselu<\/p>\n<p>Poliisi ohjasi liikennett\u00e4 onnettomuuspaikalla torstai-iltana. Kuva: Mari Siltanen \/ Yle<\/p>\n<p>16:21\u2022P\u00e4ivitetty 16:23<\/p>\n<p class=\"aw-1gybjub aw-1p7kakr kEtdKx cEmitX yle__article__paragraph\">Kouvolassa on sattunut liikenneonnettomuus, jossa on kuollut yksi henkil\u00f6.<\/p>\n<p class=\"aw-1gybjub aw-1p7kakr kEtdKx cEmitX yle__article__paragraph\">Rekka ja pakettiauto t\u00f6rm\u00e4siv\u00e4t toisiinsa Kuutostien ja Karjalankadun risteyksess\u00e4.<\/p>\n<p><img decoding=\"async\" alt=\"Kartta Kouvolasta, jossa Tykkim\u00e4en l\u00e4hell\u00e4 Kuutostiell\u00e4 merkittyn\u00e4 onnettomuuspaikka.\" src=\"https:\/\/www.europesays.com\/fi\/wp-content\/uploads\/2025\/12\/39-157204669440b43a28f2.jpeg\" loading=\"lazy\" class=\"aw-1l9m598 hKVVvP\"\/><\/p>\n<p>Avaa kuvien katselu<\/p>\n<p>Kuva:  Mari Siltanen \/ Yle, Mapcreator, Open Street Map<\/p>\n<p class=\"aw-1gybjub aw-1p7kakr kEtdKx cEmitX yle__article__paragraph\">Onnettomuus sattui t\u00e4n\u00e4\u00e4n torstaina iltap\u00e4iv\u00e4ll\u00e4 hieman ennen nelj\u00e4\u00e4.<\/p>\n<p class=\"aw-1gybjub aw-1p7kakr kEtdKx cEmitX yle__article__paragraph\">Poliisi tiedotti kello 17.26, ett\u00e4 liikenneonnettomuudessa on kuollut yksi henkil\u00f6.<\/p>\n<p class=\"aw-1gybjub aw-1p7kakr kEtdKx cEmitX yle__article__paragraph\">Liikenne oli poikki kokonaan Jyr\u00e4\u00e4ntien ja Heinolantien v\u00e4lilt\u00e4. Poliisi ohjasi liikennett\u00e4.<\/p>\n<p class=\"aw-1gybjub aw-1p7kakr kEtdKx cEmitX yle__article__paragraph\">Poliisi kertoi kello 18.28, ett\u00e4 onnettomuuspaikalla tie on avattu liikenteelle. Poliisi jatkaa onnettomuuteen johtaneiden syiden tutkintaa.<\/p>\n<p><img decoding=\"async\" alt=\"Autot ajavat pime\u00e4ss\u00e4 tiet\u00e4 pitkin.\" src=\"https:\/\/www.europesays.com\/fi\/wp-content\/uploads\/2025\/12\/39-1572129694418010253b.jpeg\" loading=\"lazy\" class=\"aw-1l9m598 hKVVvP\"\/><\/p>\n<p>Avaa kuvien katselu<\/p>\n<p>Onnettomuuspaikalla liikenne ruuhkautui iltap\u00e4iv\u00e4n aikana. Kuva: Mari Siltanen \/ Yle<\/p>\n","protected":false},"excerpt":{"rendered":"Onnettomuus sattui l\u00e4hell\u00e4 Tykkim\u00e4ke\u00e4 torstaina iltap\u00e4iv\u00e4ll\u00e4 nelj\u00e4n aikaan. Avaa kuvien katselu Poliisi ohjasi liikennett\u00e4 onnettomuuspaikalla torstai-iltana. Kuva: Mari&hellip;\n","protected":false},"author":2,"featured_media":119999,"comment_status":"","ping_status":"","sticky":false,"template":"","format":"standard","meta":{"footnotes":""},"categories":[5],"tags":[22,23,26,27,33,31,30,17,71,737,464,24,25,990,28,29,15,837,18,21,32,19,20,16],"class_list":{"0":"post-119998","1":"post","2":"type-post","3":"status-publish","4":"format-standard","5":"has-post-thumbnail","7":"category-otsikot","8":"tag-breaking-news","9":"tag-breakingnews","10":"tag-featured-news","11":"tag-featurednews","12":"tag-fi","13":"tag-finland","14":"tag-finnish","15":"tag-headlines","16":"tag-kotimaa","17":"tag-kouvola","18":"tag-kymenlaakso","19":"tag-latest-news","20":"tag-latestnews","21":"tag-liikenneonnettomuudet","22":"tag-main-news","23":"tag-mainnews","24":"tag-news","25":"tag-onnettomuudet","26":"tag-otsikot","27":"tag-paauutiset","28":"tag-suomi","29":"tag-top-stories","30":"tag-topstories","31":"tag-uutiset"},"share_on_mastodon":{"url":"https:\/\/pubeurope.com\/@fi\/115742568644825465","error":""},"_links":{"self":[{"href":"https:\/\/www.europesays.com\/fi\/wp-json\/wp\/v2\/posts\/119998","targetHints":{"allow":["GET"]}}],"collection":[{"href":"https:\/\/www.europesays.com\/fi\/wp-json\/wp\/v2\/posts"}],"about":[{"href":"https:\/\/www.europesays.com\/fi\/wp-json\/wp\/v2\/types\/post"}],"author":[{"embeddable":true,"href":"https:\/\/www.europesays.com\/fi\/wp-json\/wp\/v2\/users\/2"}],"replies":[{"embeddable":true,"href":"https:\/\/www.europesays.com\/fi\/wp-json\/wp\/v2\/comments?post=119998"}],"version-history":[{"count":0,"href":"https:\/\/www.europesays.com\/fi\/wp-json\/wp\/v2\/posts\/119998\/revisions"}],"wp:featuredmedia":[{"embeddable":true,"href":"https:\/\/www.europesays.com\/fi\/wp-json\/wp\/v2\/media\/119999"}],"wp:attachment":[{"href":"https:\/\/www.europesays.com\/fi\/wp-json\/wp\/v2\/media?parent=119998"}],"wp:term":[{"taxonomy":"category","embeddable":true,"href":"https:\/\/www.europesays.com\/fi\/wp-json\/wp\/v2\/categories?post=119998"},{"taxonomy":"post_tag","embeddable":true,"href":"https:\/\/www.europesays.com\/fi\/wp-json\/wp\/v2\/tags?post=119998"}],"curies":[{"name":"wp","href":"https:\/\/api.w.org\/{rel}","templated":true}]}}