{"id":120000,"date":"2025-12-18T21:07:22","date_gmt":"2025-12-18T21:07:22","guid":{"rendered":"https:\/\/www.europesays.com\/fi\/120000\/"},"modified":"2025-12-18T21:07:22","modified_gmt":"2025-12-18T21:07:22","slug":"saana-akiola-menee-uudelleen-naimisiin-%e2%88%92-esitteli-sulhasensa","status":"publish","type":"post","link":"https:\/\/www.europesays.com\/fi\/120000\/","title":{"rendered":"Saana Akiola menee uudelleen naimisiin \u2212 esitteli sulhasensa"},"content":{"rendered":"<p class=\"ingress\">Selviytyj\u00e4t Suomi -kisan voittanut tanssinopettaja Saana Akiola suunnittelee h\u00e4it\u00e4\u00e4n. Vuoden takainen loukkaantuminen poiki yll\u00e4tt\u00e4en my\u00f6s jotain hyv\u00e4\u00e4.<\/p>\n<p>Tanssija, koreografi <strong>Saana Akiola<\/strong> toi Terapia-elokuvan kutsuvierasensi-illassa kameroiden eteen mies\u00adyst\u00e4v\u00e4ns\u00e4<strong> Kimmo Pikkaraisen.<\/strong> Pariskunta on seurustellut jo pidemm\u00e4n aikaa.<\/p>\n<p>\u201dOlemme olleet yhdess\u00e4 jo vaikka kuinka pitk\u00e4\u00e4n, ja menemme alkavana vuonna naimisiin\u201d, Saana kertoi punaisella matolla Helsingin Tennispalatsissa.<\/p>\n<p>H\u00e4\u00e4j\u00e4rjestelyt ovat jo alkaneet mutta niiden kanssa ei Saanan mukaan viel\u00e4 hikoilla. Kirkkoh\u00e4it\u00e4 ei ole luvassa.<\/p>\n<p>\u201dOlemme molemmat olleet naimisissa jo kerran, nyt menn\u00e4\u00e4n juhlat edell\u00e4.\u201d<\/p>\n<p><strong>Lue my\u00f6s<\/strong>: <a href=\"https:\/\/anna.fi\/ihmiset\/ttk-tahti-saana-akiola-yksinolo-pitkan-suhteen-jalkeen-auttoi-kasvamaan\" rel=\"nofollow noopener\" target=\"_blank\">TTK-t\u00e4hti Saana Akiola: \u201dYksinolo pitk\u00e4n suhteen j\u00e4lkeen auttoi kasvamaan\u201d<\/a><\/p>\n<p>Alkuvuodesta Saana ty\u00f6skentelee oman verkkovalmennuksensa parissa. Menneen\u00e4 vuonna h\u00e4n osallistui Selviytyj\u00e4t Suomi -ohjelmaan ja voitti kisan. Saanaa kiinnostaisi tehd\u00e4 muutakin kuin ty\u00f6skennell\u00e4 tanssin parissa.\u00a0<\/p>\n<p>\u201dOlen saanut tosi paljon ty\u00f6tarjouksia, mik\u00e4 on ollut ihanaa. Valitsen sen mukaan, mik\u00e4 houkuttelee, koska minusta olisi ihana tehd\u00e4 muutakin kuin tanssia.\u201d<\/p>\n<p><strong>Lue my\u00f6s Kotiliesi.fi:<\/strong> <a href=\"https:\/\/kotiliesi.fi\/ihmiset\/eeva-eloranta\/\" rel=\"nofollow noopener\" target=\"_blank\">Eeva Eloranta s\u00e4ik\u00e4hti n\u00e4hdess\u00e4\u00e4n tulevan puolisonsa ensi kertaa: \u201dMafioson n\u00e4k\u00f6inen mies\u201d<\/a><\/p>\n<p>Vuosi sitten Saana loukkasi jalkansa ja joutui j\u00e4\u00e4m\u00e4\u00e4n sivuun muun muassa tanssikiertueelta. Pilvist\u00e4 erottui kuitenkin pian hopeareunus.<\/p>\n<p>\u201dKun olin loukkaantunut, pohdin ja mietin tosi paljon, mit\u00e4 haluan tehd\u00e4. Nyt oma visio on ehk\u00e4 kirkastunut. Tanssi on ihanaa enk\u00e4 halua siit\u00e4 miss\u00e4\u00e4n nimess\u00e4 luopua, mutta nyt kun sain verkkovalmennuksen, se mahdollistaa my\u00f6s jotain muuta. Katsotaan mit\u00e4 tulee!\u201d<\/p>\n<p>Puolison tuki raskaana aikana oli t\u00e4rke\u00e4\u00e4.<\/p>\n<p>\u201dVaikka se oli silloin ihan hirve\u00e4\u00e4 ja raskasta, niin Kimmokin sanoi, ett\u00e4 usein n\u00e4m\u00e4 ovat niit\u00e4 hetki\u00e4, jolloin tajuaa, ett\u00e4 juuri n\u00e4in n\u00e4iden asioiden pitikin menn\u00e4. Ajattelen usein itsekin niin, mutta on ihanaa, kun vieress\u00e4 on joku, joka viel\u00e4 vahvistaa sen. Uskon aina muutenkin siihen, ett\u00e4 el\u00e4m\u00e4 aina kantaa ja kaikella on tarkoitus.\u201d\u00a0<\/p>\n<p>    Sinua voi kiinnostaa my\u00f6s:<\/p>\n<ol class=\"read-also__list\">\n<li>\n<p>            <img loading=\"lazy\" decoding=\"async\" class=\"card__image awpo-lqip awpo-lazy\" width=\"2209\" height=\"1643\" src=\"https:\/\/www.europesays.com\/fi\/wp-content\/uploads\/2025\/12\/dsc9959v.jpg\"\/>                <a href=\"https:\/\/anna.fi\/kategoria\/ihmiset\" class=\"card__vignette\" rel=\"nofollow noopener\" target=\"_blank\"><br \/>\n            Ihmiset          <\/a><\/p>\n<p>      <a href=\"https:\/\/anna.fi\/ihmiset\/ttk-tahti-saana-akiola-yksinolo-pitkan-suhteen-jalkeen-auttoi-kasvamaan\" class=\"card__link-overlay\" rel=\"nofollow noopener\" target=\"_blank\">TTK-t\u00e4hti Saana Akiola: &#8221;Yksinolo pitk\u00e4n suhteen j\u00e4lkeen auttoi kasvamaan&#8221;<\/a><\/p>\n<\/li>\n<li>\n<p>            <img loading=\"lazy\" decoding=\"async\" class=\"card__image awpo-lqip awpo-lazy\" width=\"2000\" height=\"1500\" src=\"https:\/\/www.europesays.com\/fi\/wp-content\/uploads\/2025\/12\/dscf5195-1.jpg\"\/>                <a href=\"https:\/\/anna.fi\/kategoria\/ihmiset\" class=\"card__vignette\" rel=\"nofollow noopener\" target=\"_blank\"><br \/>\n            Ihmiset          <\/a><\/p>\n<p>      <a href=\"https:\/\/anna.fi\/ihmiset\/johannes-holopainen-haaveilee-omasta-perheesta\" class=\"card__link-overlay\" rel=\"nofollow noopener\" target=\"_blank\">Johannes Holopainen haaveilee omasta perheest\u00e4: \u201dUskon, ett\u00e4 omat lapset ovat parhaat tyypit, joita koskaan voi kohdata\u201d<\/a><\/p>\n<\/li>\n<li>\n<p>            <img loading=\"lazy\" decoding=\"async\" class=\"card__image awpo-lqip awpo-lazy\" width=\"2000\" height=\"1164\" src=\"https:\/\/www.europesays.com\/fi\/wp-content\/uploads\/2025\/12\/anna_marita_taavitsainen_21a4374_edit.jpg\"\/>                <a href=\"https:\/\/anna.fi\/kategoria\/ihmiset\" class=\"card__vignette\" rel=\"nofollow noopener\" target=\"_blank\"><br \/>\n            Ihmiset          <\/a><\/p>\n<p>      <a href=\"https:\/\/anna.fi\/ihmiset\/marita-taavitsainen-avioliittonsa-kariutumises\" class=\"card__link-overlay\" rel=\"nofollow noopener\" target=\"_blank\">Marita Taavitsainen ei halua en\u00e4\u00e4 ikin\u00e4 naimisiin \u2212 uskoo tiet\u00e4v\u00e4ns\u00e4 syyn avioliittonsa kariutumiselle<\/a><\/p>\n<\/li>\n<\/ol>\n","protected":false},"excerpt":{"rendered":"Selviytyj\u00e4t Suomi -kisan voittanut tanssinopettaja Saana Akiola suunnittelee h\u00e4it\u00e4\u00e4n. Vuoden takainen loukkaantuminen poiki yll\u00e4tt\u00e4en my\u00f6s jotain hyv\u00e4\u00e4. Tanssija,&hellip;\n","protected":false},"author":2,"featured_media":120001,"comment_status":"","ping_status":"","sticky":false,"template":"","format":"standard","meta":{"footnotes":""},"categories":[136],"tags":[407,137,33,31,30,1208,408,1496,32,1355,903,1247,109],"class_list":{"0":"post-120000","1":"post","2":"type-post","3":"status-publish","4":"format-standard","5":"has-post-thumbnail","7":"category-julkkikset","8":"tag-celebrities","9":"tag-entertainment","10":"tag-fi","11":"tag-finland","12":"tag-finnish","13":"tag-haat","14":"tag-julkkikset","15":"tag-parisuhde","16":"tag-suomi","17":"tag-tanssi","18":"tag-tanssii-tahtien-kanssa","19":"tag-televisio","20":"tag-viihde"},"share_on_mastodon":{"url":"https:\/\/pubeurope.com\/@fi\/115742615234565767","error":""},"_links":{"self":[{"href":"https:\/\/www.europesays.com\/fi\/wp-json\/wp\/v2\/posts\/120000","targetHints":{"allow":["GET"]}}],"collection":[{"href":"https:\/\/www.europesays.com\/fi\/wp-json\/wp\/v2\/posts"}],"about":[{"href":"https:\/\/www.europesays.com\/fi\/wp-json\/wp\/v2\/types\/post"}],"author":[{"embeddable":true,"href":"https:\/\/www.europesays.com\/fi\/wp-json\/wp\/v2\/users\/2"}],"replies":[{"embeddable":true,"href":"https:\/\/www.europesays.com\/fi\/wp-json\/wp\/v2\/comments?post=120000"}],"version-history":[{"count":0,"href":"https:\/\/www.europesays.com\/fi\/wp-json\/wp\/v2\/posts\/120000\/revisions"}],"wp:featuredmedia":[{"embeddable":true,"href":"https:\/\/www.europesays.com\/fi\/wp-json\/wp\/v2\/media\/120001"}],"wp:attachment":[{"href":"https:\/\/www.europesays.com\/fi\/wp-json\/wp\/v2\/media?parent=120000"}],"wp:term":[{"taxonomy":"category","embeddable":true,"href":"https:\/\/www.europesays.com\/fi\/wp-json\/wp\/v2\/categories?post=120000"},{"taxonomy":"post_tag","embeddable":true,"href":"https:\/\/www.europesays.com\/fi\/wp-json\/wp\/v2\/tags?post=120000"}],"curies":[{"name":"wp","href":"https:\/\/api.w.org\/{rel}","templated":true}]}}