{"id":120006,"date":"2025-12-18T21:15:19","date_gmt":"2025-12-18T21:15:19","guid":{"rendered":"https:\/\/www.europesays.com\/fi\/120006\/"},"modified":"2025-12-18T21:15:19","modified_gmt":"2025-12-18T21:15:19","slug":"elina-salon-kuolinilmoituksessa-merkillepantava-yksityiskohta-kuolinpaikkaan-liittyen","status":"publish","type":"post","link":"https:\/\/www.europesays.com\/fi\/120006\/","title":{"rendered":"Elina Salon kuolinilmoituksessa merkillepantava yksityiskohta kuolinpaikkaan liittyen"},"content":{"rendered":"<p>Elina Salo kuoli lokakuun lopulla 89-vuotiaana.<\/p>\n<p><img decoding=\"async\" class=\"image image-show image-preview\" src=\"https:\/\/www.europesays.com\/fi\/wp-content\/uploads\/2025\/11\/1f28d6a55ecabecfed9c6b150f64ed52d6d82868f2a6dda8614d02619e982010.jpg\" alt=\"\"\/><img decoding=\"async\" class=\"image image-show\" src=\"https:\/\/www.europesays.com\/fi\/wp-content\/uploads\/2025\/11\/1762425788_336_1f28d6a55ecabecfed9c6b150f64ed52d6d82868f2a6dda8614d02619e982010.jpg\" alt=\"\"\/><\/p>\n<p>Elina Salo kuoli lokakuun lopulla. Timo Korhonen<\/p>\n<p class=\"paragraph\">N\u00e4yttelij\u00e4 <a href=\"https:\/\/www.iltalehti.fi\/henkilot\/Elina Salo\" class=\"article-link-person-page\" rel=\"nofollow noopener\" target=\"_blank\">Elina Salon<\/a> kuolinilmoitus on julkaistu <a href=\"https:\/\/nakoislehti.hs.fi\/76e487ad-2c5b-4848-84f7-052b33bad844\/1\" rel=\"noopener nofollow\" target=\"_blank\">Helsingin Sanomissa<\/a> torstaina.<\/p>\n<p class=\"paragraph\">Ilmoitukseen on liitetty joutsenen kuva. Siihen on my\u00f6s liitetty englantilaiskirjailija <a href=\"https:\/\/www.iltalehti.fi\/henkilot\/Walter Savage Landor\" class=\"article-link-person-page\" rel=\"nofollow noopener\" target=\"_blank\">Walter Savage Landorin<\/a> runo Dying Speech of an Old Philospher.<\/p>\n<p class=\"paragraph\">I strove with none<\/p>\n<p class=\"paragraph\">for none was worth my strife:<\/p>\n<p class=\"paragraph\">Nature I loved, and, next to Nature, Art:<\/p>\n<p class=\"paragraph\">I warm\u2019d both hands before the fire of Life;<\/p>\n<p class=\"paragraph\">It sinks; and I am ready to depart<\/p>\n<p class=\"paragraph\">Kuolinilmoituksen ovat allekirjoittaneet Salon l\u00e4heiset.<\/p>\n<p class=\"paragraph\">\u2013 Hyv\u00e4stelty l\u00e4heisten l\u00e4sn\u00e4 ollessa. L\u00e4mmin kiitos osanotoista, kuolinilmoitus p\u00e4\u00e4ttyy.<\/p>\n<p class=\"paragraph\">Salo asui vuosien ajan Ranskassa. Kuolinilmoituksen mukaan Salo kuoli Helsingiss\u00e4 23. lokakuuta Helsingiss\u00e4.<\/p>\n<p class=\"paragraph\">Kuollessaan Salo oli 89-vuotias.<\/p>\n<p class=\"paragraph\">Vuonna 1936 Sipoossa syntynyt Salo teki pitk\u00e4n uran n\u00e4yttelij\u00e4n\u00e4.<\/p>\n<p class=\"paragraph\">1960-luvulla Salo n\u00e4ytteli <a href=\"https:\/\/www.iltalehti.fi\/henkilot\/Matti Kassila\" class=\"article-link-person-page\" rel=\"nofollow noopener\" target=\"_blank\">Matti Kassilan<\/a> ohjaamissa Komisario Palmu -elokuvissa. Komisario Palmun erehdys (1960) ja Kaasua, komisario Palmu! (1961) tekiv\u00e4t h\u00e4nest\u00e4 suositun ja kriitikoiden kehuman n\u00e4yttelij\u00e4n.<\/p>\n<p class=\"paragraph\">Salo muistetaan my\u00f6s muun muassa Muumilaakson tarinoita -piirretyn alkuper\u00e4isen\u00e4 Pikku Myyn \u00e4\u00e4nen\u00e4.<\/p>\n<p class=\"paragraph\">Juttua p\u00e4ivitetty 18.12.2025 klo 15.46: Lis\u00e4tty tieto Elina Salon asumisesta Ranskassa.<\/p>\n","protected":false},"excerpt":{"rendered":"Elina Salo kuoli lokakuun lopulla 89-vuotiaana. Elina Salo kuoli lokakuun lopulla. Timo Korhonen N\u00e4yttelij\u00e4 Elina Salon kuolinilmoitus on&hellip;\n","protected":false},"author":2,"featured_media":82660,"comment_status":"","ping_status":"","sticky":false,"template":"","format":"standard","meta":{"footnotes":""},"categories":[130],"tags":[35,623,2234,137,33,31,30,379,1928,32,485,140,109],"class_list":{"0":"post-120006","1":"post","2":"type-post","3":"status-publish","4":"format-standard","5":"has-post-thumbnail","7":"category-viihde","8":"tag-24h","9":"tag-elokuva","10":"tag-elokuvagenre","11":"tag-entertainment","12":"tag-fi","13":"tag-finland","14":"tag-finnish","15":"tag-kirjallisuus","16":"tag-kirjallisuus-ja-audiovisuaalinen-media","17":"tag-suomi","18":"tag-taide-yleista","19":"tag-tv-ja-elokuvat","20":"tag-viihde"},"share_on_mastodon":{"url":"https:\/\/pubeurope.com\/@fi\/115742646541757343","error":""},"_links":{"self":[{"href":"https:\/\/www.europesays.com\/fi\/wp-json\/wp\/v2\/posts\/120006","targetHints":{"allow":["GET"]}}],"collection":[{"href":"https:\/\/www.europesays.com\/fi\/wp-json\/wp\/v2\/posts"}],"about":[{"href":"https:\/\/www.europesays.com\/fi\/wp-json\/wp\/v2\/types\/post"}],"author":[{"embeddable":true,"href":"https:\/\/www.europesays.com\/fi\/wp-json\/wp\/v2\/users\/2"}],"replies":[{"embeddable":true,"href":"https:\/\/www.europesays.com\/fi\/wp-json\/wp\/v2\/comments?post=120006"}],"version-history":[{"count":0,"href":"https:\/\/www.europesays.com\/fi\/wp-json\/wp\/v2\/posts\/120006\/revisions"}],"wp:featuredmedia":[{"embeddable":true,"href":"https:\/\/www.europesays.com\/fi\/wp-json\/wp\/v2\/media\/82660"}],"wp:attachment":[{"href":"https:\/\/www.europesays.com\/fi\/wp-json\/wp\/v2\/media?parent=120006"}],"wp:term":[{"taxonomy":"category","embeddable":true,"href":"https:\/\/www.europesays.com\/fi\/wp-json\/wp\/v2\/categories?post=120006"},{"taxonomy":"post_tag","embeddable":true,"href":"https:\/\/www.europesays.com\/fi\/wp-json\/wp\/v2\/tags?post=120006"}],"curies":[{"name":"wp","href":"https:\/\/api.w.org\/{rel}","templated":true}]}}