{"id":120009,"date":"2025-12-18T21:18:09","date_gmt":"2025-12-18T21:18:09","guid":{"rendered":"https:\/\/www.europesays.com\/fi\/120009\/"},"modified":"2025-12-18T21:18:09","modified_gmt":"2025-12-18T21:18:09","slug":"facebook-testaa-rajua-rajoitusta-sivuille-vain-pari-linkkia-kuussa-ellet-maksa","status":"publish","type":"post","link":"https:\/\/www.europesays.com\/fi\/120009\/","title":{"rendered":"Facebook testaa rajua rajoitusta sivuille: vain pari linkki\u00e4 kuussa ellet maksa"},"content":{"rendered":"<p><img fetchpriority=\"high\" decoding=\"async\" class=\"alignnone size-large wp-image-247208\" src=\"data:image\/svg+xml,%3Csvg%20xmlns=\" http:=\"\" alt=\"\" width=\"1200\" height=\"675\" data-lazy- data-lazy- data-lazy-src=\"https:\/\/www.europesays.com\/fi\/wp-content\/uploads\/2025\/12\/facebook-logo-1200x675.png\"\/><\/p>\n<p>Facebookissa testataan ulkoisten linkkien jakamisrajoitusta. Ilmaisk\u00e4ytt\u00e4j\u00e4t voisivat linkitt\u00e4\u00e4 Facebookin ulkopuolelle vain muutamia kertoja kuukaudessa.<\/p>\n<p>Sosiaalisen median analyytikko Matt Navarra <a href=\"https:\/\/www.threads.com\/@mattnavarra\/post\/DSXCACNirEt?xmt=AQF0UeI-jfYd5-HZwHH8BR54IgDrPtJX7XJ2N_A6JmpbCw\" rel=\"nofollow noopener\" target=\"_blank\">vahvistaa<\/a>, ett\u00e4 kyseess\u00e4 on rajattu kokeilu, joka koskee ensi alkuun vain osaa Facebook-k\u00e4ytt\u00e4jist\u00e4. Kokeiluun valitut voivat jakaa Facebookissa ulkoisille alustoille, kuten blogeihin tai uutissivustoille, johtavia linkkej\u00e4 vain muutaman kerran kuukaudessa. Rajoitukset vaihtelevat k\u00e4ytt\u00e4j\u00e4kohtaisesti.<\/p>\n<p style=\"width: 98%; text-align: center; font-size:13px; border-bottom: 1px solid #C8C8C8; line-height: 0.1em; margin: 8px 1% 16px 1%;\">MAINOS (ARTIKKELI JATKUU ALLA)<\/p>\n<p>Ero nykyiseen on merkitt\u00e4v\u00e4, sill\u00e4 linkkien jakamista ei ole aiemmin rajoitettu. My\u00f6s uusista rajoituksista p\u00e4\u00e4see eroon maksullisella Meta Verified -tilauksella.<\/p>\n<p>Navarran jakamien ruutukaappauksien mukaan Meta haluaa kokeilullaan selvitt\u00e4\u00e4, toisiko mahdollisuus jakaa ulkopuolisille alustoille johtavia linkkej\u00e4 merkitt\u00e4v\u00e4\u00e4 lis\u00e4arvoa Meta Verified -tilaukseen.<\/p>\n<p>Facebook-yhti\u00f6 Meta on vahvistanut testin k\u00e4ynnistymisen <a href=\"https:\/\/techcrunch.com\/2025\/12\/17\/facebook-is-testing-a-link-posting-limit-for-professional-accounts-and-pages\/\" rel=\"nofollow noopener\" target=\"_blank\">TechCrunch-sivustolle<\/a>. Sen mukaan kokeiluun on valittu Facebookin ammattitilan sek\u00e4 yrityksille suunnattujen Facebook-sivustojen (Facebook Pages) k\u00e4ytt\u00e4ji\u00e4.<\/p>\n<p style=\"width: 98%; text-align: center; font-size:13px; border-bottom: 1px solid #C8C8C8; line-height: 0.1em; margin: 8px 1% 16px 1%;\">MAINOS (ARTIKKELI JATKUU ALLA)<\/p>\n<p>Meta julkaisi hiljattain hein\u00e4-syyskuun <a href=\"https:\/\/transparency.meta.com\/reports\/widely-viewed-content-report\/\" rel=\"nofollow noopener\" target=\"_blank\">l\u00e4pin\u00e4kyvyysraporttinsa<\/a>, jonka mukaan vain 1,9 prosenttia Facebook-julkaisuista Yhdysvalloissa sis\u00e4lt\u00e4\u00e4 linkkej\u00e4. Jatkossa ulkoisten linkkien jakamista Facebookissa saatetaan kuitenkin rajoittaa selv\u00e4sti, jos kohta ensi alkuun testi koskee vain pient\u00e4 osaa k\u00e4ytt\u00e4jist\u00e4.<\/p>\n<p>Mainos: <a href=\"https:\/\/hinta.fi\/?src=gPp6fX03\" target=\"_blank\" rel=\"nofollow noopener\">Noin 1 600 000 tuotteen hintavertailu ja hintaseuranta &#8211; katso Hinta.fist\u00e4 mist\u00e4 saat halvimmalla<\/a><\/p>\n","protected":false},"excerpt":{"rendered":"Facebookissa testataan ulkoisten linkkien jakamisrajoitusta. Ilmaisk\u00e4ytt\u00e4j\u00e4t voisivat linkitt\u00e4\u00e4 Facebookin ulkopuolelle vain muutamia kertoja kuukaudessa. Sosiaalisen median analyytikko Matt&hellip;\n","protected":false},"author":2,"featured_media":120010,"comment_status":"","ping_status":"","sticky":false,"template":"","format":"standard","meta":{"footnotes":""},"categories":[76],"tags":[79,77,33,31,30,32,78],"class_list":{"0":"post-120009","1":"post","2":"type-post","3":"status-publish","4":"format-standard","5":"has-post-thumbnail","7":"category-talous","8":"tag-business","9":"tag-economy","10":"tag-fi","11":"tag-finland","12":"tag-finnish","13":"tag-suomi","14":"tag-talous"},"share_on_mastodon":{"url":"https:\/\/pubeurope.com\/@fi\/115742658369506017","error":""},"_links":{"self":[{"href":"https:\/\/www.europesays.com\/fi\/wp-json\/wp\/v2\/posts\/120009","targetHints":{"allow":["GET"]}}],"collection":[{"href":"https:\/\/www.europesays.com\/fi\/wp-json\/wp\/v2\/posts"}],"about":[{"href":"https:\/\/www.europesays.com\/fi\/wp-json\/wp\/v2\/types\/post"}],"author":[{"embeddable":true,"href":"https:\/\/www.europesays.com\/fi\/wp-json\/wp\/v2\/users\/2"}],"replies":[{"embeddable":true,"href":"https:\/\/www.europesays.com\/fi\/wp-json\/wp\/v2\/comments?post=120009"}],"version-history":[{"count":0,"href":"https:\/\/www.europesays.com\/fi\/wp-json\/wp\/v2\/posts\/120009\/revisions"}],"wp:featuredmedia":[{"embeddable":true,"href":"https:\/\/www.europesays.com\/fi\/wp-json\/wp\/v2\/media\/120010"}],"wp:attachment":[{"href":"https:\/\/www.europesays.com\/fi\/wp-json\/wp\/v2\/media?parent=120009"}],"wp:term":[{"taxonomy":"category","embeddable":true,"href":"https:\/\/www.europesays.com\/fi\/wp-json\/wp\/v2\/categories?post=120009"},{"taxonomy":"post_tag","embeddable":true,"href":"https:\/\/www.europesays.com\/fi\/wp-json\/wp\/v2\/tags?post=120009"}],"curies":[{"name":"wp","href":"https:\/\/api.w.org\/{rel}","templated":true}]}}