{"id":120011,"date":"2025-12-18T21:19:16","date_gmt":"2025-12-18T21:19:16","guid":{"rendered":"https:\/\/www.europesays.com\/fi\/120011\/"},"modified":"2025-12-18T21:19:16","modified_gmt":"2025-12-18T21:19:16","slug":"edustajainhuoneen-valvontakomitean-demokraatit-julkaisivat-uusia-epstein-kuvia","status":"publish","type":"post","link":"https:\/\/www.europesays.com\/fi\/120011\/","title":{"rendered":"Edustajainhuoneen valvontakomitean demokraatit julkaisivat uusia Epstein-kuvia"},"content":{"rendered":"<p>Yhdysvaltain oikeusministeri\u00f6n on m\u00e4\u00e4r\u00e4 julkaista huomiseen perjantaihin menness\u00e4 kaikki sen hallussa olevat Epstein-tutkinnan dokumentit.<\/p>\n<p>Epstein-tutkinnasta julkaistiin kymmeni\u00e4 kuvia torstaina. Kuvien asiayhteyksist\u00e4 ei ole tarkempaa tietoa. <\/p>\n<p class=\"article-body mb-nof-24 px-nof-16\">Yhdysvaltain edustajainhuoneen valvontakomitean demokraatit julkaisivat j\u00e4lleen torstaina uuden er\u00e4n seksuaalirikoksista tuomitun liikemiehen <a class=\"article-personlink\" href=\"https:\/\/www.is.fi\/haku\/?query=Jeffrey%20Epsteinin\" rel=\"nofollow noopener\" target=\"_blank\">Jeffrey Epsteinin<\/a> perikunnan hallussa olleita valokuvia. Asiasta uutisoivat muun muassa <a class=\"article-genericlink\" href=\"https:\/\/www.cnn.com\/politics\/live-news\/trump-administration-news-12-18-25?post-id=cmjbm7vr100053b6qv22xnh4i\" rel=\"nofollow noopener\" target=\"_blank\">CNN<\/a> ja <a class=\"article-genericlink\" href=\"https:\/\/abcnews.go.com\/US\/house-democrats-release-batch-epstein-photos\/story?id=128519600\" rel=\"nofollow noopener\" target=\"_blank\">ABC News<\/a>.<\/p>\n<p class=\"article-body mb-nof-24 px-nof-16\">Julki tuli noin 70 valokuvaa, joiden asiayhteydest\u00e4 ei ole tarkempaa tietoa. Niiden joukossa on muun muassa voimakkaasti muokattuja kuvia naisten passeista ja kuvia tunnetuista Epsteinin tuttavapiiriin kuuluneista ihmisist\u00e4.<\/p>\n<p class=\"article-body mb-nof-24 px-nof-16\">Paketissa on my\u00f6s useita kuvia tuntemattomasta naisesta, jonka kehon eri osiin on kirjoitettu otteita <a class=\"article-personlink\" href=\"https:\/\/www.is.fi\/haku\/?query=Vladimir%20Nabokovin\" rel=\"nofollow noopener\" target=\"_blank\">Vladimir Nabokovin<\/a> kiistanalaisuudestaan tunnetusta Lolita-romaanista.<\/p>\n<p class=\"article-body mb-nof-24 px-nof-16\">IS julkaisee t\u00e4ss\u00e4 artikkelissa 15 kuvaa. Lis\u00e4\u00e4 kuvia on n\u00e4ht\u00e4viss\u00e4 artikkelin yl\u00e4osassa olevalla videolla.<\/p>\n<p><img decoding=\"async\" src=\"https:\/\/www.europesays.com\/fi\/wp-content\/uploads\/2025\/12\/1766092749_925_468.jpg\" alt=\"Torstaina julkaistujen kuvien joukossa on my\u00f6s kuva Jeffrey Epsteinin passista.\" class=\"_Img_1rerz_1\" style=\"aspect-ratio:0.7567708333333333\" loading=\"eager\"\/><\/p>\n<p class=\"article-picture-caption\">Torstaina julkaistujen kuvien joukossa on my\u00f6s kuva Jeffrey Epsteinin passista. Kuva:\u00a0House Oversight Committee Democrats \/ Reuters<\/p>\n<p><img decoding=\"async\" src=\"https:\/\/www.europesays.com\/fi\/wp-content\/uploads\/2025\/12\/1766092750_587_468.jpg\" alt=\"Epsteinin seurassa kuvassa olevien naisten henkil\u00f6llisyys on salattu.\" class=\"_Img_1rerz_1\" style=\"aspect-ratio:1.2598425196850394\" loading=\"eager\"\/><\/p>\n<p class=\"article-picture-caption\">Epsteinin seurassa kuvassa olevien naisten henkil\u00f6llisyys on salattu. Kuva:\u00a0House Oversight Committee Democrats \/ Reuters <\/p>\n<p class=\"article-body mb-nof-24 px-nof-16\">Kuvien joukossa on my\u00f6s arkisen oloisia otoksia sek\u00e4 kuvakaappaus tekstiviesteist\u00e4, jotka liittyv\u00e4t naisten rekrytoimiseen, mit\u00e4 ilmeisimmin Epsteinille.<\/p>\n<p class=\"article-body mb-nof-24 px-nof-16\">\u2013 En tied\u00e4, yrit\u00e4 l\u00e4hett\u00e4\u00e4 jollekin muulle. Yst\u00e4v\u00e4ni on kykyjenetsij\u00e4, h\u00e4n l\u00e4hetti minulle joitakin tytt\u00f6j\u00e4 t\u00e4n\u00e4\u00e4n. Mutta h\u00e4n pyyt\u00e4\u00e4 1\u202f000 dollaria per tytt\u00f6. L\u00e4het\u00e4n sinulle tytt\u00f6j\u00e4 nyt. Ehk\u00e4 joku heist\u00e4 olisi hyv\u00e4 J:lle? tuntemattoman henkil\u00f6n kirjoittamissa viesteiss\u00e4 lukee.<\/p>\n<p><img decoding=\"async\" src=\"https:\/\/www.europesays.com\/fi\/wp-content\/uploads\/2025\/12\/1766092751_678_468.jpg\" alt=\"\" class=\"_Img_1rerz_1\" style=\"aspect-ratio:0.75625\" loading=\"eager\"\/><\/p>\n<p class=\"article-picture-caption\">Kuva:\u00a0House Oversight Committee Democrats<\/p>\n<p class=\"article-body mb-nof-24 px-nof-16\">My\u00f6hemmin viestien l\u00e4hett\u00e4j\u00e4 toimitti niiden niin ik\u00e4\u00e4n tuntemattomalle vastaanottajalle yksityiskohtaisen kuvauksen nimell\u00e4 mainitusta 18-vuotiaasta mittoineen. Kuvauksessa huomautettiin my\u00f6s Schengen-alueesta ja mainittiin \u201dl\u00e4ht\u00f6kaupunki\u201d.<\/p>\n<p><img decoding=\"async\" src=\"https:\/\/www.europesays.com\/fi\/wp-content\/uploads\/2025\/12\/1766092751_349_468.jpg\" alt=\"My\u00f6s torstaina julkaistuissa kuvissa esiintyy Steve Bannon, joka toimi Yhdysvaltain presidentin Donald Trumpin strategisena neuvonantajana t\u00e4m\u00e4n ensimm\u00e4isell\u00e4 kaudella. Bannon on ollut mukana my\u00f6s aiemmin julkaistuissa Epstein-kuvissa.\" class=\"_Img_1rerz_1\" style=\"aspect-ratio:1.2598425196850394\" loading=\"eager\"\/><\/p>\n<p class=\"article-picture-caption\">My\u00f6s torstaina julkaistuissa kuvissa esiintyy Steve Bannon, joka toimi Yhdysvaltain presidentin Donald Trumpin strategisena neuvonantajana t\u00e4m\u00e4n ensimm\u00e4isell\u00e4 kaudella. Bannon on ollut mukana my\u00f6s aiemmin julkaistuissa Epstein-kuvissa. Kuva:\u00a0House Oversight Committee Democrats \/ Reuters<\/p>\n<p><img decoding=\"async\" src=\"https:\/\/www.europesays.com\/fi\/wp-content\/uploads\/2025\/12\/1766092752_299_468.jpg\" alt=\"Epstein kuvattuna laittamassa ruokaa arabiemiraattilaisen liikemiehen Sultan Ahmed bin Sulayemin kanssa. H\u00e4n esiintyy useammassa torstaina julkaistussa kuvassa.\" class=\"_Img_1rerz_1\" style=\"aspect-ratio:1.2606697307944845\" loading=\"eager\"\/><\/p>\n<p class=\"article-picture-caption\">Epstein kuvattuna laittamassa ruokaa arabiemiraattilaisen liikemiehen Sultan Ahmed bin Sulayemin kanssa. H\u00e4n esiintyy useammassa torstaina julkaistussa kuvassa. Kuva:\u00a0House Oversight Committee Democrats \/ Reuters<\/p>\n<p class=\"article-body mb-nof-24 px-nof-16\">Alaik\u00e4isi\u00e4 tytt\u00f6j\u00e4 seksuaalisesti hyv\u00e4kseen k\u00e4ytt\u00e4nyt Epstein kuoli vuonna 2019 selliss\u00e4\u00e4n odottaessaan oikeudenk\u00e4ynti\u00e4. H\u00e4nen kuolemansa on m\u00e4\u00e4ritelty virallisesti itsemurhaksi.<\/p>\n<p class=\"article-body mb-nof-24 px-nof-16\">Epstein oli miljon\u00e4\u00e4ri, jolla oli merkitt\u00e4v\u00e4t sosiaaliset verkostot ja jonka omaisuuden alkuper\u00e4st\u00e4 ei ole t\u00e4ytt\u00e4 selvyytt\u00e4. H\u00e4nen rikoksiinsa liittyv\u00e4 vyyhti on jyll\u00e4nnyt kuukausia otsikoissa Yhdysvalloissa, sill\u00e4 presidentti <a class=\"article-personlink\" href=\"https:\/\/www.is.fi\/haku\/?query=Donald%20Trumpilla\" rel=\"nofollow noopener\" target=\"_blank\">Donald Trumpilla<\/a> tiedet\u00e4\u00e4n olleen aikanaan yst\u00e4vyyssuhde Epsteiniin ja moni uskoo t\u00e4m\u00e4n tiet\u00e4v\u00e4n sanottua enemm\u00e4n liikemiehen rikoksista.<\/p>\n<p><img decoding=\"async\" src=\"https:\/\/www.europesays.com\/fi\/wp-content\/uploads\/2025\/12\/1766092752_651_468.jpg\" alt=\"T\u00e4ss\u00e4 kuvassa Epsteinin kanssa t\u00e4m\u00e4n lentokoneessa istuu filosofi ja kielitieteilij\u00e4 Noam Chomsky.\" class=\"_Img_1rerz_1\" style=\"aspect-ratio:1.2606697307944845\" loading=\"eager\"\/><\/p>\n<p class=\"article-picture-caption\">T\u00e4ss\u00e4 kuvassa Epsteinin kanssa t\u00e4m\u00e4n lentokoneessa istuu filosofi ja kielitieteilij\u00e4 Noam Chomsky. Kuva:\u00a0House Oversight Committee Democrats \/ Reuters<\/p>\n<p><img decoding=\"async\" src=\"https:\/\/www.europesays.com\/fi\/wp-content\/uploads\/2025\/12\/1766092753_770_468.jpg\" alt=\"T\u00e4llainen n\u00e4k\u00f6ala avautuu Epsteinin huvilasta h\u00e4nen omistamallaan Little St. Jamesin saarella Karibialla. Saari on yksi seksuaalirikosten tapahtumapaikoista.\" class=\"_Img_1rerz_1\" style=\"aspect-ratio:1.2598425196850394\" loading=\"eager\"\/><\/p>\n<p class=\"article-picture-caption\">T\u00e4llainen n\u00e4k\u00f6ala avautuu Epsteinin huvilasta h\u00e4nen omistamallaan Little St. Jamesin saarella Karibialla. Saari on yksi seksuaalirikosten tapahtumapaikoista. Kuva:\u00a0House Oversight Committee Democrats \/ Reuters<\/p>\n<p class=\"article-body mb-nof-24 px-nof-16\">Spekulaatioita on liikkunut my\u00f6s muista Epsteinin tunnetuista tuttavista ja siit\u00e4, keit\u00e4 mahdollisesti osallistui h\u00e4nen rikosvyyhteens\u00e4. Mink\u00e4\u00e4nlaisia todisteita ei ole esitetty siit\u00e4, ett\u00e4 kuvissa esiintyv\u00e4t muut henkil\u00f6t olisivat kytkeytyneet jollakin tavoin Epsteinin rikoksiin tai tienneet niist\u00e4.<\/p>\n<p class=\"article-body mb-nof-24 px-nof-16\">Yhdysvaltain oikeusministeri\u00f6n on m\u00e4\u00e4r\u00e4 julkaista huomiseen perjantaihin menness\u00e4 kaikki sen hallussa olevat Epstein-tutkinnan dokumentit.<\/p>\n<p class=\"article-body mb-nof-24 px-nof-16\">Valvontakomitean demokraatit ovat jo aiemmin julkaisseet kymmeni\u00e4 tuhansia Epstein-asiakirjoja, s\u00e4hk\u00f6posteja ja valokuvia, joissa on esiintynyt ja mainittu my\u00f6s Trump. Ne eiv\u00e4t ole osa oikeusministeri\u00f6n aineistoa, vaan per\u00e4isin Epsteinin perikunnalta.<\/p>\n<p><img decoding=\"async\" src=\"https:\/\/www.europesays.com\/fi\/wp-content\/uploads\/2025\/12\/1766092753_893_468.jpg\" alt=\"Tiedossa ei ole, kenelle kuvassa n\u00e4kyv\u00e4 fenatsopyridiini oli m\u00e4\u00e4r\u00e4tty. L\u00e4\u00e4kett\u00e4 k\u00e4ytet\u00e4\u00e4n muun muassa virtsatieinfektioiden oireiden lievitt\u00e4miseen, leikkauksen j\u00e4lkeiseen kivunlievitysseen sek\u00e4 katetroinnista johtuvan \u00e4rsytyksen helpottamiseen.\" class=\"_Img_1rerz_1\" style=\"aspect-ratio:1.2598425196850394\" loading=\"eager\"\/><\/p>\n<p class=\"article-picture-caption\">Tiedossa ei ole, kenelle kuvassa n\u00e4kyv\u00e4 fenatsopyridiini oli m\u00e4\u00e4r\u00e4tty. L\u00e4\u00e4kett\u00e4 k\u00e4ytet\u00e4\u00e4n muun muassa virtsatieinfektioiden oireiden lievitt\u00e4miseen, leikkauksen j\u00e4lkeiseen kivunlievitysseen sek\u00e4 katetroinnista johtuvan \u00e4rsytyksen helpottamiseen. Kuva:\u00a0House Oversight Committee Democrats<\/p>\n<p><img decoding=\"async\" src=\"https:\/\/www.europesays.com\/fi\/wp-content\/uploads\/2025\/12\/1766092753_382_468.jpg\" alt=\"Epsteinin kylpyhuoneen peilist\u00e4 heijastuu jotakin. Kuva on otettu Little St. Jamesin saarella.\" class=\"_Img_1rerz_1\" style=\"aspect-ratio:0.75625\" loading=\"eager\"\/><\/p>\n<p class=\"article-picture-caption\">Epsteinin kylpyhuoneen peilist\u00e4 heijastuu jotakin. Kuva on otettu Little St. Jamesin saarella. Kuva:\u00a0House Oversight Committee Democrats \/ Reuters<\/p>\n<p><img decoding=\"async\" src=\"https:\/\/www.europesays.com\/fi\/wp-content\/uploads\/2025\/12\/1766092754_941_468.jpg\" alt=\"Epstein ehti el\u00e4ess\u00e4\u00e4n poseerata my\u00f6s slovakialaisen poliitikon ja diplomaatin Miroslav Lajcakin kanssa. H\u00e4n on toiminut muun muassa kotimaansa ulkoministerin\u00e4.\" class=\"_Img_1rerz_1\" style=\"aspect-ratio:0.7567708333333333\" loading=\"eager\"\/><\/p>\n<p class=\"article-picture-caption\">Epstein ehti el\u00e4ess\u00e4\u00e4n poseerata my\u00f6s slovakialaisen poliitikon ja diplomaatin Miroslav Lajcakin kanssa. H\u00e4n on toiminut muun muassa kotimaansa ulkoministerin\u00e4. Kuva:\u00a0House Oversight Committee Democrats \/ Reuters<\/p>\n<p><img decoding=\"async\" src=\"https:\/\/www.europesays.com\/fi\/wp-content\/uploads\/2025\/12\/1766092754_663_468.jpg\" alt=\"Epstein lentokoneessaan tuntemattoman naisen kanssa.\" class=\"_Img_1rerz_1\" style=\"aspect-ratio:1.2598425196850394\" loading=\"eager\"\/><\/p>\n<p class=\"article-picture-caption\">Epstein lentokoneessaan tuntemattoman naisen kanssa. Kuva:\u00a0House Oversight Committee Democrats \/ Reuters<\/p>\n<p><img decoding=\"async\" src=\"https:\/\/www.europesays.com\/fi\/wp-content\/uploads\/2025\/12\/1766092755_881_468.jpg\" alt=\"Tuntemattomaksi j\u00e4\u00e4neen naisen jalkaan on kirjoitettu lainaus s\u00e4ngyll\u00e4 lep\u00e4\u00e4v\u00e4st\u00e4 Lolita-teoksesta.\" class=\"_Img_1rerz_1\" style=\"aspect-ratio:1.2606697307944845\" loading=\"eager\"\/><\/p>\n<p class=\"article-picture-caption\">Tuntemattomaksi j\u00e4\u00e4neen naisen jalkaan on kirjoitettu lainaus s\u00e4ngyll\u00e4 lep\u00e4\u00e4v\u00e4st\u00e4 Lolita-teoksesta. Kuva:\u00a0House Oversight Committee Democrats \/ Reuters<\/p>\n<p><img decoding=\"async\" src=\"https:\/\/www.europesays.com\/fi\/wp-content\/uploads\/2025\/12\/1766092755_391_468.jpg\" alt=\"Samasta naisesta on useita kuvia, joissa teksti\u00e4 on eri puolilla h\u00e4nen kehoaan.\" class=\"_Img_1rerz_1\" style=\"aspect-ratio:0.7567708333333333\" loading=\"eager\"\/><\/p>\n<p class=\"article-picture-caption\">Samasta naisesta on useita kuvia, joissa teksti\u00e4 on eri puolilla h\u00e4nen kehoaan. Kuva:\u00a0House Oversight Committee Democrats \/ Reuters<\/p>\n<p><img decoding=\"async\" src=\"https:\/\/www.europesays.com\/fi\/wp-content\/uploads\/2025\/12\/1766092755_61_468.jpg\" alt=\"Microsoft-miljard\u00f6\u00f6ri Bill Gates esiintyy useissa kuvissa tumman naisen kanssa. Koska kasvot on peitetty, ei ole selv\u00e4\u00e4, onko kaikissa kuvissa kyse samasta naisesta.\" class=\"_Img_1rerz_1\" style=\"aspect-ratio:0.75625\" loading=\"eager\"\/><\/p>\n<p class=\"article-picture-caption\">Microsoft-miljard\u00f6\u00f6ri Bill Gates esiintyy useissa kuvissa tumman naisen kanssa. Koska kasvot on peitetty, ei ole selv\u00e4\u00e4, onko kaikissa kuvissa kyse samasta naisesta. Kuva:\u00a0House Oversight Committee Democrats \/ Reuters<\/p>\n<p><img decoding=\"async\" src=\"https:\/\/www.europesays.com\/fi\/wp-content\/uploads\/2025\/12\/1766092756_847_468.jpg\" alt=\"\" class=\"_Img_1rerz_1\" style=\"aspect-ratio:0.7567708333333333\" loading=\"eager\"\/><\/p>\n<p class=\"article-picture-caption\">Kuva:\u00a0House Oversight Committee Democrats \/ Reuters<\/p>\n","protected":false},"excerpt":{"rendered":"Yhdysvaltain oikeusministeri\u00f6n on m\u00e4\u00e4r\u00e4 julkaista huomiseen perjantaihin menness\u00e4 kaikki sen hallussa olevat Epstein-tutkinnan dokumentit. Epstein-tutkinnasta julkaistiin kymmeni\u00e4 kuvia&hellip;\n","protected":false},"author":2,"featured_media":120012,"comment_status":"","ping_status":"","sticky":false,"template":"","format":"standard","meta":{"footnotes":""},"categories":[14],"tags":[22,23,26,27,33,31,30,17,34,24,25,28,29,15,18,21,32,19,20,56,16,59,60,61],"class_list":{"0":"post-120011","1":"post","2":"type-post","3":"status-publish","4":"format-standard","5":"has-post-thumbnail","7":"category-ulkomaat","8":"tag-breaking-news","9":"tag-breakingnews","10":"tag-featured-news","11":"tag-featurednews","12":"tag-fi","13":"tag-finland","14":"tag-finnish","15":"tag-headlines","16":"tag-ilta-sanomat","17":"tag-latest-news","18":"tag-latestnews","19":"tag-main-news","20":"tag-mainnews","21":"tag-news","22":"tag-otsikot","23":"tag-paauutiset","24":"tag-suomi","25":"tag-top-stories","26":"tag-topstories","27":"tag-ulkomaat","28":"tag-uutiset","29":"tag-world","30":"tag-world-news","31":"tag-worldnews"},"share_on_mastodon":{"url":"https:\/\/pubeurope.com\/@fi\/115742662335792317","error":""},"_links":{"self":[{"href":"https:\/\/www.europesays.com\/fi\/wp-json\/wp\/v2\/posts\/120011","targetHints":{"allow":["GET"]}}],"collection":[{"href":"https:\/\/www.europesays.com\/fi\/wp-json\/wp\/v2\/posts"}],"about":[{"href":"https:\/\/www.europesays.com\/fi\/wp-json\/wp\/v2\/types\/post"}],"author":[{"embeddable":true,"href":"https:\/\/www.europesays.com\/fi\/wp-json\/wp\/v2\/users\/2"}],"replies":[{"embeddable":true,"href":"https:\/\/www.europesays.com\/fi\/wp-json\/wp\/v2\/comments?post=120011"}],"version-history":[{"count":0,"href":"https:\/\/www.europesays.com\/fi\/wp-json\/wp\/v2\/posts\/120011\/revisions"}],"wp:featuredmedia":[{"embeddable":true,"href":"https:\/\/www.europesays.com\/fi\/wp-json\/wp\/v2\/media\/120012"}],"wp:attachment":[{"href":"https:\/\/www.europesays.com\/fi\/wp-json\/wp\/v2\/media?parent=120011"}],"wp:term":[{"taxonomy":"category","embeddable":true,"href":"https:\/\/www.europesays.com\/fi\/wp-json\/wp\/v2\/categories?post=120011"},{"taxonomy":"post_tag","embeddable":true,"href":"https:\/\/www.europesays.com\/fi\/wp-json\/wp\/v2\/tags?post=120011"}],"curies":[{"name":"wp","href":"https:\/\/api.w.org\/{rel}","templated":true}]}}