{"id":120013,"date":"2025-12-18T21:20:11","date_gmt":"2025-12-18T21:20:11","guid":{"rendered":"https:\/\/www.europesays.com\/fi\/120013\/"},"modified":"2025-12-18T21:20:11","modified_gmt":"2025-12-18T21:20:11","slug":"haemme-jarjestokoordinaattoria-kennelliittoon-suomen-kennelliitto","status":"publish","type":"post","link":"https:\/\/www.europesays.com\/fi\/120013\/","title":{"rendered":"Haemme j\u00e4rjest\u00f6koordinaattoria Kennelliittoon | Suomen Kennelliitto"},"content":{"rendered":"<p>Haemme j\u00e4rjest\u00f6koordinaattoria Kennelliiton toimistolle Helsingiss\u00e4. Teht\u00e4v\u00e4\u00e4n voi hakea 11.1.2026 saakka.<\/p>\n<p><strong>Haluatko olla mukana vaikuttamassa ja kehitt\u00e4m\u00e4ss\u00e4 koiraharrastustoimintaa?<\/strong> Haemme j\u00e4rjest\u00f6koordinaattoria osaksi noin 30 henkil\u00f6n asiantuntijaorganisaatiotamme.<\/p>\n<p>J\u00e4rjest\u00f6koordinaattorin teht\u00e4v\u00e4ss\u00e4 toimit aktiivisesti ja kehitt\u00e4v\u00e4ll\u00e4 otteella tulevaisuuteen suuntavassa strategiaty\u00f6ss\u00e4mme. Toimenkuva pit\u00e4\u00e4 sis\u00e4ll\u00e4\u00e4n monimuotoista vuorovaikutusta j\u00e4senten ja eri sidosryhmien kanssa. Ty\u00f6h\u00f6si kuuluu my\u00f6s erilaisten Kennelliiton tapahtumien ja projektien suunnittelua ja toteuttamista. Toimit osana hallintotiimi\u00e4. Raportoit ty\u00f6ss\u00e4si toiminnanjohtajalle. Ty\u00f6h\u00f6n sis\u00e4ltyy my\u00f6s ilta- ja viikonlopput\u00f6it\u00e4.\u00a0<\/p>\n<p>Palkka teht\u00e4v\u00e4ss\u00e4 on 3 100\u20133 600 euroa \/ kk. Lopullinen toimenkuva ja palkkaus muotoutuvat teht\u00e4v\u00e4\u00e4n valittavan henkil\u00f6n osaamisen ja koulutustason mukaan.<br \/>\u00a0<\/p>\n<p>Mit\u00e4 edellyt\u00e4mme hakijalta?<\/p>\n<p>Edellyt\u00e4mme hakijalta itsen\u00e4ist\u00e4, vastuullista ja tavoitteellista ty\u00f6skentely\u00e4. Toivomme, ett\u00e4 sinulla on kokemusta yhdistys- tai j\u00e4rjest\u00f6toiminnasta, ja pystyt neuvomaan yhdistysj\u00e4seni\u00e4mme j\u00e4sen- ja muissa yhdistysasioissa.<\/p>\n<p>Sinulla tulee olla soveltuva korkeakoulu-, ammattikorkeakoulu- tai opistotasoinen tutkinto ja edellyt\u00e4mme sinulta erinomaista kirjallista ja suullista ulosantia, hyv\u00e4\u00e4 tietoteknist\u00e4 osaamista, hyvi\u00e4 yhteisty\u00f6taitoja ja luovaa ongelmanratkaisukyky\u00e4. Olet tarkka ty\u00f6ss\u00e4si ja pid\u00e4t sovituista aikatauluista kiinni. Luemme eduksi ruotsin ja englannin kielten sujuvan osaamisen sek\u00e4 mielenkiinnon yhdistysjuridiikkaan.<br \/>\u00a0<\/p>\n<p>Kennelliitto ty\u00f6paikkana<\/p>\n<p>Kennelliiton toimisto sijaitsee Helsingin Pit\u00e4j\u00e4nm\u00e4ess\u00e4 hyvien liikenneyhteyksien p\u00e4\u00e4ss\u00e4. Tarjoamme ty\u00f6ntekij\u00f6illemme asiantuntevan, kehittyv\u00e4n ty\u00f6yhteis\u00f6n ja monipuoliset henkil\u00f6st\u00f6edut, kuten lounasedun ja laajat ty\u00f6terveyspalvelut. Ty\u00f6t\u00e4 on mahdollista tehd\u00e4 et\u00e4n\u00e4 kaksi p\u00e4iv\u00e4\u00e4 viikossa.<br \/>\u00a0<\/p>\n<p><strong>Vapaamuotoiset hakemukset ansioluetteloineen ja palkkatoivomuksineen pyyd\u00e4mme l\u00e4hett\u00e4m\u00e4\u00e4n 11.1.2026 menness\u00e4 s\u00e4hk\u00f6postitse osoitteeseen <\/strong><a href=\"https:\/\/www.kennelliitto.fi\/tietoa-meista\/uutiset\/mailto:rekry@kennelliitto.fi\" rel=\"nofollow noopener\" target=\"_blank\">rekry@kennelliitto.fi<\/a><strong>.<\/strong><\/p>\n<p>Lis\u00e4tiedot<\/p>\n<p>Lis\u00e4tietoja teht\u00e4v\u00e4st\u00e4 antaa toiminnanjohtaja Pirjo Onza (puh. 044 218 4265) seuraavina soittoaikoina: <strong>29.12.2025 klo 15\u201317<\/strong> ja <strong>7.1.2026 klo 10\u201312<\/strong>.<\/p>\n<p>\u00a0<\/p>\n","protected":false},"excerpt":{"rendered":"Haemme j\u00e4rjest\u00f6koordinaattoria Kennelliiton toimistolle Helsingiss\u00e4. Teht\u00e4v\u00e4\u00e4n voi hakea 11.1.2026 saakka. Haluatko olla mukana vaikuttamassa ja kehitt\u00e4m\u00e4ss\u00e4 koiraharrastustoimintaa? Haemme&hellip;\n","protected":false},"author":2,"featured_media":120014,"comment_status":"","ping_status":"","sticky":false,"template":"","format":"standard","meta":{"footnotes":""},"categories":[12],"tags":[22,23,26,27,33,31,30,17,24,25,28,29,15,18,21,32,19,20,16],"class_list":{"0":"post-120013","1":"post","2":"type-post","3":"status-publish","4":"format-standard","5":"has-post-thumbnail","7":"category-suomi","8":"tag-breaking-news","9":"tag-breakingnews","10":"tag-featured-news","11":"tag-featurednews","12":"tag-fi","13":"tag-finland","14":"tag-finnish","15":"tag-headlines","16":"tag-latest-news","17":"tag-latestnews","18":"tag-main-news","19":"tag-mainnews","20":"tag-news","21":"tag-otsikot","22":"tag-paauutiset","23":"tag-suomi","24":"tag-top-stories","25":"tag-topstories","26":"tag-uutiset"},"share_on_mastodon":{"url":"https:\/\/pubeurope.com\/@fi\/115742665980607439","error":""},"_links":{"self":[{"href":"https:\/\/www.europesays.com\/fi\/wp-json\/wp\/v2\/posts\/120013","targetHints":{"allow":["GET"]}}],"collection":[{"href":"https:\/\/www.europesays.com\/fi\/wp-json\/wp\/v2\/posts"}],"about":[{"href":"https:\/\/www.europesays.com\/fi\/wp-json\/wp\/v2\/types\/post"}],"author":[{"embeddable":true,"href":"https:\/\/www.europesays.com\/fi\/wp-json\/wp\/v2\/users\/2"}],"replies":[{"embeddable":true,"href":"https:\/\/www.europesays.com\/fi\/wp-json\/wp\/v2\/comments?post=120013"}],"version-history":[{"count":0,"href":"https:\/\/www.europesays.com\/fi\/wp-json\/wp\/v2\/posts\/120013\/revisions"}],"wp:featuredmedia":[{"embeddable":true,"href":"https:\/\/www.europesays.com\/fi\/wp-json\/wp\/v2\/media\/120014"}],"wp:attachment":[{"href":"https:\/\/www.europesays.com\/fi\/wp-json\/wp\/v2\/media?parent=120013"}],"wp:term":[{"taxonomy":"category","embeddable":true,"href":"https:\/\/www.europesays.com\/fi\/wp-json\/wp\/v2\/categories?post=120013"},{"taxonomy":"post_tag","embeddable":true,"href":"https:\/\/www.europesays.com\/fi\/wp-json\/wp\/v2\/tags?post=120013"}],"curies":[{"name":"wp","href":"https:\/\/api.w.org\/{rel}","templated":true}]}}