{"id":120015,"date":"2025-12-18T21:21:12","date_gmt":"2025-12-18T21:21:12","guid":{"rendered":"https:\/\/www.europesays.com\/fi\/120015\/"},"modified":"2025-12-18T21:21:12","modified_gmt":"2025-12-18T21:21:12","slug":"kuutostiella-sattui-onnettomuus-jossa-kuoli-yksi-henkilo-paikalliset","status":"publish","type":"post","link":"https:\/\/www.europesays.com\/fi\/120015\/","title":{"rendered":"Kuutostiell\u00e4 sattui onnettomuus, jossa kuoli yksi henkil\u00f6 | Paikalliset"},"content":{"rendered":"<p>Kuutostiell\u00e4 Kouvolassa sattui torstaina onnettomuus, jossa kuoli yksi henkil\u00f6.<\/p>\n<p>Rekka ja pakettiauto kolaroivat Kuutostien ja Karjalankadun risteyksess\u00e4. Pelastuslaitos sai h\u00e4lytyksen onnettomuudesta iltap\u00e4iv\u00e4ll\u00e4 hiukan ennen kello nelj\u00e4\u00e4.<\/p>\n<p>Onnettomuuspaikan pelastus- ja raivausty\u00f6t kestiv\u00e4t yli kaksi tuntia. Kuutostie oli suljettuna kokonaan liikenteelt\u00e4.<\/p>\n<p>Tie aukesi liikenteelle ennen puolta seitsem\u00e4\u00e4 illalla.<\/p>\n<p>Poliisi tutkii onnettomuuden syit\u00e4 eik\u00e4 tiedota aiheesta t\u00e4ss\u00e4 vaiheessa enemp\u00e4\u00e4.<\/p>\n<p>\t\t<a class=\"diks-gallery__link\" href=\"https:\/\/i.media.fi\/incoming\/1yb8yh\/11209822.jpg\/alternates\/FREE_1440\/11209822.jpg\" data-thumbnail=\"\" data-sub-html=\"Kuutostiell\u00e4 Kouvolassa sattui torstaina onnettomuus. Jussi Lopperi\" aria-label=\"Katso isompi kuva\" rel=\"nofollow noopener\" target=\"_blank\"><br \/>\n\t\t\t\t<img class=\"diks-figure__image\" src=\"https:\/\/www.europesays.com\/fi\/wp-content\/uploads\/2025\/12\/11209822.jpg\" loading=\"lazy\" decoding=\"sync\" alt=\"\"\/><\/p>\n<p>\t\t\t<\/a><br \/>\n\t\t\t\t\tKuutostiell\u00e4 Kouvolassa sattui torstaina onnettomuus. Jussi Lopperi<\/p>\n<p>\t\t<a class=\"diks-gallery__link\" href=\"https:\/\/i.media.fi\/incoming\/w0vtgo\/11209825.jpg\/alternates\/FREE_1440\/11209825.jpg\" data-thumbnail=\"\" data-sub-html=\"Poliisi ohjasi liikennett\u00e4 onnettomuuspaikalla. Jussi Lopperi\" aria-label=\"Katso isompi kuva\" rel=\"nofollow noopener\" target=\"_blank\"><br \/>\n\t\t\t\t<img class=\"diks-figure__image\" src=\"https:\/\/www.europesays.com\/fi\/wp-content\/uploads\/2025\/12\/11209825.jpg\" loading=\"lazy\" decoding=\"sync\" alt=\"\"\/><\/p>\n<p>\t\t\t<\/a><br \/>\n\t\t\t\t\tPoliisi ohjasi liikennett\u00e4 onnettomuuspaikalla. Jussi Lopperi<\/p>\n","protected":false},"excerpt":{"rendered":"Kuutostiell\u00e4 Kouvolassa sattui torstaina onnettomuus, jossa kuoli yksi henkil\u00f6. Rekka ja pakettiauto kolaroivat Kuutostien ja Karjalankadun risteyksess\u00e4. Pelastuslaitos&hellip;\n","protected":false},"author":2,"featured_media":120016,"comment_status":"","ping_status":"","sticky":false,"template":"","format":"standard","meta":{"footnotes":""},"categories":[5],"tags":[22,23,26,27,33,31,30,17,737,3764,2187,24,25,121,990,1048,28,29,15,18,21,32,128,19,20,16],"class_list":{"0":"post-120015","1":"post","2":"type-post","3":"status-publish","4":"format-standard","5":"has-post-thumbnail","7":"category-otsikot","8":"tag-breaking-news","9":"tag-breakingnews","10":"tag-featured-news","11":"tag-featurednews","12":"tag-fi","13":"tag-finland","14":"tag-finnish","15":"tag-headlines","16":"tag-kouvola","17":"tag-kouvolan-seutukunta","18":"tag-kulkuneuvot","19":"tag-latest-news","20":"tag-latestnews","21":"tag-liikenne-ja-kuljetus","22":"tag-liikenneonnettomuudet","23":"tag-maakulkuneuvot","24":"tag-main-news","25":"tag-mainnews","26":"tag-news","27":"tag-otsikot","28":"tag-paauutiset","29":"tag-suomi","30":"tag-tieliikenne","31":"tag-top-stories","32":"tag-topstories","33":"tag-uutiset"},"share_on_mastodon":{"url":"https:\/\/pubeurope.com\/@fi\/115742669961721701","error":""},"_links":{"self":[{"href":"https:\/\/www.europesays.com\/fi\/wp-json\/wp\/v2\/posts\/120015","targetHints":{"allow":["GET"]}}],"collection":[{"href":"https:\/\/www.europesays.com\/fi\/wp-json\/wp\/v2\/posts"}],"about":[{"href":"https:\/\/www.europesays.com\/fi\/wp-json\/wp\/v2\/types\/post"}],"author":[{"embeddable":true,"href":"https:\/\/www.europesays.com\/fi\/wp-json\/wp\/v2\/users\/2"}],"replies":[{"embeddable":true,"href":"https:\/\/www.europesays.com\/fi\/wp-json\/wp\/v2\/comments?post=120015"}],"version-history":[{"count":0,"href":"https:\/\/www.europesays.com\/fi\/wp-json\/wp\/v2\/posts\/120015\/revisions"}],"wp:featuredmedia":[{"embeddable":true,"href":"https:\/\/www.europesays.com\/fi\/wp-json\/wp\/v2\/media\/120016"}],"wp:attachment":[{"href":"https:\/\/www.europesays.com\/fi\/wp-json\/wp\/v2\/media?parent=120015"}],"wp:term":[{"taxonomy":"category","embeddable":true,"href":"https:\/\/www.europesays.com\/fi\/wp-json\/wp\/v2\/categories?post=120015"},{"taxonomy":"post_tag","embeddable":true,"href":"https:\/\/www.europesays.com\/fi\/wp-json\/wp\/v2\/tags?post=120015"}],"curies":[{"name":"wp","href":"https:\/\/api.w.org\/{rel}","templated":true}]}}