{"id":120019,"date":"2025-12-18T21:33:14","date_gmt":"2025-12-18T21:33:14","guid":{"rendered":"https:\/\/www.europesays.com\/fi\/120019\/"},"modified":"2025-12-18T21:33:14","modified_gmt":"2025-12-18T21:33:14","slug":"olga-temonen-kuoli-kuukausi-sitten-tuukka-temonen-julkaisi-koskettavan-kirjoituksen","status":"publish","type":"post","link":"https:\/\/www.europesays.com\/fi\/120019\/","title":{"rendered":"Olga Temonen kuoli kuukausi sitten \u2013 Tuukka Temonen julkaisi koskettavan kirjoituksen"},"content":{"rendered":"<p>N\u00e4yttelij\u00e4 Olga Temosen kuolemasta tuli keskiviikkona kuluneeksi kuukausi.<\/p>\n<p><img decoding=\"async\" class=\"image image-show image-preview\" src=\"https:\/\/www.europesays.com\/fi\/wp-content\/uploads\/2025\/12\/b1f5f086f70a82d8d24cad49ce7cb75fb5f06cb4aa30ea16bff89a41a251fdaa.jpg\" alt=\"\"\/><img decoding=\"async\" class=\"image image-show\" src=\"https:\/\/www.europesays.com\/fi\/wp-content\/uploads\/2025\/12\/1766093594_706_b1f5f086f70a82d8d24cad49ce7cb75fb5f06cb4aa30ea16bff89a41a251fdaa.jpg\" alt=\"\"\/><\/p>\n<p>Olga ja Tuukka Temonen kodissaan Iitiss\u00e4.  Pete Anikari<\/p>\n<p class=\"paragraph\">N\u00e4yttelij\u00e4 <a href=\"https:\/\/www.iltalehti.fi\/henkilot\/Olga Temonen\" class=\"article-link-person-page\" rel=\"nofollow noopener\" target=\"_blank\">Olga Temonen<\/a> kuoli 17. marraskuuta 47-vuotiaana. H\u00e4n sairasti aivosy\u00f6p\u00e4\u00e4.<\/p>\n<p class=\"paragraph\">Olgan puoliso Tuukka Temonen muistelee edesmennytt\u00e4 puolisoaan koskettavasti <a href=\"https:\/\/www.instagram.com\/p\/DSaxkZHjE02\/?img_index=1\" rel=\"noopener nofollow\" target=\"_blank\">Instagram-julkaisussaan<\/a>. Temonen kirjoittaa, mit\u00e4 pariskunta koki sen j\u00e4lkeen, kun Olga oli saanut sy\u00f6p\u00e4diagnoosin.<\/p>\n<p class=\"paragraph\">\u2013 Minulta oli viety kaikki ilo el\u00e4m\u00e4st\u00e4 ja sen tilalle tuli loputtomalta tuntuva suru. Me kuitenkin saimme viel\u00e4 aivan upean puolitoista vuotta toistemme kanssa, kunnes se p\u00e4\u00e4ttyi kes\u00e4ll\u00e4 kasvaimen uudistumiseen ja elvytysyrityksiin sateisella maantiell\u00e4, Temonen kirjoittaa.<\/p>\n<p class=\"paragraph\">Temosen kasvain uusiutui t\u00e4m\u00e4n vuoden hein\u00e4kuussa. Olga aloitti uudet ONC201-l\u00e4\u00e4kehoidot kes\u00e4ll\u00e4 ja k\u00e4vi kes\u00e4n aikana sy\u00f6p\u00e4hoidossa Ranskassa. Vointi kuitenkin k\u00e4\u00e4ntyi huonompaan.<\/p>\n<p class=\"paragraph\">\u2013 Et en\u00e4\u00e4 koskaan tule iloisena kotimme ovesta ja t\u00e4yt\u00e4 maailmaamme naurulla, l\u00e4mm\u00f6ll\u00e4 ja rakkaudella. Olen sen hyv\u00e4ksynyt ja kuljen t\u00e4st\u00e4 eteenp\u00e4in kohden onnellisuutta, en katkeruutta. Ja me viel\u00e4 tapaamme.<\/p>\n<p class=\"paragraph\">Olga Temosen hautajaiset j\u00e4rjestettiin marraskuun 29. p\u00e4iv\u00e4n\u00e4 Iitin kirkossa. Siunaustilaisuuteen saapui Olgan yst\u00e4vi\u00e4 eri aikakausilta. Paikan p\u00e4\u00e4ll\u00e4 oli my\u00f6s useita julkisuudesta tuttuja henkil\u00f6it\u00e4.<\/p>\n<p class=\"paragraph\">Vieraat olivat pukeutuneet v\u00e4rikk\u00e4\u00e4sti Olga Temosen toivetta kunnioittaen.<\/p>\n<p><script async src=\"\/\/www.instagram.com\/embed.js\"><\/script><\/p>\n","protected":false},"excerpt":{"rendered":"N\u00e4yttelij\u00e4 Olga Temosen kuolemasta tuli keskiviikkona kuluneeksi kuukausi. Olga ja Tuukka Temonen kodissaan Iitiss\u00e4. Pete Anikari N\u00e4yttelij\u00e4 Olga&hellip;\n","protected":false},"author":2,"featured_media":120020,"comment_status":"","ping_status":"","sticky":false,"template":"","format":"standard","meta":{"footnotes":""},"categories":[136],"tags":[35,407,155,137,33,31,30,408,718,154,32,485,484,140,156,109],"class_list":{"0":"post-120019","1":"post","2":"type-post","3":"status-publish","4":"format-standard","5":"has-post-thumbnail","7":"category-julkkikset","8":"tag-24h","9":"tag-celebrities","10":"tag-elokuvat","11":"tag-entertainment","12":"tag-fi","13":"tag-finland","14":"tag-finnish","15":"tag-julkkikset","16":"tag-nayttamotaide","17":"tag-nayttelijat-teatteri","18":"tag-suomi","19":"tag-taide-yleista","20":"tag-taiteellinen-ilmaisu-ja-mediat","21":"tag-tv-ja-elokuvat","22":"tag-tv","23":"tag-viihde"},"share_on_mastodon":{"url":"https:\/\/pubeurope.com\/@fi\/115742717247064194","error":""},"_links":{"self":[{"href":"https:\/\/www.europesays.com\/fi\/wp-json\/wp\/v2\/posts\/120019","targetHints":{"allow":["GET"]}}],"collection":[{"href":"https:\/\/www.europesays.com\/fi\/wp-json\/wp\/v2\/posts"}],"about":[{"href":"https:\/\/www.europesays.com\/fi\/wp-json\/wp\/v2\/types\/post"}],"author":[{"embeddable":true,"href":"https:\/\/www.europesays.com\/fi\/wp-json\/wp\/v2\/users\/2"}],"replies":[{"embeddable":true,"href":"https:\/\/www.europesays.com\/fi\/wp-json\/wp\/v2\/comments?post=120019"}],"version-history":[{"count":0,"href":"https:\/\/www.europesays.com\/fi\/wp-json\/wp\/v2\/posts\/120019\/revisions"}],"wp:featuredmedia":[{"embeddable":true,"href":"https:\/\/www.europesays.com\/fi\/wp-json\/wp\/v2\/media\/120020"}],"wp:attachment":[{"href":"https:\/\/www.europesays.com\/fi\/wp-json\/wp\/v2\/media?parent=120019"}],"wp:term":[{"taxonomy":"category","embeddable":true,"href":"https:\/\/www.europesays.com\/fi\/wp-json\/wp\/v2\/categories?post=120019"},{"taxonomy":"post_tag","embeddable":true,"href":"https:\/\/www.europesays.com\/fi\/wp-json\/wp\/v2\/tags?post=120019"}],"curies":[{"name":"wp","href":"https:\/\/api.w.org\/{rel}","templated":true}]}}