{"id":120021,"date":"2025-12-18T21:37:08","date_gmt":"2025-12-18T21:37:08","guid":{"rendered":"https:\/\/www.europesays.com\/fi\/120021\/"},"modified":"2025-12-18T21:37:08","modified_gmt":"2025-12-18T21:37:08","slug":"scorpions-sepultura-godsmack-hatebreed-etelanaapurin-jattifestivaali-julkisti-esiintyjia-inferno-fi","status":"publish","type":"post","link":"https:\/\/www.europesays.com\/fi\/120021\/","title":{"rendered":"Scorpions, Sepultura, Godsmack, Hatebreed\u2026 \u2013 etel\u00e4naapurin j\u00e4ttifestivaali julkisti esiintyji\u00e4 &#8211; Inferno.fi"},"content":{"rendered":"<ol>\n<li><a href=\"https:\/\/news.google.com\/rss\/articles\/CBMivAFBVV95cUxOSUt2ZHRFeHFJU2hfcUVpOWFVSGNIRWc3RWhSQWVLSDFSRzM3VF80ekI1TTlUbWZIWnRQUlBCR21wNVZvSU1IQWdfamNnSDV3MVUtVy1zZ1pJOXJBdWFlRURtM2l6YkFES3RDZHBUZTR5UEVBb1hQcFJETkJyMGxFLUR1QnV3cHNFbXhDR2hzNENJem00ZWRSeFI4cXM4SlRsRHhXVk4wODl2UnB1aDQtekNmNkdpbU5WZ3NWTw?oc=5\" target=\"_blank\" rel=\"nofollow noopener\">Scorpions, Sepultura, Godsmack, Hatebreed\u2026 \u2013 etel\u00e4naapurin j\u00e4ttifestivaali julkisti esiintyji\u00e4<\/a>&nbsp;&nbsp;Inferno.fi<\/li>\n<li><a href=\"https:\/\/news.google.com\/rss\/articles\/CBMiYEFVX3lxTE5ueDdkOHVwTy1PQUd1c29xUmtEX0pDSmxhcXByb0xPZ284V2hzU1ZTaUg1YTV2RDdBcWdubWJQLXFOX1lDbXdYblhsYWw0aUhGVXJITTZYRDdrTWlxNGg1aQ?oc=5\" target=\"_blank\" rel=\"nofollow noopener\">Rockj\u00e4tti Scorpions sittenkin Helsinkiin \u2013 paikkana j\u00e4ttiareena<\/a>&nbsp;&nbsp;Helsingin Uutiset<\/li>\n<li><a href=\"https:\/\/news.google.com\/rss\/articles\/CBMiWEFVX3lxTE9peHZNMjJ2NlFoemVobTJJLUMyUGR2MWpkbzJUeHI2a1UwV3c0ZU9ERW9NbGpucWRYN2pPT0JpTktYd0NSVG9TM20tNENfOFdhVHcwUTZfX18?oc=5\" target=\"_blank\" rel=\"nofollow noopener\">Keikat | Saksalainen rockj\u00e4tti Scorpions menee Tallinnaan<\/a>&nbsp;&nbsp;L\u00e4nsiv\u00e4yl\u00e4<\/li>\n<li><a href=\"https:\/\/news.google.com\/rss\/articles\/CBMiW0FVX3lxTE8wV0J3VFBGd1RqY2dvckl4ZjI5UmZMZ1JCc2VQQ0haYjhaM0QzakxEd1kwNGdmcFlFZXpqeUJubnZadGs3bWhZTW1BSDVJUGota3FtQW1YUlNCNlE?oc=5\" target=\"_blank\" rel=\"nofollow noopener\">Wind of Change -hitist\u00e4\u00e4n tuttu saksalaisyhtye Scorpions esiintyy Suomessa j\u00e4lleen ensi vuonna \u2013 Yhtyeen juhlakiertue jatkuu edelleen<\/a>&nbsp;&nbsp;Savon Sanomat<\/li>\n<li><a href=\"https:\/\/news.google.com\/rss\/articles\/CBMiZEFVX3lxTE9LVGR4R0pZVlFIOG10ZVlaNmtvM01BZ2VWT2tRdGUzV25TamRqcnZ0UDNuS2tOc2g4QzdPbmtkakJDazhxcTR5ejAyMGlRSm84dHVEdEh0NE5xdjYzS2JBWDZoZXg?oc=5\" target=\"_blank\" rel=\"nofollow noopener\">Scorpions saapuu Suomeen<\/a>&nbsp;&nbsp;Rumba.fi<\/li>\n<\/ol>\n","protected":false},"excerpt":{"rendered":"Scorpions, Sepultura, Godsmack, Hatebreed\u2026 \u2013 etel\u00e4naapurin j\u00e4ttifestivaali julkisti esiintyji\u00e4&nbsp;&nbsp;Inferno.fi Rockj\u00e4tti Scorpions sittenkin Helsinkiin \u2013 paikkana j\u00e4ttiareena&nbsp;&nbsp;Helsingin Uutiset Keikat&hellip;\n","protected":false},"author":2,"featured_media":120022,"comment_status":"","ping_status":"","sticky":false,"template":"","format":"standard","meta":{"footnotes":""},"categories":[132],"tags":[137,9039,970,33,31,30,1039,195,47,32,21679,109],"class_list":{"0":"post-120021","1":"post","2":"type-post","3":"status-publish","4":"format-standard","5":"has-post-thumbnail","7":"category-musiikki","8":"tag-entertainment","9":"tag-festarikesa-2026","10":"tag-festivaalit","11":"tag-fi","12":"tag-finland","13":"tag-finnish","14":"tag-keikkauutiset","15":"tag-music","16":"tag-musiikki","17":"tag-suomi","18":"tag-tallinn-rock-festival","19":"tag-viihde"},"share_on_mastodon":{"url":"https:\/\/pubeurope.com\/@fi\/115742732914353200","error":""},"_links":{"self":[{"href":"https:\/\/www.europesays.com\/fi\/wp-json\/wp\/v2\/posts\/120021","targetHints":{"allow":["GET"]}}],"collection":[{"href":"https:\/\/www.europesays.com\/fi\/wp-json\/wp\/v2\/posts"}],"about":[{"href":"https:\/\/www.europesays.com\/fi\/wp-json\/wp\/v2\/types\/post"}],"author":[{"embeddable":true,"href":"https:\/\/www.europesays.com\/fi\/wp-json\/wp\/v2\/users\/2"}],"replies":[{"embeddable":true,"href":"https:\/\/www.europesays.com\/fi\/wp-json\/wp\/v2\/comments?post=120021"}],"version-history":[{"count":0,"href":"https:\/\/www.europesays.com\/fi\/wp-json\/wp\/v2\/posts\/120021\/revisions"}],"wp:featuredmedia":[{"embeddable":true,"href":"https:\/\/www.europesays.com\/fi\/wp-json\/wp\/v2\/media\/120022"}],"wp:attachment":[{"href":"https:\/\/www.europesays.com\/fi\/wp-json\/wp\/v2\/media?parent=120021"}],"wp:term":[{"taxonomy":"category","embeddable":true,"href":"https:\/\/www.europesays.com\/fi\/wp-json\/wp\/v2\/categories?post=120021"},{"taxonomy":"post_tag","embeddable":true,"href":"https:\/\/www.europesays.com\/fi\/wp-json\/wp\/v2\/tags?post=120021"}],"curies":[{"name":"wp","href":"https:\/\/api.w.org\/{rel}","templated":true}]}}