{"id":120037,"date":"2025-12-18T21:47:10","date_gmt":"2025-12-18T21:47:10","guid":{"rendered":"https:\/\/www.europesays.com\/fi\/120037\/"},"modified":"2025-12-18T21:47:10","modified_gmt":"2025-12-18T21:47:10","slug":"liekit-nielaisivat-lentokoneen-autourheilutahti-perheineen-kuollut-usassa","status":"publish","type":"post","link":"https:\/\/www.europesays.com\/fi\/120037\/","title":{"rendered":"Liekit nielaisivat lentokoneen \u2013 Autourheilut\u00e4hti perheineen kuollut USA:ssa"},"content":{"rendered":"<p>Viranomaiset ovat vahvistaneet onnettomuuden vaatineen useita kuolonuhreja. Yst\u00e4v\u00e4n mukaan Greg Biffle perheineen oli koneen kyydiss\u00e4.<\/p>\n<p><img decoding=\"async\" class=\"image image-show image-preview\" src=\"https:\/\/www.europesays.com\/fi\/wp-content\/uploads\/2025\/12\/560ba8182bfb1fb53f2e606cccbbcd8066253ad13f1dde8a0d7e46937c361b5a.jpg\" alt=\"\"\/><img decoding=\"async\" class=\"image image-show\" src=\"https:\/\/www.europesays.com\/fi\/wp-content\/uploads\/2025\/12\/1766094430_190_560ba8182bfb1fb53f2e606cccbbcd8066253ad13f1dde8a0d7e46937c361b5a.jpg\" alt=\"\"\/><\/p>\n<p>Greg Biffle oli yksi Pohjois-Amerikan suosituimman kilpa-autoluokka Nascarin t\u00e4hdist\u00e4. ZumaWire \/ MVPHOTOS<\/p>\n<p class=\"paragraph\">Nascar-t\u00e4hti <strong>Greg Bifflen<\/strong> omistama lentokone on tuhoutunut onnettomuudessa. Viel\u00e4 vahvistamattomien tietojen mukaan Bifle perheineen on kuollut onnettomuudessa.<\/p>\n<p class=\"paragraph\">Viranomaiset ovat vahvistaneet onnettomuuden <a href=\"https:\/\/statesville.com\/news\/local\/article_f218f2a8-1858-43d8-9c97-297f49b0e39b.html#tracking-source=home-top-story\" target=\"_blank\" rel=\"noopener nofollow\">vaatineen ainakin viisi kuolonuhria<\/a>. Koneen matkustajista ei ole tietoa, mutta <a href=\"https:\/\/people.com\/greg-biffle-friend-says-nascar-driver-wife-son-were-on-plane-crashed-11872425\" target=\"_blank\" rel=\"noopener nofollow\">l\u00e4heisen yst\u00e4v\u00e4n mukaan<\/a> Bifflen oli tarkoitus saapua lent\u00e4en h\u00e4nen luokseen yhdess\u00e4 vaimonsa ja kahden lapsensa kanssa.<\/p>\n<p class=\"paragraph\">Onnettomuus tapahtui Pohjois-Carolinassa kymmenelt\u00e4 aamup\u00e4iv\u00e4ll\u00e4 paikallista aikaa. Viranomaisten mukaan Bifflen Cessna C550 nousi ilmaan, mutta se k\u00e4\u00e4ntyi pian takaisin yritt\u00e4en laskeutumista. Kone putosi ja r\u00e4j\u00e4hti liekkeihin.<\/p>\n<p class=\"paragraph\">Onnettomuuspaikalta kuvatut videot ovat lohdutonta katsottavaa. T\u00e4ysin tuhoutunut kone roihuaa tulimeren\u00e4.<\/p>\n<p class=\"paragraph\">Biffle kilpaili Nascarin p\u00e4\u00e4luokassa 2002\u20132022. H\u00e4n voitti 19 osakilpailua sarjassa. Lis\u00e4ksi h\u00e4n menestyi muissa Nascar-luokissa. H\u00e4n voitti vuonna 2000 Nascar Craftsman Truck Series -kilpasarjan, jossa kilpaillaan lava-automaisilla kilpa-ajoneuvoilla. Daytona 500 -kilpailussa h\u00e4n sijoittui kahdesti kolmanneksi.<\/p>\n<p class=\"paragraph\">Nascarin nimetess\u00e4 historiansa 75 suurinta kuljettajaa Biffle oli yksi kunnianosoituksen saaneista.<\/p>\n<p class=\"paragraph\">Biffle muistetaan my\u00f6s kilparatojen ulkopuolisista asioista. H\u00e4n oli merkitt\u00e4v\u00e4ss\u00e4 roolissa avustust\u00f6iss\u00e4, kun hirmumyrsky Helene aiheutti valtavasti tuhoa Pohjois-Carolinassa viime vuonna.<\/p>\n<p class=\"paragraph\">\u2013 Maailma ei menett\u00e4nyt t\u00e4n\u00e4\u00e4n vain Nascar-suuruutta. Maailma menetti hienon miehen ja hienon perheen, jotka ep\u00e4itsekk\u00e4\u00e4sti astuivat esiin ja k\u00e4yttiv\u00e4t resurssejaan yhteisen hyv\u00e4n puolesta auttaakseen t\u00e4ysin tuntemattomia ihmisi\u00e4 suurimmalla h\u00e4d\u00e4n hetkell\u00e4, meteorologi <strong>Chris Jackson<\/strong> kirjoittaa viestipalvelu X:ss\u00e4.<\/p>\n<p>Biffle voitti useita kilpailuita Nascarin p\u00e4\u00e4sarjassa. ZumaWire \/ MVPHOTOS<\/p>\n","protected":false},"excerpt":{"rendered":"Viranomaiset ovat vahvistaneet onnettomuuden vaatineen useita kuolonuhreja. Yst\u00e4v\u00e4n mukaan Greg Biffle perheineen oli koneen kyydiss\u00e4. Greg Biffle oli&hellip;\n","protected":false},"author":2,"featured_media":120038,"comment_status":"","ping_status":"","sticky":false,"template":"","format":"standard","meta":{"footnotes":""},"categories":[5],"tags":[35,22,23,26,27,33,31,30,17,2187,24,25,121,990,28,29,15,837,120,18,21,32,19,20,16],"class_list":{"0":"post-120037","1":"post","2":"type-post","3":"status-publish","4":"format-standard","5":"has-post-thumbnail","7":"category-otsikot","8":"tag-24h","9":"tag-breaking-news","10":"tag-breakingnews","11":"tag-featured-news","12":"tag-featurednews","13":"tag-fi","14":"tag-finland","15":"tag-finnish","16":"tag-headlines","17":"tag-kulkuneuvot","18":"tag-latest-news","19":"tag-latestnews","20":"tag-liikenne-ja-kuljetus","21":"tag-liikenneonnettomuudet","22":"tag-main-news","23":"tag-mainnews","24":"tag-news","25":"tag-onnettomuudet","26":"tag-onnettomuustapaus","27":"tag-otsikot","28":"tag-paauutiset","29":"tag-suomi","30":"tag-top-stories","31":"tag-topstories","32":"tag-uutiset"},"share_on_mastodon":{"url":"https:\/\/pubeurope.com\/@fi\/115742772165527284","error":""},"_links":{"self":[{"href":"https:\/\/www.europesays.com\/fi\/wp-json\/wp\/v2\/posts\/120037","targetHints":{"allow":["GET"]}}],"collection":[{"href":"https:\/\/www.europesays.com\/fi\/wp-json\/wp\/v2\/posts"}],"about":[{"href":"https:\/\/www.europesays.com\/fi\/wp-json\/wp\/v2\/types\/post"}],"author":[{"embeddable":true,"href":"https:\/\/www.europesays.com\/fi\/wp-json\/wp\/v2\/users\/2"}],"replies":[{"embeddable":true,"href":"https:\/\/www.europesays.com\/fi\/wp-json\/wp\/v2\/comments?post=120037"}],"version-history":[{"count":0,"href":"https:\/\/www.europesays.com\/fi\/wp-json\/wp\/v2\/posts\/120037\/revisions"}],"wp:featuredmedia":[{"embeddable":true,"href":"https:\/\/www.europesays.com\/fi\/wp-json\/wp\/v2\/media\/120038"}],"wp:attachment":[{"href":"https:\/\/www.europesays.com\/fi\/wp-json\/wp\/v2\/media?parent=120037"}],"wp:term":[{"taxonomy":"category","embeddable":true,"href":"https:\/\/www.europesays.com\/fi\/wp-json\/wp\/v2\/categories?post=120037"},{"taxonomy":"post_tag","embeddable":true,"href":"https:\/\/www.europesays.com\/fi\/wp-json\/wp\/v2\/tags?post=120037"}],"curies":[{"name":"wp","href":"https:\/\/api.w.org\/{rel}","templated":true}]}}