{"id":120039,"date":"2025-12-18T21:54:09","date_gmt":"2025-12-18T21:54:09","guid":{"rendered":"https:\/\/www.europesays.com\/fi\/120039\/"},"modified":"2025-12-18T21:54:09","modified_gmt":"2025-12-18T21:54:09","slug":"googlen-etusivulle-tuli-muutos-mobiili-fi","status":"publish","type":"post","link":"https:\/\/www.europesays.com\/fi\/120039\/","title":{"rendered":"Googlen etusivulle tuli muutos | Mobiili.fi"},"content":{"rendered":"<p><a href=\"https:\/\/mobiili.fi\/wp-content\/uploads\/2025\/12\/google_home_plus.jpg\" data-lightbox=\"image\" rel=\"nofollow noopener\" target=\"_blank\"><img fetchpriority=\"high\" decoding=\"async\" aria-describedby=\"caption-attachment-270781\" class=\"size-large wp-image-270781\" src=\"data:image\/svg+xml,%3Csvg%20xmlns=\" http:=\"\" alt=\"Googlen etusivu sai uudistuksen.\" width=\"1200\" height=\"693\" data-lazy- data-lazy- data-lazy-src=\"https:\/\/www.europesays.com\/fi\/wp-content\/uploads\/2025\/12\/google_home_plus-1200x693.jpg\"\/><\/a><\/p>\n<p id=\"caption-attachment-270781\" class=\"wp-caption-text\">Googlen etusivu sai uudistuksen.<\/p>\n<p>Googlen hakukoneen etusivulla huomattavat muutokset ovat verrattain harvinaisia, mutta nyt hakukent\u00e4ss\u00e4 on tapahtunut pieni uudistus.<\/p>\n<p>Teko\u00e4ly haastaa Googlen aseman verkon keski\u00f6ss\u00e4, ja Google onkin omalta osaltaan vy\u00f6rytt\u00e4nyt voimalla teko\u00e4ly\u00e4 osaksi hakukonettaan.<\/p>\n<p>Aiemmin t\u00e4n\u00e4 vuonna Google-haun hakukentt\u00e4 p\u00e4ivittyi jo Teko\u00e4lytila-painikkeella, mink\u00e4 jatkoksi hakukent\u00e4n vasempaan laitaan on nyt ilmestynyt uusi plussakuvake. Aiemmin sen paikalla sijaitsi suurennuslasikuvake.<\/p>\n<p style=\"width: 98%; text-align: center; font-size:13px; border-bottom: 1px solid #C8C8C8; line-height: 0.1em; margin: 8px 1% 16px 1%;\">MAINOS (ARTIKKELI JATKUU ALLA)<\/p>\n<p>Plussakuvakkeesta avautuvat valinnat kuvan tai tiedoston lataamiseksi. Kuvan tai tiedoston valitsemisen j\u00e4lkeen siit\u00e4 voidaan esimerkiksi kysy\u00e4 kysymyksi\u00e4 ja teko\u00e4ly vastaa.<\/p>\n<p>Muutos on tapahtunut Googlen tietokoneselainversiossa, eik\u00e4 viel\u00e4 mobiilissa.<\/p>\n<p>Google pyrkii tuomaan muutoksellaan teko\u00e4lytoimintojaan paremmin esille ja tekem\u00e4\u00e4n niit\u00e4 tutummaksi.<\/p>\n<p>Mainos: <a href=\"https:\/\/hinta.fi\/?src=gPp6fX03\" target=\"_blank\" rel=\"nofollow noopener\">Noin 1 600 000 tuotteen hintavertailu ja hintaseuranta &#8211; katso Hinta.fist\u00e4 mist\u00e4 saat halvimmalla<\/a><\/p>\n","protected":false},"excerpt":{"rendered":"Googlen etusivu sai uudistuksen. Googlen hakukoneen etusivulla huomattavat muutokset ovat verrattain harvinaisia, mutta nyt hakukent\u00e4ss\u00e4 on tapahtunut pieni&hellip;\n","protected":false},"author":2,"featured_media":120040,"comment_status":"","ping_status":"","sticky":false,"template":"","format":"standard","meta":{"footnotes":""},"categories":[89],"tags":[432,431,33,31,30,32,91,92,433],"class_list":{"0":"post-120039","1":"post","2":"type-post","3":"status-publish","4":"format-standard","5":"has-post-thumbnail","7":"category-tekoaly","8":"tag-ai","9":"tag-artificial-intelligence","10":"tag-fi","11":"tag-finland","12":"tag-finnish","13":"tag-suomi","14":"tag-technology","15":"tag-teknologia","16":"tag-tekoaly"},"share_on_mastodon":{"url":"https:\/\/pubeurope.com\/@fi\/115742799506301439","error":""},"_links":{"self":[{"href":"https:\/\/www.europesays.com\/fi\/wp-json\/wp\/v2\/posts\/120039","targetHints":{"allow":["GET"]}}],"collection":[{"href":"https:\/\/www.europesays.com\/fi\/wp-json\/wp\/v2\/posts"}],"about":[{"href":"https:\/\/www.europesays.com\/fi\/wp-json\/wp\/v2\/types\/post"}],"author":[{"embeddable":true,"href":"https:\/\/www.europesays.com\/fi\/wp-json\/wp\/v2\/users\/2"}],"replies":[{"embeddable":true,"href":"https:\/\/www.europesays.com\/fi\/wp-json\/wp\/v2\/comments?post=120039"}],"version-history":[{"count":0,"href":"https:\/\/www.europesays.com\/fi\/wp-json\/wp\/v2\/posts\/120039\/revisions"}],"wp:featuredmedia":[{"embeddable":true,"href":"https:\/\/www.europesays.com\/fi\/wp-json\/wp\/v2\/media\/120040"}],"wp:attachment":[{"href":"https:\/\/www.europesays.com\/fi\/wp-json\/wp\/v2\/media?parent=120039"}],"wp:term":[{"taxonomy":"category","embeddable":true,"href":"https:\/\/www.europesays.com\/fi\/wp-json\/wp\/v2\/categories?post=120039"},{"taxonomy":"post_tag","embeddable":true,"href":"https:\/\/www.europesays.com\/fi\/wp-json\/wp\/v2\/tags?post=120039"}],"curies":[{"name":"wp","href":"https:\/\/api.w.org\/{rel}","templated":true}]}}