{"id":120054,"date":"2025-12-18T22:11:10","date_gmt":"2025-12-18T22:11:10","guid":{"rendered":"https:\/\/www.europesays.com\/fi\/120054\/"},"modified":"2025-12-18T22:11:10","modified_gmt":"2025-12-18T22:11:10","slug":"isw-venajan-puolustusministerilta-kovia-vaitteita-tama-on-tilanne-oikeasti","status":"publish","type":"post","link":"https:\/\/www.europesays.com\/fi\/120054\/","title":{"rendered":"ISW: Ven\u00e4j\u00e4n puolustusministerilt\u00e4 kovia v\u00e4itteit\u00e4 \u2013 t\u00e4m\u00e4 on tilanne oikeasti"},"content":{"rendered":"<p>Belousov liioitteli Ven\u00e4j\u00e4n sotamenestyst\u00e4 Putinin edess\u00e4, Institute for the Study of War arvioi.<\/p>\n<p>18.12. 23:45<\/p>\n<p class=\"article-body mb-nof-24 px-nof-16\">Ven\u00e4j\u00e4n puolustusministeri <a class=\"article-personlink\" href=\"https:\/\/www.is.fi\/haku\/?query=Andrei%20Belousov\" rel=\"nofollow noopener\" target=\"_blank\">Andrei Belousov<\/a> kertoi eilen Ven\u00e4j\u00e4n Ukrainassa aloittaman sodan etenemisest\u00e4 ja Ven\u00e4j\u00e4n asevoimien tilanteesta. Belousov puhui vuosittaisessa kokouksessa, jossa k\u00e4sitell\u00e4\u00e4n Ven\u00e4j\u00e4n puolustusministeri\u00f6n ja asevoimien tilannetta sek\u00e4 menestyst\u00e4 sodassa. Tilaisuuteen osallistui my\u00f6s Ven\u00e4j\u00e4n presidentti <a class=\"article-personlink\" href=\"https:\/\/www.is.fi\/haku\/?query=Vladimir%20Putin\" rel=\"nofollow noopener\" target=\"_blank\">Vladimir Putin<\/a>.<\/p>\n<p class=\"article-body mb-nof-24 px-nof-16\">Moni Belousovin v\u00e4ite nostattaa kulmakarvoja.<\/p>\n<p class=\"article-body mb-nof-24 px-nof-16\">Belousov esimerkiksi v\u00e4itti, ett\u00e4 Ven\u00e4j\u00e4n joukot ovat vallanneet Kupjanskin. Belousov v\u00e4itti, ett\u00e4 Kupjanskin valtaus laajentaa Ven\u00e4j\u00e4n puskurivy\u00f6hykett\u00e4 Harkovan alueella ja v\u00e4hent\u00e4\u00e4 ukrainalaisen tulituksen uhkaa miehitetyll\u00e4 alueella Luhanskissa.<\/p>\n<p class=\"article-body mb-nof-24 px-nof-16\">Viime p\u00e4ivin\u00e4 on kuitenkin laajasti raportoitu Ukrainan onnistuneista vasta\u00adhy\u00f6kk\u00e4yksist\u00e4 Kupjanskissa. Ukrainan joukot ovat todisteiden perusteella saaneet haltuunsa merkitt\u00e4v\u00e4n osan kaupungista, <a class=\"article-genericlink\" href=\"https:\/\/understandingwar.org\/research\/russia-ukraine\/russian-offensive-campaign-assessment-december-17-2025\/\" rel=\"nofollow noopener\" target=\"_blank\">Institute for the Study of War<\/a> kertoo. My\u00f6s tuoreissa tilannekartoissa on p\u00e4ivitetty Ven\u00e4j\u00e4n joukkojen vet\u00e4ytyminen suuresta osasta Kupjanskia.<\/p>\n<p><img decoding=\"async\" src=\"https:\/\/images.sanoma-sndp.fi\/62369c34e8aae361cc698aa30a9c84eb.svg\" alt=\"\" class=\"_Img_1rerz_1\" style=\"aspect-ratio:1.72\" loading=\"eager\"\/><\/p>\n<p class=\"article-body mb-nof-24 px-nof-16\">Belousov my\u00f6s v\u00e4itti, ett\u00e4 Ukrainan puolustuksen romahdus on \u201dv\u00e4ist\u00e4m\u00e4t\u00f6nt\u00e4\u201d, jatkaen Kremlin kognitiivista sodank\u00e4ynti\u00e4, jonka tarkoituksena on esitt\u00e4\u00e4 Ven\u00e4j\u00e4n voitto taistelukent\u00e4ll\u00e4 v\u00e4ist\u00e4m\u00e4tt\u00f6m\u00e4n\u00e4, jotta Kreml pystyy vaikuttamaan k\u00e4ynniss\u00e4 oleviin neuvotteluihin, ISW analysoi.<\/p>\n<p><img decoding=\"async\" src=\"https:\/\/www.europesays.com\/fi\/wp-content\/uploads\/2025\/12\/1766095869_691_468.jpg\" alt=\"Ukrainan presidentti Volodymyr Zelenskyi vieraili viime viikolla Kupjanskissa, jonka Ven\u00e4j\u00e4 v\u00e4itt\u00e4\u00e4 vallanneensa.\" class=\"_Img_1rerz_1\" style=\"aspect-ratio:1.5\" loading=\"eager\"\/><\/p>\n<p class=\"article-picture-caption\">Ukrainan presidentti Volodymyr Zelenskyi vieraili viime viikolla Kupjanskissa, jonka Ven\u00e4j\u00e4 v\u00e4itt\u00e4\u00e4 vallanneensa. Kuva:\u00a0Ukraine President Office<\/p>\n<p class=\"article-body mb-nof-24 px-nof-16\">ISW:n mukaan Belousov yritti pienten ja keskisuurten asutuskeskusten valtauksilla tukea virheellisi\u00e4 v\u00e4itteit\u00e4 siit\u00e4, ett\u00e4 Ven\u00e4j\u00e4n joukot voisivat nopeasti vallata Ukrainan linnoitusvy\u00f6hykkeen suuremmat kaupungit kuten Kramatorskin ja Slovjanskin. ISW huomauttaa, ett\u00e4 esimerkiksi pelk\u00e4st\u00e4\u00e4n Pokrovskin valtaamiseen Ven\u00e4j\u00e4ll\u00e4 on mennyt l\u00e4hes kaksi vuotta ja taistelut jatkuvat edelleen.<\/p>\n<p class=\"article-body mb-nof-24 px-nof-16\">Belousov v\u00e4itti, ett\u00e4 linnoitusvy\u00f6hykkeen valtaaminen auttaa Ven\u00e4j\u00e4\u00e4 valtaamaan \u201dnopeasti\u201d loput Donetskin alueesta. ISW kuitenkin arvioi, ett\u00e4 Ven\u00e4j\u00e4lt\u00e4 kest\u00e4isi jopa v\u00e4hint\u00e4\u00e4n kaksi vuotta vallata loput Donetskin alueesta ja Ven\u00e4j\u00e4 maksaisi t\u00e4st\u00e4 kovaa hintaa.<\/p>\n<p class=\"article-body mb-nof-24 px-nof-16\">Belousov v\u00e4itti my\u00f6s, ett\u00e4 Ven\u00e4j\u00e4n joukot ovat vallanneet 6\u202f000 neli\u00f6kilometri\u00e4 pitkin etulinjaa t\u00e4m\u00e4n vuoden aikana eli vajaan prosentin Ukrainan koko maa-alasta. ISW:n mukaan Ven\u00e4j\u00e4n joukot ovat kuitenkin vallanneet v\u00e4hemm\u00e4n: reilu 4\u202f699 neli\u00f6kilometri\u00e4.<\/p>\n<p><img decoding=\"async\" src=\"https:\/\/www.europesays.com\/fi\/wp-content\/uploads\/2025\/12\/1766095870_535_468.jpg\" alt=\"ISW:n mukaan puolustusministeri Belousovin v\u00e4itteet Ven\u00e4j\u00e4n sotamenestyksest\u00e4 ovat liioiteltuja.\" class=\"_Img_1rerz_1\" style=\"aspect-ratio:1.4723926380368098\" loading=\"eager\"\/><\/p>\n<p class=\"article-picture-caption\">ISW:n mukaan puolustusministeri Belousovin v\u00e4itteet Ven\u00e4j\u00e4n sotamenestyksest\u00e4 ovat liioiteltuja. Kuva:\u00a0Alexander Kazakov<\/p>\n<p class=\"article-body mb-nof-24 px-nof-16\">Belousov pyrki my\u00f6s k\u00e4tkem\u00e4\u00e4n Ven\u00e4j\u00e4n ongelmat koskien uusien sotilaiden rekrytoimista. Belousov v\u00e4itti, ett\u00e4 l\u00e4hes 410\u202f000 ven\u00e4l\u00e4ist\u00e4 oli t\u00e4n\u00e4 vuonna allekirjoittanut sopimuksen Ven\u00e4j\u00e4n puolustusministeri\u00f6n kanssa. T\u00e4m\u00e4 tarkoittaisi noin 32\u202f800 sotilasta kuukaudessa. Mik\u00e4li Ukrainan tiedot Ven\u00e4j\u00e4n menetyksist\u00e4 pit\u00e4v\u00e4t paikkansa, Ven\u00e4j\u00e4 on menett\u00e4nyt keskim\u00e4\u00e4rin 34\u202f600 sotilasta kuukaudessa, ISW kertoo. Lis\u00e4ksi Belousovin luku on todenn\u00e4k\u00f6isesti liioiteltu.<\/p>\n<p class=\"article-body mb-nof-24 px-nof-16\">ISW:n mukaan Belousovin kommentit Ven\u00e4j\u00e4n teknologisista ja taktisista muokkauksista paljastavat, ett\u00e4 Ven\u00e4j\u00e4n joukot ovat optimoineet itsens\u00e4 asemasotaa varten eiv\u00e4tk\u00e4 nopeaan, suuren mittakaavan menestyksiin vaadittavia mekanisoituja liikkeit\u00e4 varten.<\/p>\n","protected":false},"excerpt":{"rendered":"Belousov liioitteli Ven\u00e4j\u00e4n sotamenestyst\u00e4 Putinin edess\u00e4, Institute for the Study of War arvioi. 18.12. 23:45 Ven\u00e4j\u00e4n puolustusministeri Andrei&hellip;\n","protected":false},"author":2,"featured_media":120055,"comment_status":"","ping_status":"","sticky":false,"template":"","format":"standard","meta":{"footnotes":""},"categories":[14],"tags":[22,23,26,27,33,31,30,17,34,24,25,28,29,15,18,21,32,19,20,56,16,59,60,61],"class_list":{"0":"post-120054","1":"post","2":"type-post","3":"status-publish","4":"format-standard","5":"has-post-thumbnail","7":"category-ulkomaat","8":"tag-breaking-news","9":"tag-breakingnews","10":"tag-featured-news","11":"tag-featurednews","12":"tag-fi","13":"tag-finland","14":"tag-finnish","15":"tag-headlines","16":"tag-ilta-sanomat","17":"tag-latest-news","18":"tag-latestnews","19":"tag-main-news","20":"tag-mainnews","21":"tag-news","22":"tag-otsikot","23":"tag-paauutiset","24":"tag-suomi","25":"tag-top-stories","26":"tag-topstories","27":"tag-ulkomaat","28":"tag-uutiset","29":"tag-world","30":"tag-world-news","31":"tag-worldnews"},"share_on_mastodon":{"url":"https:\/\/pubeurope.com\/@fi\/115742866671932707","error":""},"_links":{"self":[{"href":"https:\/\/www.europesays.com\/fi\/wp-json\/wp\/v2\/posts\/120054","targetHints":{"allow":["GET"]}}],"collection":[{"href":"https:\/\/www.europesays.com\/fi\/wp-json\/wp\/v2\/posts"}],"about":[{"href":"https:\/\/www.europesays.com\/fi\/wp-json\/wp\/v2\/types\/post"}],"author":[{"embeddable":true,"href":"https:\/\/www.europesays.com\/fi\/wp-json\/wp\/v2\/users\/2"}],"replies":[{"embeddable":true,"href":"https:\/\/www.europesays.com\/fi\/wp-json\/wp\/v2\/comments?post=120054"}],"version-history":[{"count":0,"href":"https:\/\/www.europesays.com\/fi\/wp-json\/wp\/v2\/posts\/120054\/revisions"}],"wp:featuredmedia":[{"embeddable":true,"href":"https:\/\/www.europesays.com\/fi\/wp-json\/wp\/v2\/media\/120055"}],"wp:attachment":[{"href":"https:\/\/www.europesays.com\/fi\/wp-json\/wp\/v2\/media?parent=120054"}],"wp:term":[{"taxonomy":"category","embeddable":true,"href":"https:\/\/www.europesays.com\/fi\/wp-json\/wp\/v2\/categories?post=120054"},{"taxonomy":"post_tag","embeddable":true,"href":"https:\/\/www.europesays.com\/fi\/wp-json\/wp\/v2\/tags?post=120054"}],"curies":[{"name":"wp","href":"https:\/\/api.w.org\/{rel}","templated":true}]}}