{"id":120056,"date":"2025-12-18T22:12:11","date_gmt":"2025-12-18T22:12:11","guid":{"rendered":"https:\/\/www.europesays.com\/fi\/120056\/"},"modified":"2025-12-18T22:12:11","modified_gmt":"2025-12-18T22:12:11","slug":"vuodenvaihteen-pyhapaivien-linkki-palvelut-ja-jouluaaton-24-12-kynttilakyydit","status":"publish","type":"post","link":"https:\/\/www.europesays.com\/fi\/120056\/","title":{"rendered":"Vuodenvaihteen pyh\u00e4p\u00e4ivien Linkki-palvelut ja jouluaaton 24.12. kynttil\u00e4kyydit"},"content":{"rendered":"<p>Jouluaaton 24.12. liikenne jatkuu kello 16:een ennen taukoamistaan aattoillan ja joulup\u00e4iv\u00e4n ajaksi. Joukkoliikenteen koulup\u00e4iv\u00e4vuorot ovat joululomatauolla 21.12.2025\u20136.1.2026.<\/p>\n<p>Painettuun aikatauluvihkoon koulup\u00e4iv\u00e4vuorot on merkattu <strong>Koulp<\/strong>&#8211; tai <strong>kp-merkinn\u00e4ll\u00e4<\/strong>. <a href=\"https:\/\/reittiopas.jyvaskyla.fi\" data-entity-type=\"external\" rel=\"nofollow noopener\" target=\"_blank\">S\u00e4hk\u00f6inen aikataulu- ja reittiopas<\/a> n\u00e4ytt\u00e4\u00e4 p\u00e4ivitt\u00e4in liikenn\u00f6it\u00e4vien vuorojen tiedot.\u00a0<\/p>\n<p>Linkki-VIP -palveluliikennett\u00e4 ei liikenn\u00f6id\u00e4 joulun ja uudenvuoden pyh\u00e4p\u00e4ivin\u00e4 24.\u201326.12., 1.1. ja 6.1.<\/p>\n<p>Joululiikenne<\/p>\n<ul>\n<li>ke 24.12. jouluaatto, ajetaan lauantaivuorot. <strong>Kello 16.00 j\u00e4lkeen aikatauluun l\u00e4hteviksi merkattuja vuoroja ei ajeta.<\/strong><\/li>\n<li>to 25.12. joulup\u00e4iv\u00e4, ei liikenn\u00f6inti\u00e4<\/li>\n<li>pe 26.12. tapaninp\u00e4iv\u00e4, ajetaan sunnuntaivuorot<\/li>\n<\/ul>\n<p>Uudenvuoden ja loppiaisen liikenne<\/p>\n<ul>\n<li>ke 31.12. uudenvuodenaatto, liikenn\u00f6id\u00e4\u00e4n normaalit arkip\u00e4iv\u00e4vuorot<\/li>\n<li>to 1.1.2026 uudenvuodenp\u00e4iv\u00e4, ajetaan sunnuntaivuorot<\/li>\n<li>ti 6.1.2026 loppiainen, ajetaan sunnuntaivuorot<\/li>\n<\/ul>\n<p>Lipunmyynti ja asiakaspalvelu<\/p>\n<p>Linkki-palvelupiste kauppakeskus Forumissa (Asemakatu 7) palvelee vuodenvaihteen aikaan seuraavasti:\u00a0<\/p>\n<ul>\n<li>ti 23.12. avoinna 10\u201314<\/li>\n<li>ke-pe 24.\u201326.12. suljettu<\/li>\n<li>ke 31.12. avoinna 10\u201314<\/li>\n<li>to 1.1.2026 suljettu<\/li>\n<li>ti 6.1.2026 suljettu<\/li>\n<\/ul>\n<p>Linkin matkakorttia voi ladata my\u00f6s <a href=\"https:\/\/waltti.fi\" data-entity-type=\"external\" rel=\"nofollow noopener\" target=\"_blank\">Waltti-verkkokaupassa<\/a>. Matkakorttilatauksia saa my\u00f6s R-kioskeilta, tarkista <a href=\"https:\/\/www.r-kioski.fi\/kioskit\" data-entity-type=\"external\" rel=\"nofollow noopener\" target=\"_blank\">sijainnit ja vuodenvaihteen aukioloajat<\/a>.\u00a0<\/p>\n<p>Tarkista aikataulut poikkeusten varalta<\/p>\n<p>Linkki-joukkoliikenteen ajantasaiset aikataulut l\u00f6ytyv\u00e4t <a href=\"https:\/\/reittiopas.jyvaskyla.fi\" data-entity-type=\"external\" rel=\"nofollow noopener\" target=\"_blank\">s\u00e4hk\u00f6isest\u00e4 aikataulu- ja reittioppaasta<\/a> sek\u00e4 painetusta aikatauluvihkosta.\u00a0<\/p>\n<p>Aikatauluvihkoa voi tarkastella my\u00f6s Linkin verkkosivujen <a href=\"https:\/\/linkki.jyvaskyla.fi\/sites\/default\/files\/2025-11\/linkki_talviaikataulut_2025_2025_0.pdf\" data-entity-type=\"external\" rel=\"nofollow noopener\" target=\"_blank\">pdf-tiedostosta<\/a>.<\/p>\n<p>Kynttil\u00e4kyydit 24.12. Jyv\u00e4skyl\u00e4n hautausmaille<\/p>\n<p>M\u00e4ntykankaan ja Lahjaharjun hautausmaille ajetaan jouluaattona 24.12. kynttil\u00e4kyytej\u00e4, joilla p\u00e4\u00e4see viem\u00e4\u00e4n tervehdyksen poismenneen l\u00e4heisen haudalle.\u00a0<\/p>\n<p>Matkustaa voi normaaleilla Linkki-liikenteen lipuilla, eli matkakortilla, kuljettajalta ostettavalla k\u00e4teislipulla, pankkikortin l\u00e4himaksulla tai mobiililipulla. Aikuisen matkustajan k\u00e4teislippu maksaa 4 euroa, 7\u201316 -vuotiaan lapsen lippu 2 euroa. Varaathan k\u00e4teisell\u00e4 maksaessasi mielell\u00e4\u00e4n tasarahan. Pankkikortilla voi ostaa lipun vain itselle, useamman henkil\u00f6n matkaa sill\u00e4 ei voi maksaa.<\/p>\n<p>M\u00e4ntykankaan hautausmaan kynttil\u00e4kyydit 24.12.<\/p>\n<p>Linkki kulkee M\u00e4ntykankaan hautausmaalle reitti\u00e4 Linkkikeskus (Vapaudenkatu), Keskusta 3 -pys\u00e4kki\u2013V\u00e4in\u00f6nkatu\u2013Sep\u00e4nkatu\u2013Rajakatu\u2013Laukaantie\u2013M\u00e4ntykankaan hautausmaa. Kyytiin voi tulla my\u00f6s matkan varren pys\u00e4keilt\u00e4.<\/p>\n<p><strong>KESKUSTA-M\u00c4NTYKANGAS<\/strong><\/p>\n<ul>\n<li>L\u00e4hd\u00f6t pys\u00e4kilt\u00e4 3 (Vapaudenkadun Linkkikeskus)<\/li>\n<li>Vuoroja ajetaan 30 minuutin v\u00e4lein kello 9.00\u201314.00. P\u00e4iv\u00e4n ensimm\u00e4inen l\u00e4ht\u00f6 keskustasta on klo 9.00 ja viimeinen klo 14.00.<\/li>\n<\/ul>\n<p><strong>M\u00c4NTYKANGAS\u2013KESKUSTA<\/strong><\/p>\n<ul>\n<li>Paluukuljetuksia hautausmaalta keskustaan ajetaan 30 minuutin v\u00e4lein kello 9.20\u201314.20. P\u00e4iv\u00e4n ensimm\u00e4inen l\u00e4ht\u00f6 M\u00e4ntykankaan hautausmaalta on klo 9.20 ja viimeinen klo 14.20.<\/li>\n<\/ul>\n<p><strong>T\u00d6LSK\u00c4\u2013LAHJAHARJU<\/strong><\/p>\n<ul>\n<li>L\u00e4ht\u00f6 T\u00f6lsk\u00e4n tiehaarasta kello 9.00<\/li>\n<\/ul>\n<p><strong>LAHJAHARJU\u2013T\u00d6LSK\u00c4<\/strong><\/p>\n<ul>\n<li>L\u00e4hd\u00f6t pys\u00e4kilt\u00e4 3 (Vapaudenkadun Linkkikeskus)<\/li>\n<li>Vuoroja ajetaan 30 minuutin v\u00e4lein kello 9.00\u201314.00. P\u00e4iv\u00e4n ensimm\u00e4inen l\u00e4ht\u00f6 keskustasta on klo 9.00 ja viimeinen klo 14.00.<\/li>\n<\/ul>\n<p>Lahjaharjun hautausmaan kynttil\u00e4kyydit Vaajakoskelta 24.12.<\/p>\n<ul>\n<li>Linkki ajaa Lahjaharjuun reitti\u00e4 Vaajakoski (T\u00f6lsk\u00e4n tiehaara)\u2013T\u00f6lsk\u00e4\u2013Vaajakosken keskusta\u2013 vanha Vaajakoskentie\u2013Lahjaharjun hautausmaa.<\/li>\n<li>Paluukuljetus Lahjaharjun hautausmaalta Vaajakoskelle kello 10.30<\/li>\n<\/ul>\n<p>\u00a0<\/p>\n<p><strong>Lis\u00e4tiedot<\/strong>: joukkoliikennesuunnittelija Jouni Enroos, p. 050\u00a0461 7119, jouni.enroos[at]jyvaskyla.fi<\/p>\n","protected":false},"excerpt":{"rendered":"Jouluaaton 24.12. liikenne jatkuu kello 16:een ennen taukoamistaan aattoillan ja joulup\u00e4iv\u00e4n ajaksi. Joukkoliikenteen koulup\u00e4iv\u00e4vuorot ovat joululomatauolla 21.12.2025\u20136.1.2026. Painettuun&hellip;\n","protected":false},"author":2,"featured_media":120057,"comment_status":"","ping_status":"","sticky":false,"template":"","format":"standard","meta":{"footnotes":""},"categories":[12],"tags":[22,23,26,27,33,31,30,17,24,25,28,29,15,18,21,32,19,20,16],"class_list":{"0":"post-120056","1":"post","2":"type-post","3":"status-publish","4":"format-standard","5":"has-post-thumbnail","7":"category-suomi","8":"tag-breaking-news","9":"tag-breakingnews","10":"tag-featured-news","11":"tag-featurednews","12":"tag-fi","13":"tag-finland","14":"tag-finnish","15":"tag-headlines","16":"tag-latest-news","17":"tag-latestnews","18":"tag-main-news","19":"tag-mainnews","20":"tag-news","21":"tag-otsikot","22":"tag-paauutiset","23":"tag-suomi","24":"tag-top-stories","25":"tag-topstories","26":"tag-uutiset"},"share_on_mastodon":{"url":"https:\/\/pubeurope.com\/@fi\/115742870720014533","error":""},"_links":{"self":[{"href":"https:\/\/www.europesays.com\/fi\/wp-json\/wp\/v2\/posts\/120056","targetHints":{"allow":["GET"]}}],"collection":[{"href":"https:\/\/www.europesays.com\/fi\/wp-json\/wp\/v2\/posts"}],"about":[{"href":"https:\/\/www.europesays.com\/fi\/wp-json\/wp\/v2\/types\/post"}],"author":[{"embeddable":true,"href":"https:\/\/www.europesays.com\/fi\/wp-json\/wp\/v2\/users\/2"}],"replies":[{"embeddable":true,"href":"https:\/\/www.europesays.com\/fi\/wp-json\/wp\/v2\/comments?post=120056"}],"version-history":[{"count":0,"href":"https:\/\/www.europesays.com\/fi\/wp-json\/wp\/v2\/posts\/120056\/revisions"}],"wp:featuredmedia":[{"embeddable":true,"href":"https:\/\/www.europesays.com\/fi\/wp-json\/wp\/v2\/media\/120057"}],"wp:attachment":[{"href":"https:\/\/www.europesays.com\/fi\/wp-json\/wp\/v2\/media?parent=120056"}],"wp:term":[{"taxonomy":"category","embeddable":true,"href":"https:\/\/www.europesays.com\/fi\/wp-json\/wp\/v2\/categories?post=120056"},{"taxonomy":"post_tag","embeddable":true,"href":"https:\/\/www.europesays.com\/fi\/wp-json\/wp\/v2\/tags?post=120056"}],"curies":[{"name":"wp","href":"https:\/\/api.w.org\/{rel}","templated":true}]}}