{"id":120058,"date":"2025-12-18T22:13:09","date_gmt":"2025-12-18T22:13:09","guid":{"rendered":"https:\/\/www.europesays.com\/fi\/120058\/"},"modified":"2025-12-18T22:13:09","modified_gmt":"2025-12-18T22:13:09","slug":"venaja-aikoo-sijoittaa-uuden-ohjusjarjestelman-valko-venajalle-asiantuntija-varoittaa-eskalaatiosta","status":"publish","type":"post","link":"https:\/\/www.europesays.com\/fi\/120058\/","title":{"rendered":"Ven\u00e4j\u00e4 aikoo sijoittaa uuden ohjusj\u00e4rjestelm\u00e4n Valko-Ven\u00e4j\u00e4lle \u2013 asiantuntija varoittaa eskalaatiosta"},"content":{"rendered":"<p>Presidentti Vladimir Putin ilmoitti keskiviikkona, ett\u00e4 ballistinen Oreshnik-ohjus on valmis taisteluk\u00e4ytt\u00f6\u00f6n viel\u00e4 ennen vuodenvaihdetta.<\/p>\n<p>18.12. 22:24<\/p>\n<p class=\"article-body mb-nof-24 px-nof-16\">Ven\u00e4j\u00e4 aikoo sijoittaa uuden Oreshnik-ohjusj\u00e4rjestelm\u00e4n naapurimaahansa Valko-Ven\u00e4j\u00e4lle, kertoivat useat ven\u00e4l\u00e4iset ja ukrainalaiset tiedotusv\u00e4lineet keskiviikkona. Sijoittamisesta on liikkunut huhuja jo pitk\u00e4\u00e4n.<\/p>\n<p class=\"article-body mb-nof-24 px-nof-16\">Oreshnik on liikkuvalta alustalta laukaistava keskimatkan ballistinen ohjus, jonka kantama on noin 5\u202f000 kilometri\u00e4. Mik\u00e4li suunnitelma toteutuu, Oreshnik muodostaa uhkan sek\u00e4 Ukrainalle ett\u00e4 l\u00e4ntiselle Euroopalle.<\/p>\n<p class=\"article-body mb-nof-24 px-nof-16\">L\u00e4ntiset tarkkailijat ovat seuranneet Oreshnikin kehitysty\u00f6t\u00e4 jo pitk\u00e4\u00e4n. Presidentti <a class=\"article-personlink\" href=\"https:\/\/www.is.fi\/haku\/?query=Vladimir%20Putin\" rel=\"nofollow noopener\" target=\"_blank\">Vladimir Putin<\/a> ilmoitti j\u00e4rjestelm\u00e4n valmistumisesta puhuessaan Ven\u00e4j\u00e4n puolustusministeri\u00f6n johdolle keskiviikkona.<\/p>\n<p class=\"article-body mb-nof-24 px-nof-16\">\u2013 Hypersoonisella Oreshnik-ohjuksella varustettu keskimatkan ohjusj\u00e4rjestelm\u00e4 otetaan taisteluk\u00e4ytt\u00f6\u00f6n vuoden loppuun menness\u00e4. Sit\u00e4 k\u00e4ytettiin operatiivisesti ensimm\u00e4isen kerran viime vuoden marraskuussa, Putin sanoi Kremlin verkkosivuston mukaan.<\/p>\n<p class=\"article-body mb-nof-24 px-nof-16\">Ven\u00e4j\u00e4 ampui Kapustin Jarin koealueelta 21. marraskuuta 2024 n\u00e4yt\u00f6sluontoisesti Oreshnik-ohjuksen Dniproon. Ven\u00e4j\u00e4 kertoi tuolloin propagandassaan, ett\u00e4 Oreshnikin lentoaika Naton p\u00e4\u00e4majaan Brysseliin olisi 17 minuuttia.<\/p>\n<p class=\"article-body mb-nof-24 px-nof-16\">Oreshnikin nopeus ylitt\u00e4\u00e4 10 Machin rajan ja nousee siten yli 12\u202f300 kilometriin tunnissa.<\/p>\n<p><img decoding=\"async\" src=\"https:\/\/images.sanoma-sndp.fi\/938382e0f46caa7dc1c6d8e28133fc92.svg\" alt=\"\" class=\"_Img_1rerz_1\" style=\"aspect-ratio:0.56\" loading=\"eager\"\/><\/p>\n<p class=\"article-body mb-nof-24 px-nof-16\">Valko-Ven\u00e4j\u00e4n presidentti <a class=\"article-personlink\" href=\"https:\/\/www.is.fi\/haku\/?query=Aljaksandr%20Lukashenka\" rel=\"nofollow noopener\" target=\"_blank\">Aljaksandr Lukashenka<\/a> ilmoitti puolestaan jo marraskuussa, ett\u00e4 Oreshnik-j\u00e4rjestelm\u00e4 sijoitetaan Valko-Ven\u00e4j\u00e4lle. Uutisesta kertoi muun muassa <a class=\"article-genericlink\" href=\"https:\/\/www.kommersant.ru\/doc\/8193322\" rel=\"nofollow noopener\" target=\"_blank\">Kommersant-lehti<\/a>, joka perusti artikkelinsa Valko-Ven\u00e4j\u00e4n uutistoimiston Beltan tietoihin.<\/p>\n<p class=\"article-body mb-nof-24 px-nof-16\">Lukashenka ei paljastanut suunnitelman yksityiskohtia. H\u00e4nen mukaansa ohjusta on kuitenkin tarkoitus liikutella kuljetus\u00adalustallaan paikasta toiseen, ja se voidaan n\u00e4iden \u201dpartioiden\u201d aikana tarvittaessa laukaista kohteeseensa.<\/p>\n<p class=\"article-body mb-nof-24 px-nof-16\">Planet Labs -yhti\u00f6n satelliittikuvat paljastivat syyskuussa, ett\u00e4 Valko-Ven\u00e4j\u00e4 rakentaa uutta sotilaallista infrastruktuuria Slutskin piirikunnan alueelle Minskin etel\u00e4puolelle. Radio Free Europe \/ Radio Libertyn, Delfin ja Eesti Ekspressin <a class=\"article-genericlink\" href=\"https:\/\/www.rferl.org\/a\/satellite-images-secret-strategic-base-belarus\/33526075.html\" rel=\"nofollow noopener\" target=\"_blank\">analyysin mukaan<\/a> alue on todenn\u00e4k\u00f6isesti Oreshnik-j\u00e4rjestelm\u00e4n sijoituspaikka.<\/p>\n<p class=\"article-body mb-nof-24 px-nof-16\">Lue lis\u00e4\u00e4: <a class=\"article-genericlink\" href=\"https:\/\/www.is.fi\/ulkomaat\/art-2000011485701.html\" rel=\"nofollow noopener\" target=\"_blank\">Tuoreet satelliitti\u00adkuvat: Huolestuttava ilmi\u00f6 Valko-Ven\u00e4j\u00e4ll\u00e4<\/a><\/p>\n<p class=\"article-body mb-nof-24 px-nof-16\">Yhdysvaltalaisen James\u00adtown-s\u00e4\u00e4ti\u00f6n asiantuntija <a class=\"article-personlink\" href=\"https:\/\/www.is.fi\/haku\/?query=Alexander%20Taranov\" rel=\"nofollow noopener\" target=\"_blank\">Alexander Taranov<\/a> julkaisi viime helmikuussa laajan <a class=\"article-genericlink\" href=\"https:\/\/jamestown.org\/belarusian-oreshnik-deployment-planned-for-december\/\" rel=\"nofollow noopener\" target=\"_blank\">artikkelin<\/a> Oreshnikista.<\/p>\n<p class=\"article-body mb-nof-24 px-nof-16\">Taranovin mukaan Valko-Ven\u00e4j\u00e4 esitt\u00e4\u00e4 Oreshnikin sijoituksen alueelleen puolustuksellisena toimena, vastauksena l\u00e4nnen muodostamaan uhkaan. J\u00e4rjestelm\u00e4 on kuitenkin Taranovin mukaan t\u00e4ysin Kremlin ja Ven\u00e4j\u00e4n asevoimien komennossa. Taranov arvioi, ett\u00e4 Ven\u00e4j\u00e4 saattaa pohjustaa Oreshnikin sijoittamisen avulla mahdollista eskalaatiota Ukrainaa ja Natoa vastaan.<\/p>\n<p class=\"article-body mb-nof-24 px-nof-16\">\u201dValko-Ven\u00e4j\u00e4n viranomaiset vetoavat puolustuksellisiin tarkoituksiin, mutta Oreshnik-j\u00e4rjestelm\u00e4n hy\u00f6kk\u00e4yksellinen sijoittaminen, partiointisuunnitelma ja komento- ja valvontaj\u00e4rjestely viittaavat muuhun\u201d, Taranov kirjoittaa.<\/p>\n<p class=\"article-body mb-nof-24 px-nof-16\">Taranovin mukaan Oreshnikin uhka pit\u00e4isi ottaa huomioon Ukrainan ja Euroopan ilmapuolustuksessa. Saksa on jo p\u00e4\u00e4tt\u00e4nyt laajentaa Israelista hankkimaansa Arrow-ilmapuolustusj\u00e4rjestelm\u00e4\u00e4 useilla miljardeilla euroilla. Arrow kykenee ballististen ohjusten torjuntaan korkealla ilmakeh\u00e4n yl\u00e4puolella.<\/p>\n","protected":false},"excerpt":{"rendered":"Presidentti Vladimir Putin ilmoitti keskiviikkona, ett\u00e4 ballistinen Oreshnik-ohjus on valmis taisteluk\u00e4ytt\u00f6\u00f6n viel\u00e4 ennen vuodenvaihdetta. 18.12. 22:24 Ven\u00e4j\u00e4 aikoo&hellip;\n","protected":false},"author":2,"featured_media":120059,"comment_status":"","ping_status":"","sticky":false,"template":"","format":"standard","meta":{"footnotes":""},"categories":[5],"tags":[22,23,26,27,33,31,30,17,34,24,25,28,29,15,18,21,32,19,20,16],"class_list":{"0":"post-120058","1":"post","2":"type-post","3":"status-publish","4":"format-standard","5":"has-post-thumbnail","7":"category-otsikot","8":"tag-breaking-news","9":"tag-breakingnews","10":"tag-featured-news","11":"tag-featurednews","12":"tag-fi","13":"tag-finland","14":"tag-finnish","15":"tag-headlines","16":"tag-ilta-sanomat","17":"tag-latest-news","18":"tag-latestnews","19":"tag-main-news","20":"tag-mainnews","21":"tag-news","22":"tag-otsikot","23":"tag-paauutiset","24":"tag-suomi","25":"tag-top-stories","26":"tag-topstories","27":"tag-uutiset"},"share_on_mastodon":{"url":"https:\/\/pubeurope.com\/@fi\/115742874376139572","error":""},"_links":{"self":[{"href":"https:\/\/www.europesays.com\/fi\/wp-json\/wp\/v2\/posts\/120058","targetHints":{"allow":["GET"]}}],"collection":[{"href":"https:\/\/www.europesays.com\/fi\/wp-json\/wp\/v2\/posts"}],"about":[{"href":"https:\/\/www.europesays.com\/fi\/wp-json\/wp\/v2\/types\/post"}],"author":[{"embeddable":true,"href":"https:\/\/www.europesays.com\/fi\/wp-json\/wp\/v2\/users\/2"}],"replies":[{"embeddable":true,"href":"https:\/\/www.europesays.com\/fi\/wp-json\/wp\/v2\/comments?post=120058"}],"version-history":[{"count":0,"href":"https:\/\/www.europesays.com\/fi\/wp-json\/wp\/v2\/posts\/120058\/revisions"}],"wp:featuredmedia":[{"embeddable":true,"href":"https:\/\/www.europesays.com\/fi\/wp-json\/wp\/v2\/media\/120059"}],"wp:attachment":[{"href":"https:\/\/www.europesays.com\/fi\/wp-json\/wp\/v2\/media?parent=120058"}],"wp:term":[{"taxonomy":"category","embeddable":true,"href":"https:\/\/www.europesays.com\/fi\/wp-json\/wp\/v2\/categories?post=120058"},{"taxonomy":"post_tag","embeddable":true,"href":"https:\/\/www.europesays.com\/fi\/wp-json\/wp\/v2\/tags?post=120058"}],"curies":[{"name":"wp","href":"https:\/\/api.w.org\/{rel}","templated":true}]}}