{"id":120070,"date":"2025-12-18T22:37:11","date_gmt":"2025-12-18T22:37:11","guid":{"rendered":"https:\/\/www.europesays.com\/fi\/120070\/"},"modified":"2025-12-18T22:37:11","modified_gmt":"2025-12-18T22:37:11","slug":"tanska-syyttaa-venajaa-kyberiskuista-kutsuu-suurlahettilaan-puhutteluun","status":"publish","type":"post","link":"https:\/\/www.europesays.com\/fi\/120070\/","title":{"rendered":"Tanska syytt\u00e4\u00e4 Ven\u00e4j\u00e4\u00e4 kyberiskuista \u2013 kutsuu suurl\u00e4hettil\u00e4\u00e4n puhutteluun"},"content":{"rendered":"<p>Tanskan kest\u00e4vyyden ja valmiuden ministeri sanoo maan k\u00e4yv\u00e4n hybridisotaa.<\/p>\n<p>18.12. 23:25<\/p>\n<p class=\"article-body mb-nof-24 px-nof-16\">Tanska syytt\u00e4\u00e4 kahta Ven\u00e4j\u00e4n valtioon kytk\u00f6ksiss\u00e4 olevaa hakkeriryhm\u00e4\u00e4 kahdesta kyberiskusta, jotka kohdistuivat tanskalaiseen vedenpuhdistamoon vuonna 2024 ja paikallisvaaleihin viime kuussa, uutisoivat ranskalainen <a class=\"article-genericlink\" href=\"https:\/\/www.lemonde.fr\/en\/international\/article\/2025\/12\/18\/denmark-blames-cyberattacks-on-hacker-groups-linked-to-russian-state_6748643_4.html\" rel=\"nofollow noopener\" target=\"_blank\">LeMonde <\/a>ja uutistoimisto AFP.<\/p>\n<p class=\"article-body mb-nof-24 px-nof-16\">Maan puolustusministeri <a class=\"article-personlink\" href=\"https:\/\/www.is.fi\/haku\/?query=Troels%20Lund%20Poulsen\" rel=\"nofollow noopener\" target=\"_blank\">Troels Lund Poulsen<\/a> kertoi lehdist\u00f6tilaisuudessa, ett\u00e4 Tanska tulee kutsumaan Ven\u00e4j\u00e4n Tanskan-suurl\u00e4hettil\u00e4\u00e4n puhutteluun asiasta.<\/p>\n<p class=\"article-body mb-nof-24 px-nof-16\">Vuoden 2024 iskussa vesiputket r\u00e4j\u00e4ytettiin, mik\u00e4 aiheutti ongelmia kotitalouksien vedenjakelussa. Iskun toteutti Z-Pentest-ryhm\u00e4, puolustusministeri sanoo.<\/p>\n<p class=\"article-body mb-nof-24 px-nof-16\">Toisen iskun toteutti ryhm\u00e4 NoName057 marraskuun kunnallis- ja aluevaaleihin. Sen vuoksi useiden poliittisten puolueiden, kuntien, julkisten laitosten ja yhden puolustusalan yrityksen verkkosivut olivat alhaalla.<\/p>\n<p class=\"article-body mb-nof-24 px-nof-16\">\u2013 Olemme hyvin varmoja, ett\u00e4 n\u00e4m\u00e4 Ven\u00e4j\u00e4-mieliset ryhm\u00e4t ovat kytk\u00f6ksiss\u00e4 Ven\u00e4j\u00e4n valtioon, sanoi Tanskan asevoimien tiedustelup\u00e4\u00e4llikk\u00f6 <a class=\"article-personlink\" href=\"https:\/\/www.is.fi\/haku\/?query=Thomas%20Ahrenkiel\" rel=\"nofollow noopener\" target=\"_blank\">Thomas Ahrenkiel<\/a>.<\/p>\n<p class=\"article-body mb-nof-24 px-nof-16\">Tanskan hallitus aikoo luoda uuden kybervalvontaverkoston ja verkko-operaatiokeskuksen kyberiskujen ehk\u00e4isemiseksi.<\/p>\n<p class=\"article-body mb-nof-24 px-nof-16\">\u2013 Emme ole sotatilassa, emmek\u00e4 rauhan ajassa, vaan hybridisodank\u00e4ynniss\u00e4, kest\u00e4vyyden ja valmiuden ministeri <a class=\"article-personlink\" href=\"https:\/\/www.is.fi\/haku\/?query=Torsten%20Schack%20Pedersen\" rel=\"nofollow noopener\" target=\"_blank\">Torsten Schack Pedersen<\/a> kommentoi Tanskan yleisradioyhti\u00f6 DR:lle LeMonden ja AFP:n mukaan.<\/p>\n","protected":false},"excerpt":{"rendered":"Tanskan kest\u00e4vyyden ja valmiuden ministeri sanoo maan k\u00e4yv\u00e4n hybridisotaa. 18.12. 23:25 Tanska syytt\u00e4\u00e4 kahta Ven\u00e4j\u00e4n valtioon kytk\u00f6ksiss\u00e4 olevaa&hellip;\n","protected":false},"author":2,"featured_media":120071,"comment_status":"","ping_status":"","sticky":false,"template":"","format":"standard","meta":{"footnotes":""},"categories":[14],"tags":[22,23,26,27,33,31,30,17,34,24,25,28,29,15,18,21,32,19,20,56,16,59,60,61],"class_list":{"0":"post-120070","1":"post","2":"type-post","3":"status-publish","4":"format-standard","5":"has-post-thumbnail","7":"category-ulkomaat","8":"tag-breaking-news","9":"tag-breakingnews","10":"tag-featured-news","11":"tag-featurednews","12":"tag-fi","13":"tag-finland","14":"tag-finnish","15":"tag-headlines","16":"tag-ilta-sanomat","17":"tag-latest-news","18":"tag-latestnews","19":"tag-main-news","20":"tag-mainnews","21":"tag-news","22":"tag-otsikot","23":"tag-paauutiset","24":"tag-suomi","25":"tag-top-stories","26":"tag-topstories","27":"tag-ulkomaat","28":"tag-uutiset","29":"tag-world","30":"tag-world-news","31":"tag-worldnews"},"share_on_mastodon":{"url":"https:\/\/pubeurope.com\/@fi\/115742968867424015","error":""},"_links":{"self":[{"href":"https:\/\/www.europesays.com\/fi\/wp-json\/wp\/v2\/posts\/120070","targetHints":{"allow":["GET"]}}],"collection":[{"href":"https:\/\/www.europesays.com\/fi\/wp-json\/wp\/v2\/posts"}],"about":[{"href":"https:\/\/www.europesays.com\/fi\/wp-json\/wp\/v2\/types\/post"}],"author":[{"embeddable":true,"href":"https:\/\/www.europesays.com\/fi\/wp-json\/wp\/v2\/users\/2"}],"replies":[{"embeddable":true,"href":"https:\/\/www.europesays.com\/fi\/wp-json\/wp\/v2\/comments?post=120070"}],"version-history":[{"count":0,"href":"https:\/\/www.europesays.com\/fi\/wp-json\/wp\/v2\/posts\/120070\/revisions"}],"wp:featuredmedia":[{"embeddable":true,"href":"https:\/\/www.europesays.com\/fi\/wp-json\/wp\/v2\/media\/120071"}],"wp:attachment":[{"href":"https:\/\/www.europesays.com\/fi\/wp-json\/wp\/v2\/media?parent=120070"}],"wp:term":[{"taxonomy":"category","embeddable":true,"href":"https:\/\/www.europesays.com\/fi\/wp-json\/wp\/v2\/categories?post=120070"},{"taxonomy":"post_tag","embeddable":true,"href":"https:\/\/www.europesays.com\/fi\/wp-json\/wp\/v2\/tags?post=120070"}],"curies":[{"name":"wp","href":"https:\/\/api.w.org\/{rel}","templated":true}]}}