{"id":120078,"date":"2025-12-18T22:58:12","date_gmt":"2025-12-18T22:58:12","guid":{"rendered":"https:\/\/www.europesays.com\/fi\/120078\/"},"modified":"2025-12-18T22:58:12","modified_gmt":"2025-12-18T22:58:12","slug":"squashin-em-mitalisti-emilia-soini-jos-olympiakomitealta-ei-tule-apurahaa-menen-ennemmin-toihin-ja-maksan-vuokraa-urheilua-lyhyesti","status":"publish","type":"post","link":"https:\/\/www.europesays.com\/fi\/120078\/","title":{"rendered":"Squashin EM-mitalisti Emilia Soini: \u201dJos olympiakomitealta ei tule apurahaa, menen ennemmin t\u00f6ihin ja maksan vuokraa\u201d | Urheilua lyhyesti"},"content":{"rendered":"<p class=\"aw-1gybjub aw-5vja16 kEtdKx kmuxyA yle__article__paragraph\">Radio Suomen Urheiluillassa vieraana oli squashissa Los Angelesin kes\u00e4olympialaisiin t\u00e4ht\u00e4\u00e4v\u00e4 Emilia Soini. <\/p>\n<p><img decoding=\"async\" alt=\"Emilia Soini.\" src=\"https:\/\/www.europesays.com\/fi\/wp-content\/uploads\/2025\/12\/39-124180665c77edea7653.jpeg\" class=\"aw-1l9m598 hKVVvP\"\/><\/p>\n<p>Avaa kuvien katselu<\/p>\n<p>Emilia Soini kuvattuna Talissa 10.2.2024. Kuva: Jorma Vihtonen \/ Yle<\/p>\n<p class=\"aw-1gybjub aw-1p7kakr kEtdKx cEmitX yle__article__paragraph\">Suomen squashin ykk\u00f6spelaaja <strong class=\"aw-ak79eh KyCXm yle__article__strong\">Emilia Soini<\/strong>, 30, on urheillut viime vuodet kansainv\u00e4lisell\u00e4 huipulla, mutta tulevaisuus lajin parissa on nyt ep\u00e4varma \u2013 ja syyn\u00e4 on raha.<\/p>\n<p class=\"aw-1gybjub aw-1p7kakr kEtdKx cEmitX yle__article__paragraph\">Soini ehti jo mietti\u00e4 uransa lopettamista, ennen kuin squash valittiin olympialajiksi Los Angelesin vuoden 2028 kisoihin.<\/p>\n<p class=\"aw-1gybjub aw-1p7kakr kEtdKx cEmitX yle__article__paragraph\">Pian tuli kuitenkin karu tieto: olympialaisten squash-turnauksen kaaviot kutistuvat 32:sta ainoastaan 16 pelaajaan. Samalla lajin pieni taloudellinen pohja ja tukij\u00e4rjestelm\u00e4n puute korostuivat entisest\u00e4\u00e4n.<\/p>\n<p class=\"aw-1gybjub aw-1p7kakr kEtdKx cEmitX yle__article__paragraph\">\u2013 Se on aika h\u00e4vyt\u00f6nt\u00e4, ett\u00e4 s\u00e4\u00e4nn\u00f6t muuttuvat kesken kaiken. Kaaviosta tulee niin pieni, ett\u00e4 mahdollisuudet p\u00e4\u00e4st\u00e4 kisoihin ovat todella ohuet, Soini harmittelee.<\/p>\n<p class=\"aw-1gybjub aw-1p7kakr kEtdKx cEmitX yle__article__paragraph\">Suomalaisen mukaan 10 tai 11 olympiapaikkaa tulee rankingin perusteella ja loput maanosan karsinnoista. H\u00e4nen mukaansa iso haaste on, ett\u00e4 Euroopan olympiakarsinta on kaikista vaikein.<\/p>\n<p class=\"aw-1gybjub aw-1p7kakr kEtdKx cEmitX yle__article__paragraph\">Soini sanoo maksaneensa PSA-kiertueen j\u00e4senyytens\u00e4 toistaiseksi t\u00e4m\u00e4n kauden loppuun. PSA-kiertue on kansainv\u00e4lisen ammattilaissquashin kiertue.<\/p>\n<p><img decoding=\"async\" alt=\"Emilia Soini.\" src=\"https:\/\/www.europesays.com\/fi\/wp-content\/uploads\/2025\/12\/39-124180765c77edebf1f0.jpeg\" class=\"aw-1l9m598 hKVVvP\"\/><\/p>\n<p class=\"aw-1gybjub aw-1p7kakr kEtdKx cEmitX yle__article__paragraph\">\u2013 Mutta jos esimerkiksi apurahaa ei olympiakomitealta tule ollenkaan eik\u00e4 mist\u00e4\u00e4n muualtakaan tule, niin min\u00e4 sitten ennemmin menen t\u00f6ihin ja maksan vuokraa, Soini sanoo suoraan.<\/p>\n<p class=\"aw-1gybjub aw-1p7kakr kEtdKx cEmitX yle__article__paragraph\">H\u00e4n on kritisoinut \u00e4\u00e4nekk\u00e4\u00e4sti suomalaista huippu-urheilun rahoitusta ja etenkin olympiakomitean apurahaj\u00e4rjestelm\u00e4\u00e4, jossa squashin asema on ollut heikko.<\/p>\n<p class=\"aw-1gybjub aw-1p7kakr kEtdKx cEmitX yle__article__paragraph\">\u2013 Jos ei mit\u00e4\u00e4n rahaa tule, niin tosi vaikea on nostaa rankingia ja pelata mit\u00e4\u00e4n kisojakaan. Kyll\u00e4h\u00e4n meid\u00e4n huippu-urheilijoista squash on yksi potentiaalisimmista kuitenkin olympialajeista, Soini painottaa.<\/p>\n<p class=\"aw-1gybjub aw-1p7kakr kEtdKx cEmitX yle__article__paragraph\">Soini Soini sai aiemmin 6 000 euron apurahaa, kunnes t\u00e4ytti 26 vuotta, jolloin h\u00e4nt\u00e4 ei en\u00e4\u00e4 katsottu kriteerien perusteella \u201dnuoreksi urheilijaksi\u201d.<\/p>\n<p class=\"aw-1gybjub aw-1p7kakr kEtdKx cEmitX yle__article__paragraph\">\u2013 Kun on jo t\u00e4ytt\u00e4nyt 26 vuotta, niin ei ole en\u00e4\u00e4 mit\u00e4\u00e4n, Soini jutteli Ylelle pari vuotta sitten.<\/p>\n<p>Apurahassa ep\u00e4kohtia Soinin mukaan<\/p>\n<p class=\"aw-1gybjub aw-1p7kakr kEtdKx cEmitX yle__article__paragraph\">Apurahan my\u00f6nt\u00e4misess\u00e4 on Soinin mukaan ollut ep\u00e4kohtia.<\/p>\n<p class=\"aw-1gybjub aw-1p7kakr kEtdKx cEmitX yle__article__paragraph\">\u2013 Nyt muutama urheilija on kritisoinut j\u00e4rjestelm\u00e4\u00e4, ja on ollut tapauksia, joissa todella kova nimi sai nolla euroa apurahoista.<\/p>\n<p><strong class=\"aw-1bgq5a3 bSmpIc\">Radio Suomen Urheiluilta<\/strong><\/p>\n<p><img decoding=\"async\" alt=\"\" src=\"https:\/\/www.europesays.com\/fi\/wp-content\/uploads\/2025\/12\/13-1-66693626-1765462404825.jpeg\" class=\"aw-1l9m598 hKVVvP\"\/>Kuuntele Radio Suomen Urheiluilta t\u00e4\u00e4lt\u00e4<\/p>\n<p class=\"aw-1gybjub aw-1p7kakr kEtdKx cEmitX yle__article__paragraph\">\u2013 Jos sit\u00e4 minun aikaisempaa kritiikki\u00e4 edelleen muistellaan, niin sielt\u00e4h\u00e4n on tulossa minulle py\u00f6re\u00e4t nolla euroa, Soini toteaa.<\/p>\n<p class=\"aw-1gybjub aw-1p7kakr kEtdKx cEmitX yle__article__paragraph\">Soini on ollut parhaimmillaan maailmanlistalla sijalla 41 ja voittanut kymmenen Suomen mestaruutta.<\/p>\n<p class=\"aw-1gybjub aw-1p7kakr kEtdKx cEmitX yle__article__paragraph\">Lajin asema Suomessa ei Soinin mielest\u00e4 ole viel\u00e4k\u00e4\u00e4n sit\u00e4, mit\u00e4 sen pit\u00e4isi olla.<\/p>\n<p class=\"aw-1gybjub aw-1p7kakr kEtdKx cEmitX yle__article__paragraph\">\u2013 Jos lajisi ei ole olympialaji, sinun pit\u00e4isi olla ihan tosi top-tason urheilija, jotta apurahoja heruisi. Nyt kun olympiastatus tuli, toivoin ett\u00e4 asenteet muuttuvat. Helposti tuntuu silt\u00e4, ettei lajia viel\u00e4k\u00e4\u00e4n ymm\u00e4rret\u00e4, Soini sanoo.<\/p>\n<p>Harrastuksena tallihommat<\/p>\n<p class=\"aw-1gybjub aw-1p7kakr kEtdKx cEmitX yle__article__paragraph\">Squashin ammattilaisen arki on Soinilla t\u00e4ynn\u00e4 treeni\u00e4, matkustamista ja tallit\u00f6it\u00e4 \u2013 ratsastus on h\u00e4nen lempiharrastuksensa.<\/p>\n<p class=\"aw-1gybjub aw-1p7kakr kEtdKx cEmitX yle__article__paragraph\">\u2013 Olen aina sanonut, ett\u00e4 squash on mun lempi urheilulaji, mutta ratsastus on mun lempiharrastus.<\/p>\n<p class=\"aw-1gybjub aw-1p7kakr kEtdKx cEmitX yle__article__paragraph\">Tulevaisuutta h\u00e4n miettii nyt enemm\u00e4n kuin koskaan. Soini pohtii nyt, miten jatkaa.<\/p>\n<p><img decoding=\"async\" alt=\"Emilia Soini pronssimitali kaulassa.\" src=\"https:\/\/www.europesays.com\/fi\/wp-content\/uploads\/2025\/12\/39-133827766caf5b913e24.jpeg\" loading=\"lazy\" class=\"aw-1l9m598 hKVVvP\"\/><\/p>\n<p>Avaa kuvien katselu<\/p>\n<p>Emilia Soini EM-pronssimitali kaulassa Kuva: ESF<\/p>\n<p class=\"aw-1gybjub aw-1p7kakr kEtdKx cEmitX yle__article__paragraph\">\u2013 Jos sielt\u00e4 apurahap\u00e4\u00e4t\u00f6ksest\u00e4 tulee hylsy, niin pit\u00e4\u00e4 mietti\u00e4 jatkaako en\u00e4\u00e4 ollenkaan. El\u00e4miseen pit\u00e4\u00e4 kuitenkin riitt\u00e4\u00e4 jotain, Soini kiteytt\u00e4\u00e4.<\/p>\n<p class=\"aw-1gybjub aw-1p7kakr kEtdKx cEmitX yle__article__paragraph\">Helmikuussa h\u00e4n tavoittelee uransa 11. Suomen mestaruutta \u2013 mutta squashin jatko on auki.<\/p>\n<p class=\"aw-1gybjub aw-1p7kakr kEtdKx cEmitX yle__article__paragraph\">Soinin joulun odotukseen kuuluu hyv\u00e4\u00e4. H\u00e4nen mukaansa hevosilla ei ole lomaa, eiv\u00e4tk\u00e4 ne lep\u00e4\u00e4 edes pyhin\u00e4.<\/p>\n<p class=\"aw-1gybjub aw-1p7kakr kEtdKx cEmitX yle__article__paragraph\">\u2013 Aattona ratsastus on kuulunut aina minun tapahtumiini, eik\u00e4 joulu ala ilman ratsastusta. Mummulla, joka on 89 vuotta, ollaan oltu niin kauan kuin muistan ja sinne menn\u00e4\u00e4n nytkin.<\/p>\n","protected":false},"excerpt":{"rendered":"Radio Suomen Urheiluillassa vieraana oli squashissa Los Angelesin kes\u00e4olympialaisiin t\u00e4ht\u00e4\u00e4v\u00e4 Emilia Soini. Avaa kuvien katselu Emilia Soini kuvattuna&hellip;\n","protected":false},"author":2,"featured_media":120079,"comment_status":"","ping_status":"","sticky":false,"template":"","format":"standard","meta":{"footnotes":""},"categories":[158],"tags":[21687,33,31,30,21686,159,21684,21685,32,160],"class_list":{"0":"post-120078","1":"post","2":"type-post","3":"status-publish","4":"format-standard","5":"has-post-thumbnail","7":"category-urheilu","8":"tag-emilia-soini","9":"tag-fi","10":"tag-finland","11":"tag-finnish","12":"tag-naisten-squash","13":"tag-sports","14":"tag-squash","15":"tag-squashinpelaaja","16":"tag-suomi","17":"tag-urheilu"},"share_on_mastodon":{"url":"https:\/\/pubeurope.com\/@fi\/115743051552057347","error":""},"_links":{"self":[{"href":"https:\/\/www.europesays.com\/fi\/wp-json\/wp\/v2\/posts\/120078","targetHints":{"allow":["GET"]}}],"collection":[{"href":"https:\/\/www.europesays.com\/fi\/wp-json\/wp\/v2\/posts"}],"about":[{"href":"https:\/\/www.europesays.com\/fi\/wp-json\/wp\/v2\/types\/post"}],"author":[{"embeddable":true,"href":"https:\/\/www.europesays.com\/fi\/wp-json\/wp\/v2\/users\/2"}],"replies":[{"embeddable":true,"href":"https:\/\/www.europesays.com\/fi\/wp-json\/wp\/v2\/comments?post=120078"}],"version-history":[{"count":0,"href":"https:\/\/www.europesays.com\/fi\/wp-json\/wp\/v2\/posts\/120078\/revisions"}],"wp:featuredmedia":[{"embeddable":true,"href":"https:\/\/www.europesays.com\/fi\/wp-json\/wp\/v2\/media\/120079"}],"wp:attachment":[{"href":"https:\/\/www.europesays.com\/fi\/wp-json\/wp\/v2\/media?parent=120078"}],"wp:term":[{"taxonomy":"category","embeddable":true,"href":"https:\/\/www.europesays.com\/fi\/wp-json\/wp\/v2\/categories?post=120078"},{"taxonomy":"post_tag","embeddable":true,"href":"https:\/\/www.europesays.com\/fi\/wp-json\/wp\/v2\/tags?post=120078"}],"curies":[{"name":"wp","href":"https:\/\/api.w.org\/{rel}","templated":true}]}}