{"id":120093,"date":"2025-12-18T23:25:09","date_gmt":"2025-12-18T23:25:09","guid":{"rendered":"https:\/\/www.europesays.com\/fi\/120093\/"},"modified":"2025-12-18T23:25:09","modified_gmt":"2025-12-18T23:25:09","slug":"raskaus-on-aiheuttanut-lotta-hintsalle-terveysongelman","status":"publish","type":"post","link":"https:\/\/www.europesays.com\/fi\/120093\/","title":{"rendered":"Raskaus on aiheuttanut Lotta Hintsalle terveysongelman"},"content":{"rendered":"<p>Vuorikiipeilij\u00e4 <strong>Lotta Hintsa <\/strong>odottaa ensimm\u00e4ist\u00e4 lastaan yhdess\u00e4 n\u00e4yttelij\u00e4 <strong>Sebastian Rejmanin<\/strong> kanssa. Pari ilmoitti raskaudesta samassa yhteydess\u00e4, kun he paljastivat menneens\u00e4 naimisiin.<\/p>\n<p>Sebastianilla on entuudestaan kaksi lasta yhdess\u00e4 ex-puolisonsa <strong>Iina Kuustosen<\/strong> kanssa. Kolmannen lapsen on kerrottu syntyv\u00e4n vuoden alussa. Lotalla alkaa olla jo tiukat paikat. H\u00e4n kertoo sometarinoissaan terveysongelmasta, joka on ilmentynyt nyt raskauden aikana. \u00a0<\/p>\n<p>Lue my\u00f6s: <a href=\"https:\/\/www.como.fi\/uutiset\/raskaana-oleva-lotta-hintsa-kiipeilee-edelleen-olen-huolissani-sinusta-ja-vauvasta\/\" title=\"Raskaana oleva Lotta Hintsa kiipeilee edelleen \u2013 \u201dOlen huolissani sinusta ja vauvasta\u201d\" class=\"underline-custom !font-montserrat !font-bold !underline-offset-4 !decoration-4 !decoration-red-600 !text-md\" rel=\"nofollow noopener\" target=\"_blank\">Raskaana oleva Lotta Hintsa kiipeilee edelleen \u2013 \u201dOlen huolissani sinusta ja vauvasta\u201d<\/a><\/p>\n<p>\u2013 Ja nyt t\u00e4\u00e4ll\u00e4 hakemassa minun ja vauvan(!!) rautatasot takaisin siell\u00e4 miss\u00e4 niiden pit\u00e4isi olla (ferritiini oli 7) \u2026kirjoittaa Lotta vapaasti suomennettuna.<\/p>\n<p>Lotta kertoo sometarinoissaan my\u00f6s ik\u00e4v\u00e4st\u00e4 Suomen julkiseen terveydenhuoltoon liittyv\u00e4st\u00e4 asiasta. H\u00e4nen someseuraajansa ovat raportoineet niist\u00e4 h\u00e4nelle.<\/p>\n<p>Lue my\u00f6s: <a href=\"https:\/\/www.como.fi\/uutiset\/lotta-hintsa-esittelee-raskausvatsaansa-voisi-olla-pastaa-jaateloa-tai-vauva\/\" title=\"Lotta Hintsa esittelee raskausvatsaansa \u2013 \u201dVoisi olla pastaa, j\u00e4\u00e4tel\u00f6\u00e4 tai vauva\u201d\" class=\"underline-custom !font-montserrat !font-bold !underline-offset-4 !decoration-4 !decoration-red-600 !text-md\" rel=\"nofollow noopener\" target=\"_blank\">Lotta Hintsa esittelee raskausvatsaansa \u2013 \u201dVoisi olla pastaa, j\u00e4\u00e4tel\u00f6\u00e4 tai vauva\u201d<\/a><\/p>\n<p>Lue my\u00f6s: <a href=\"https:\/\/www.como.fi\/uutiset\/tassa-on-lotta-hintsan-sisko-kuin-kaksi-marjaa\/\" title=\"T\u00e4ss\u00e4 on Lotta Hintsan sisko \u2013 kuin kaksi marjaa?\" class=\"underline-custom !font-montserrat !font-bold !underline-offset-4 !decoration-4 !decoration-red-600 !text-md\" rel=\"nofollow noopener\" target=\"_blank\">T\u00e4ss\u00e4 on Lotta Hintsan sisko \u2013 kuin kaksi marjaa?<\/a><\/p>\n<p>\u2013 Vaikka suomalainen julkinen terveydenhuolto on aika ihmeellist\u00e4, tuntuu silt\u00e4, ett\u00e4 t\u00e4m\u00e4 on asia, johon on l\u00e4hes mahdotonta saada apua, kirjoittaa Lotta vapaasti suomennettuna.<\/p>\n<p>Lotta paljastaa h\u00e4nen rautavarastonsa olleet aiemminkin tyhj\u00e4t. Ne oli t\u00e4ytetty yksityisell\u00e4 puolella, kuten nytkin. Lotan mukaan h\u00e4nell\u00e4 ei ollut aikaa odotella raskaana aikaa julkiselle puolelle.<\/p>\n<p>Lue my\u00f6s: <a href=\"https:\/\/www.como.fi\/tilaa-comon-uutiskirje\/\" title=\"Tilaa Comon uutiskirje ja tied\u00e4t mist\u00e4 kahvitauolla puhutaan! Nappaa kotimaan tv-vinkit ja puheenaiheet suoraan s\u00e4hk\u00f6postiin t\u00e4st\u00e4.\" class=\"underline-custom !font-montserrat !font-bold !underline-offset-4 !decoration-4 !decoration-red-600 !text-md\" rel=\"nofollow noopener\" target=\"_blank\">Tilaa Comon uutiskirje ja tied\u00e4t mist\u00e4 kahvitauolla puhutaan! Nappaa kotimaan tv-vinkit ja puheenaiheet suoraan s\u00e4hk\u00f6postiin t\u00e4st\u00e4.<\/a><\/p>\n","protected":false},"excerpt":{"rendered":"Vuorikiipeilij\u00e4 Lotta Hintsa odottaa ensimm\u00e4ist\u00e4 lastaan yhdess\u00e4 n\u00e4yttelij\u00e4 Sebastian Rejmanin kanssa. Pari ilmoitti raskaudesta samassa yhteydess\u00e4, kun he&hellip;\n","protected":false},"author":2,"featured_media":120094,"comment_status":"","ping_status":"","sticky":false,"template":"","format":"standard","meta":{"footnotes":""},"categories":[130],"tags":[137,33,31,30,9214,32,109],"class_list":{"0":"post-120093","1":"post","2":"type-post","3":"status-publish","4":"format-standard","5":"has-post-thumbnail","7":"category-viihde","8":"tag-entertainment","9":"tag-fi","10":"tag-finland","11":"tag-finnish","12":"tag-lotta-hintsa","13":"tag-suomi","14":"tag-viihde"},"share_on_mastodon":{"url":"https:\/\/pubeurope.com\/@fi\/115743157324764923","error":""},"_links":{"self":[{"href":"https:\/\/www.europesays.com\/fi\/wp-json\/wp\/v2\/posts\/120093","targetHints":{"allow":["GET"]}}],"collection":[{"href":"https:\/\/www.europesays.com\/fi\/wp-json\/wp\/v2\/posts"}],"about":[{"href":"https:\/\/www.europesays.com\/fi\/wp-json\/wp\/v2\/types\/post"}],"author":[{"embeddable":true,"href":"https:\/\/www.europesays.com\/fi\/wp-json\/wp\/v2\/users\/2"}],"replies":[{"embeddable":true,"href":"https:\/\/www.europesays.com\/fi\/wp-json\/wp\/v2\/comments?post=120093"}],"version-history":[{"count":0,"href":"https:\/\/www.europesays.com\/fi\/wp-json\/wp\/v2\/posts\/120093\/revisions"}],"wp:featuredmedia":[{"embeddable":true,"href":"https:\/\/www.europesays.com\/fi\/wp-json\/wp\/v2\/media\/120094"}],"wp:attachment":[{"href":"https:\/\/www.europesays.com\/fi\/wp-json\/wp\/v2\/media?parent=120093"}],"wp:term":[{"taxonomy":"category","embeddable":true,"href":"https:\/\/www.europesays.com\/fi\/wp-json\/wp\/v2\/categories?post=120093"},{"taxonomy":"post_tag","embeddable":true,"href":"https:\/\/www.europesays.com\/fi\/wp-json\/wp\/v2\/tags?post=120093"}],"curies":[{"name":"wp","href":"https:\/\/api.w.org\/{rel}","templated":true}]}}