{"id":120115,"date":"2025-12-18T23:57:11","date_gmt":"2025-12-18T23:57:11","guid":{"rendered":"https:\/\/www.europesays.com\/fi\/120115\/"},"modified":"2025-12-18T23:57:11","modified_gmt":"2025-12-18T23:57:11","slug":"eun-historian-suurin-kauppasopimus-uhkaa-kaatua-maanviljelijoiden-vastustukseen-allekirjoitus-lykkaantyy-tammikuulle","status":"publish","type":"post","link":"https:\/\/www.europesays.com\/fi\/120115\/","title":{"rendered":"EU:n historian suurin kauppasopimus uhkaa kaatua maanviljelij\u00f6iden vastustukseen \u2013 allekirjoitus lykk\u00e4\u00e4ntyy tammikuulle"},"content":{"rendered":"<p class=\"article__paragraph\">\n      EU:n ja Etel\u00e4-Amerikan Mercosur-blokin v\u00e4lisen kauppasopimuksen allekirjoitus lykk\u00e4\u00e4ntyy ensi kuuhun, kertovat <a href=\"https:\/\/www.politico.eu\/article\/mercosur-signing-delayed-until-january-von-der-leyen-tells-leaders\/\" rel=\"nofollow noopener\" target=\"_blank\">Politicon<\/a> ja uutistoimisto AFP:n l\u00e4hteet. Niiden mukaan EU-komission puheenjohtaja Ursula von der Leyen on ilmoittanut asiasta EU-maiden johtajille.\n    <\/p>\n<p class=\"article__paragraph\">\n      Brasilian presidentti Luiz Inacio Lula da Silva sanoi aiemmin illalla aikovansa ehdottaa sopimuksen lykk\u00e4yst\u00e4 Italian p\u00e4\u00e4ministerin Giorgia Melonin pyynn\u00f6st\u00e4. Lula ilmoitti esitt\u00e4v\u00e4ns\u00e4 lykk\u00e4yst\u00e4 Mercosurin muiden j\u00e4senmaiden johtajille viikonloppuna.\n    <\/p>\n<p class=\"article__paragraph\">\n      Lula kertoi keskustelleensa torstaina puhelimessa Melonin kanssa. Lulan mukaan Meloni sanoi, ett\u00e4 jos sopimusta lyk\u00e4t\u00e4\u00e4n viikolla, kymmenell\u00e4 p\u00e4iv\u00e4ll\u00e4 tai kuukaudella, Italia tulee olemaan valmis hyv\u00e4ksym\u00e4\u00e4n sen.\n    <\/p>\n<p class=\"article__paragraph\">\n      EU:n ja Etel\u00e4-Amerikan Mercosur-blokin v\u00e4lisen kauppasopimus on uhannut kaatua aivan loppumetreill\u00e4 Ranskan, Italian ja Puolan vastustukseen. Maat ovat huolissaan sopimuksen vaikutuksista Euroopan maatalousalaan.\n    <\/p>\n<p class=\"article__paragraph\">\n      Elinkeinoel\u00e4m\u00e4n keskusliiton (EK) johtajan Timo Vuoren mukaan Mercosur-sopimuksen kaatuminen heikent\u00e4isi EU:n uskottavuutta kauppakumppanina.\n    <\/p>\n<p class=\"article__paragraph\">\n      \u2013\u2009Jos t\u00e4m\u00e4 merkitt\u00e4v\u00e4 sopimus nyt kariutuu, ja t\u00e4t\u00e4 on 25 vuotta v\u00e4\u00e4nnetty, niin se olisi signaali siit\u00e4, ett\u00e4 EU on vaikea kumppani, Vuori sanoo STT:lle.\n    <\/p>\n<p class=\"article__paragraph\">\n      EU-komission puheenjohtajan Ursula von der Leyenin on m\u00e4\u00e4r\u00e4 matkustaa lauantaina Brasiliaan allekirjoittaakseen sopimuksen. T\u00e4t\u00e4 ennen sopimukselle tarvitaan kuitenkin viel\u00e4 EU-maiden m\u00e4\u00e4r\u00e4enemmist\u00f6n sek\u00e4 my\u00f6hemmin Euroopan parlamentin hyv\u00e4ksynt\u00e4.\n    <\/p>\n<p class=\"article__paragraph\">\n      Ranskan presidentti Emmanuel Macron sanoi torstaina, ett\u00e4 sopimusta ei voida nykyisess\u00e4 muodossaan allekirjoittaa ilman vahvempia suojatoimia ranskalaisille maanviljelij\u00f6ille.\n    <\/p>\n<p>    <img decoding=\"async\" class=\"responsive-image article__image-image lozad\"   src=\"https:\/\/www.europesays.com\/fi\/wp-content\/uploads\/2025\/12\/3agiluvxFVFV-IoSY1cJY4d08mjhYfyxicaf1aGD7eO22kU1v09jTtcp6iWqAnMZv8wk2Ab_AZjLYAnSSCtdQbzWo0-SV6YSg2Gp.jpeg\" alt=\"Brasilian presidentti Luiz Inacio Lula da Silva sanoi torstai-iltana Suomen aikaa ehdottavansa niin kutsutun Mercosur-sopimuksen lykk\u00e4yst\u00e4 Italian p\u00e4\u00e4ministeri Giorgia Melonin pyynn\u00f6st\u00e4.\"\/><\/p>\n<p>\n                Brasilian presidentti Luiz Inacio Lula da Silva sanoi torstai-iltana Suomen aikaa ehdottavansa niin kutsutun Mercosur-sopimuksen lykk\u00e4yst\u00e4 Italian p\u00e4\u00e4ministeri Giorgia Melonin pyynn\u00f6st\u00e4.\n              <\/p>\n<p>\n                Kuva: MAURO PIMENTEL \/ AFP \/ Lehtikuva\/Arkisto\n              <\/p>\n<p>      Vahvistaisi geopoliittista asemaa<\/p>\n<p class=\"article__paragraph\">\n      EU:n ja Mercosurin v\u00e4list\u00e4 sopimusta on valmisteltu 25 vuotta. Kauppaneuvottelut EU:n ja blokin v\u00e4lill\u00e4 valmistuivat virallisesti vuosi sitten joulukuussa 2024.\n    <\/p>\n<p class=\"article__paragraph\">\n      Mercosur-maat muodostavat yhdess\u00e4 maailman kuudenneksi suurimman talouden. Kauppasopimus EU:n ja Mercosurin v\u00e4lill\u00e4 yhdist\u00e4isi yli 700 miljoonaa kuluttajaa Euroopassa ja Etel\u00e4-Amerikassa.\n    <\/p>\n<p class=\"article__paragraph\">\n      EK:n Vuoren mukaan sopimuksen solmiminen vahvistaisi EU:n strategisia kumppanuuksia Kiinan ja Yhdysvaltojen ulkopuolelle. T\u00e4ll\u00e4 hetkell\u00e4 Yhdysvallat ja Kiina ovat Vuoren mukaan geopoliittisen tilanteensa vuoksi haasteellisia kauppakumppaneita.\n    <\/p>\n<p class=\"article__paragraph\">\n      \u2013\u2009Jos sopimusta ei saada aikaan, EU:n painoarvo maailmanpolitiikassa ja taloudessa uhkaa heiket\u00e4, h\u00e4n sanoo.\n    <\/p>\n<p class=\"article__paragraph\">\n      Jos sopimus saadaan hyv\u00e4ksytty\u00e4, yli 90 prosenttia tullinimikkeist\u00e4 vapautuisi asteittain kokonaan tulleista 15 vuodessa.\n    <\/p>\n<p class=\"article__paragraph\">\n      Tullit laskisivat nollaan esimerkiksi koneille ja autoille sek\u00e4 l\u00e4\u00e4kkeille ja vaatteille. T\u00e4ll\u00e4 hetkell\u00e4 tullit koneille ovat 14\u201320 prosenttia, autoille 35 prosenttia, l\u00e4\u00e4kkeille jopa 14 prosenttia ja vaatteille 35 prosenttia.\n    <\/p>\n<p>    <img decoding=\"async\" class=\"responsive-image article__image-image lozad\"   src=\"https:\/\/www.europesays.com\/fi\/wp-content\/uploads\/2025\/12\/KwJjaAU3hfKORAdL6zoRB1hv0utEWJ0-UlKK4AQETkoHRI0zVVLdEJ_qkKha9umFzaizmFxvnNgtKElovgAU0MIPMnNJKFzUr1Jh.jpeg\" alt=\"EK:n johtajan Timo Vuoren mukaan Mercosur-sopimus olisi Suomelle eduksi.\"\/><\/p>\n<p>\n                EK:n johtajan Timo Vuoren mukaan Mercosur-sopimus olisi Suomelle eduksi.\n              <\/p>\n<p>\n                Kuva: Heikki Saukkomaa \/ Lehtikuva\/Arkisto\n              <\/p>\n<p>      Avaisi Suomelle uuden markkinan<\/p>\n<p class=\"article__paragraph\">\n      Suomi kannattaa Mercosur-diilin sopimista. T\u00e4ll\u00e4 hetkell\u00e4 Mercosur-maiden osuus Suomen viennist\u00e4 ja tuonnista on alle prosentin.\n    <\/p>\n<p class=\"article__paragraph\">\n      Vuoren mukaan sopimus voisi avata Suomelle heikossa taloudellisessa tilanteessa paljon kaivattua uutta vientimarkkinaa, varsinkin kun vientimme p\u00e4\u00e4kohteet kohdistuvat yh\u00e4 Eurooppaan, jossa kasvu on heikkoa.\n    <\/p>\n<p class=\"article__paragraph\">\n      \u2013\u2009Suomen kannalta t\u00e4m\u00e4 olisi sellainen kaivattu uusi markkina-aluemahdollisuus, jossa olisi n\u00e4k\u00f6piiriss\u00e4, ett\u00e4 tulleja alennetaan ja sit\u00e4 kautta viennin kilpailukyky maiden suuntaan helpottuisi.\n    <\/p>\n<p class=\"article__paragraph\">\n      Suomesta Mercosur-maihin vied\u00e4\u00e4n eniten tavaroita. Merkitt\u00e4vimpin\u00e4 niist\u00e4 ovat koneet ja mekaaniset laitteet. Niiden viennin arvo oli viime vuonna yhteens\u00e4 325 miljoonaa euroa.\n    <\/p>\n<p class=\"article__paragraph\">\n      Palveluvienti Suomesta Mercosuriin on noin 212 miljoonaa euroa vuodessa, ja se painottuu erityisesti televiestint\u00e4\u00e4n ja yrityspalveluihin.\n    <\/p>\n<p class=\"article__note\">\n      Uutista muokattu 18.12.2025 kello 22.22: lis\u00e4tty alkuun tieto sopimuksen allekirjoituksen lykk\u00e4ytymisest\u00e4 ensi kuulle\n    <\/p>\n","protected":false},"excerpt":{"rendered":"EU:n ja Etel\u00e4-Amerikan Mercosur-blokin v\u00e4lisen kauppasopimuksen allekirjoitus lykk\u00e4\u00e4ntyy ensi kuuhun, kertovat Politicon ja uutistoimisto AFP:n l\u00e4hteet. Niiden mukaan&hellip;\n","protected":false},"author":2,"featured_media":120116,"comment_status":"","ping_status":"","sticky":false,"template":"","format":"standard","meta":{"footnotes":""},"categories":[5],"tags":[22,23,26,27,33,31,30,17,24,25,28,29,15,18,21,32,19,20,16],"class_list":{"0":"post-120115","1":"post","2":"type-post","3":"status-publish","4":"format-standard","5":"has-post-thumbnail","7":"category-otsikot","8":"tag-breaking-news","9":"tag-breakingnews","10":"tag-featured-news","11":"tag-featurednews","12":"tag-fi","13":"tag-finland","14":"tag-finnish","15":"tag-headlines","16":"tag-latest-news","17":"tag-latestnews","18":"tag-main-news","19":"tag-mainnews","20":"tag-news","21":"tag-otsikot","22":"tag-paauutiset","23":"tag-suomi","24":"tag-top-stories","25":"tag-topstories","26":"tag-uutiset"},"share_on_mastodon":{"url":"https:\/\/pubeurope.com\/@fi\/115743283311717984","error":""},"_links":{"self":[{"href":"https:\/\/www.europesays.com\/fi\/wp-json\/wp\/v2\/posts\/120115","targetHints":{"allow":["GET"]}}],"collection":[{"href":"https:\/\/www.europesays.com\/fi\/wp-json\/wp\/v2\/posts"}],"about":[{"href":"https:\/\/www.europesays.com\/fi\/wp-json\/wp\/v2\/types\/post"}],"author":[{"embeddable":true,"href":"https:\/\/www.europesays.com\/fi\/wp-json\/wp\/v2\/users\/2"}],"replies":[{"embeddable":true,"href":"https:\/\/www.europesays.com\/fi\/wp-json\/wp\/v2\/comments?post=120115"}],"version-history":[{"count":0,"href":"https:\/\/www.europesays.com\/fi\/wp-json\/wp\/v2\/posts\/120115\/revisions"}],"wp:featuredmedia":[{"embeddable":true,"href":"https:\/\/www.europesays.com\/fi\/wp-json\/wp\/v2\/media\/120116"}],"wp:attachment":[{"href":"https:\/\/www.europesays.com\/fi\/wp-json\/wp\/v2\/media?parent=120115"}],"wp:term":[{"taxonomy":"category","embeddable":true,"href":"https:\/\/www.europesays.com\/fi\/wp-json\/wp\/v2\/categories?post=120115"},{"taxonomy":"post_tag","embeddable":true,"href":"https:\/\/www.europesays.com\/fi\/wp-json\/wp\/v2\/tags?post=120115"}],"curies":[{"name":"wp","href":"https:\/\/api.w.org\/{rel}","templated":true}]}}