{"id":120117,"date":"2025-12-19T00:09:17","date_gmt":"2025-12-19T00:09:17","guid":{"rendered":"https:\/\/www.europesays.com\/fi\/120117\/"},"modified":"2025-12-19T00:09:17","modified_gmt":"2025-12-19T00:09:17","slug":"kasper-korpela-on-pohjantahden-vilho-%e2%88%92-ikoninen-rooli-epailytti","status":"publish","type":"post","link":"https:\/\/www.europesays.com\/fi\/120117\/","title":{"rendered":"Kasper Korpela on Pohjant\u00e4hden Vilho \u2212 ikoninen rooli ep\u00e4ilytti"},"content":{"rendered":"<p class=\"ingress\">Kasper Korpela esiintyy Kansallisteatterin suurtuotannossa, V\u00e4in\u00f6 Linnan teokseen perustuvassa Lauri Maijalan T\u00e4\u00e4ll\u00e4 Pohjant\u00e4hden alla -n\u00e4ytelm\u00e4ss\u00e4.<\/p>\n<p><strong>Kasper Korpela<\/strong>, 23, p\u00e4\u00e4tyi yll\u00e4tt\u00e4en mukaan Kansallisteatterin t\u00e4m\u00e4n syksyn odotettuun suurproduktioon T\u00e4\u00e4ll\u00e4 Pohjant\u00e4hden alla. Siihen johti yksi viesti n\u00e4ytelm\u00e4n ohjaaja <strong>Lauri Maijalalle.<\/strong><\/p>\n<p>\u201dP\u00e4\u00e4tin l\u00e4hett\u00e4\u00e4 h\u00e4nelle viestin, ett\u00e4 olisi upeaa tehd\u00e4 joskus t\u00f6it\u00e4 yhdess\u00e4. En tuntenut Lauria entuudestaan, mutta olin ihaillut pitk\u00e4\u00e4n h\u00e4nen ohjauksiaan\u201d, Kasper kertoo.<\/p>\n<p>N\u00e4ytelm\u00e4\u00e4n otettiin mukaan nelj\u00e4 opiskelijaa, joista yksi oli Tampereen yliopiston teatteritaiteen tutkinto-ohjelmassa (N\u00e4ty) opiskeleva Kasper. Kokemus oli j\u00e4nnitt\u00e4v\u00e4, sill\u00e4 Kasper ei ollut koskaan aiemmin esiintynyt suurella n\u00e4ytt\u00e4m\u00f6ll\u00e4.<\/p>\n<p><strong>Lue my\u00f6s:<\/strong> <a href=\"https:\/\/anna.fi\/ihmiset\/johannes-holopainen-haaveilee-omasta-perheesta\" rel=\"nofollow noopener\" target=\"_blank\">Johannes Holopainen haaveilee omasta perheest\u00e4: \u201dUskon, ett\u00e4 omat lapset ovat parhaat tyypit, joita koskaan voi kohdata\u201d<\/a><\/p>\n<p>T\u00e4\u00e4ll\u00e4 Pohjant\u00e4hden alla -n\u00e4ytelm\u00e4ss\u00e4 Kasper esitt\u00e4\u00e4 teoksen p\u00e4\u00e4parin Akselin ja Elinan vanhinta poikaa Vilho Koskelaa, joka kaatuu jatkosodassa. Sama hahmo n\u00e4hd\u00e4\u00e4n toisessakin <strong>V\u00e4in\u00f6 Linnan<\/strong> suurromaanissa Tuntematon sotilas.<\/p>\n<p>\u201dVilho on todella perinteinen suomalainen mieshahmo, joten pelk\u00e4sin katsojien odottavan hahmon olevan tietynlainen. En koe n\u00e4yttelij\u00e4n\u00e4 t\u00e4ysin istuvani perinteiseen miehen rooliin, joten pohdin aluksi, voinko ylip\u00e4\u00e4t\u00e4\u00e4n tehd\u00e4 roolia ja tuoda tulkintaan mukaan omaa herkkyytt\u00e4ni.\u201d<\/p>\n<p>Kasper kuitenkin voitti pelkonsa ja uskaltautui luomaan hahmosta omann\u00e4k\u00f6isens\u00e4. Vilho varttuu tarinan edetess\u00e4 kolmekymppiseksi, mutta Kasperista roolihahmo tuntuu nuorelta ihmiselt\u00e4, joka joutuu rintamalle.<\/p>\n<p>    <a href=\"https:\/\/anna.fi\/wp-content\/uploads\/2025\/12\/54804503444_27d4629fc4_k.jpg\" rel=\"nofollow noopener\" target=\"_blank\"><img fetchpriority=\"high\" decoding=\"async\" alt=\"\" class=\"wp-image-681666 awpo-lqip awpo-lazy\" width=\"2048\" height=\"1366\" style=\"--aspect-ratio: 1.5\" src=\"https:\/\/www.europesays.com\/fi\/wp-content\/uploads\/2025\/12\/54804503444_27d4629fc4_k.jpg\"\/><\/a><br \/>\n      Vilho Koskela on Akseli ja Elina Koskelan esikoinen V\u00e4in\u00f6 Linnan T\u00e4\u00e4ll\u00e4 Pohjant\u00e4hden alla -kertomuksessa.       <\/p>\n<p>          \u00a9 Nico Backstr\u00f6m \/ Suomen Kansallisteatteri        <\/p>\n<p>V\u00e4in\u00f6 Linnan romaani ei ollut Kasperille entuudestaan tuttu, mutta is\u00e4 oli todella innoissaan kuullessaan pojan tulevasta roolity\u00f6st\u00e4.<\/p>\n<p>\u201dIs\u00e4ni on suuri T\u00e4\u00e4ll\u00e4 Pohjant\u00e4hden alla -fani, ja h\u00e4n oli aivan intopiukeana saadessaan tiet\u00e4\u00e4, ett\u00e4 olen mukana n\u00e4ytelm\u00e4ss\u00e4. Katsoimme elokuvat yhdess\u00e4 viime joulun alla. Koskettava tarina teki minuun suuren vaikutuksen, ja olen itkenyt todella paljon harjoituksissa\u201d, Kasper kertoo.<\/p>\n<p>H\u00e4nt\u00e4 itkett\u00e4\u00e4 se, ett\u00e4 tarinan tapahtumat olivat totta silloin ja nyt.<\/p>\n<p>\u201dT\u00e4m\u00e4 ei ole vain teatteria, vaan tuolla jossain on minun kaltaiseni ja ik\u00e4iseni ihminen, joka el\u00e4\u00e4 n\u00e4it\u00e4 asioita todeksi. Ja t\u00e4m\u00e4 kaikki on tapahtunut my\u00f6s Suomessa ja jopa omille sukulaisilleni.\u201d<\/p>\n<p><strong>Kasper Korpela p\u00e4\u00e4si eroon arkuudestaan teatterin avulla<\/strong><\/p>\n<p>Vilhon roolia aluksi ep\u00e4r\u00f6inyt Kasper on ollut lapsesta asti herkk\u00e4. Salossa kasvanut Kasper muuttui koului\u00e4ss\u00e4 niin araksi ja sulkeutuneeksi, ett\u00e4 \u00e4iti p\u00e4\u00e4tti laittaa h\u00e4net harrastajateatteriin rohkaistumaan.<\/p>\n<p>\u201dEnsimm\u00e4iset vuodet teatterissa olivat aivan hirveit\u00e4, koska esiintyminen tuntui niin pelottavalta. Silti se veti minua selitt\u00e4m\u00e4tt\u00f6m\u00e4ll\u00e4 tavalla puoleensa ja tuntui oikealta\u201d, Kasper kertoo.<\/p>\n<p>Pikkuhiljaa j\u00e4nnitys muuttui voimavaraksi ja Kasper alkoi nauttia esiintymisest\u00e4. Kun h\u00e4n oli 18-vuotias, h\u00e4n p\u00e4\u00e4si Savoy-teatterin West Side Story -musikaaliin. Sen lis\u00e4ksi h\u00e4n on esiintynyt Turun kes\u00e4teatterin Ronja Ry\u00f6v\u00e4rintytt\u00e4ress\u00e4 ja Ylen Limbo-sarjassa. Kasper on my\u00f6s k\u00e4sikirjoittanut No Shame -minisarjaa Ylelle.<\/p>\n<p><strong>Lue my\u00f6s Kotiliesi.fi: <\/strong><a href=\"https:\/\/kotiliesi.fi\/ihmiset\/nayttelija-matti-leino\/\" rel=\"nofollow noopener\" target=\"_blank\">Matti Leino haaveili lapsena poliisin ty\u00f6st\u00e4 \u2212 el\u00e4ytyy nyt supersuositussa musikaalissa hirvi\u00f6n traagiseen rooliin<\/a><\/p>\n<p>\u201dOlen tosi kiitollinen, ett\u00e4 olen saanut tehd\u00e4 jo n\u00e4in monta produktiota. Alalla on t\u00e4ll\u00e4 hetkell\u00e4 todella huono ty\u00f6llisyystilanne ja siksi tuntuu merkitykselliselt\u00e4, ettei minun tarvitse ainakaan hetkeen huolehtia t\u00f6ist\u00e4.\u201d<\/p>\n<p>Mik\u00e4 n\u00e4yttelij\u00e4nty\u00f6ss\u00e4 on Kasperista kaikkein parasta? Se, ett\u00e4 p\u00e4\u00e4see muuntautumaan toiseksi ihmiseksi.<\/p>\n<p>\u201dNyky\u00e4\u00e4n monet asiat tapahtuvat puhelimella ja et\u00e4n\u00e4, joten olen alkanut arvostaa l\u00e4sn\u00e4oloa entist\u00e4 enemm\u00e4n. Teatteri on aina ollut minulle paikka, jossa jaetaan yhdess\u00e4 jotain siin\u00e4 hetkess\u00e4 tapahtuvaa ilman muita h\u00e4iri\u00f6tekij\u00f6it\u00e4.\u201d\u00a0<\/p>\n<p>Drag-estetiikka on kiehtonut Kasperia lapsesta asti, vaikkei h\u00e4n viel\u00e4 lapsena ymm\u00e4rt\u00e4nyt, ett\u00e4 kyse oli nimenomaan dragista.<\/p>\n<p>\u201dEsitin kaikissa mahdollisissa sukujuhlissa <strong>Paula Koivunieme\u00e4<\/strong> ja Putous-ohjelman sketsihahmo Marja Tyrni\u00e4. Rakastan dragia, koska se on niin r\u00f6yhke\u00e4\u00e4 ja spektaakkelinomaista. Nykyisen draghahmoni kehitin teatterikoulussa etsim\u00e4ll\u00e4 itsest\u00e4ni sellaisia piirteit\u00e4, jotka olin koettanut piilottaa. Syntyi verisen, kostonhimoisen raatelijan hahmo, jonka kanssa olen esiintynyt jo useamman kerran.\u201d<\/p>\n<p><strong>Uusia unelmia<\/strong><\/p>\n<p>Kasper on nyt valmistumassa N\u00e4tyst\u00e4 ja on hiljattain muuttanut Tampereelta Helsinkiin. Kasper asuu yksin ja kokee, ett\u00e4 yst\u00e4v\u00e4t ovat h\u00e4nelle kuin toinen perhe.<\/p>\n<p>\u201dMinulla on monta l\u00e4heist\u00e4 yst\u00e4v\u00e4\u00e4, joista suurin osa on n\u00e4yttelij\u00f6it\u00e4. Kutsun heit\u00e4 usein kotiini, sill\u00e4 heid\u00e4n seurassaan lataudun parhaiten.\u201d<\/p>\n<p>Esiintymisen lis\u00e4ksi Kasper toivoo, ett\u00e4 voisi jossain vaiheessa hy\u00f6dynt\u00e4\u00e4 visualistin tutkintoaan, jonka ehti opiskella Salossa ennen teatteriopintojaan.<\/p>\n<p>\u201dVaikka olen toteuttanut jo monta unelmaa, haluan, ett\u00e4 uusiakin unelmia syntyy. Huomaan, etten uskalla silti haaveilla kovin pitk\u00e4lle, sill\u00e4 ymp\u00e4rill\u00e4mme tapahtuu koko ajan niin hirveit\u00e4 asioita. Toivon, ett\u00e4 maailmantilanne rauhoittuisi ja voisin itsekin olla iloinen.\u201d<\/p>\n<p>    Sinua voi kiinnostaa my\u00f6s:<\/p>\n<ol class=\"read-also__list\">\n<li>\n<p>            <img loading=\"lazy\" decoding=\"async\" class=\"card__image awpo-lqip awpo-lazy\" width=\"2000\" height=\"1500\" src=\"https:\/\/www.europesays.com\/fi\/wp-content\/uploads\/2025\/12\/dscf6895.jpg\"\/>                <a href=\"https:\/\/anna.fi\/kategoria\/ihmiset\" class=\"card__vignette\" rel=\"nofollow noopener\" target=\"_blank\"><br \/>\n            Ihmiset          <\/a><\/p>\n<p>      <a href=\"https:\/\/anna.fi\/ihmiset\/satu-silvon-elama\" class=\"card__link-overlay\" rel=\"nofollow noopener\" target=\"_blank\">Suhteen alussa Satu Silvo sai Reidarilta n\u00e4ytt\u00e4v\u00e4n vaatteen, ja siit\u00e4 syntyi lopulta k\u00e4\u00e4nteentekev\u00e4 oivallus \u2013 nyt yhteist\u00e4 el\u00e4m\u00e4\u00e4 on takana 15 vuotta\u00a0<\/a><\/p>\n<\/li>\n<li>\n<p>            <img loading=\"lazy\" decoding=\"async\" class=\"card__image awpo-lqip awpo-lazy\" width=\"2442\" height=\"1374\" src=\"https:\/\/www.europesays.com\/fi\/wp-content\/uploads\/2025\/12\/leena-vaaka.jpg\"\/>                <a href=\"https:\/\/anna.fi\/kategoria\/ihmiset\" class=\"card__vignette\" rel=\"nofollow noopener\" target=\"_blank\"><br \/>\n            Ihmiset          <\/a><\/p>\n<p>      <a href=\"https:\/\/anna.fi\/ihmiset\/leena-uotila-lapsuusmuisto\" class=\"card__link-overlay\" rel=\"nofollow noopener\" target=\"_blank\">N\u00e4yttelij\u00e4 Leena Uotilan lapsuudessa oli yleinen tapa, joka en\u00e4\u00e4 ei tulisi kuuloonkaan: \u201dOlen edelleen v\u00e4h\u00e4n loukkaantunut\u201d<\/a><\/p>\n<\/li>\n<li>\n<p>            <img loading=\"lazy\" decoding=\"async\" class=\"card__image awpo-lqip awpo-lazy\" width=\"2000\" height=\"1291\" src=\"https:\/\/www.europesays.com\/fi\/wp-content\/uploads\/2025\/12\/r4a3453.jpg\"\/>                <a href=\"https:\/\/anna.fi\/kategoria\/ihmiset\" class=\"card__vignette\" rel=\"nofollow noopener\" target=\"_blank\"><br \/>\n            Ihmiset          <\/a><\/p>\n<p>      <a href=\"https:\/\/anna.fi\/ihmiset\/anssi-kela-uransa-aallonpohjasta\" class=\"card__link-overlay\" rel=\"nofollow noopener\" target=\"_blank\">Anssi Kela uransa aallonpohjasta: \u201dOli rankkaa oivaltaa, ett\u00e4 olen itse tyrinyt\u201d<\/a><\/p>\n<\/li>\n<\/ol>\n","protected":false},"excerpt":{"rendered":"Kasper Korpela esiintyy Kansallisteatterin suurtuotannossa, V\u00e4in\u00f6 Linnan teokseen perustuvassa Lauri Maijalan T\u00e4\u00e4ll\u00e4 Pohjant\u00e4hden alla -n\u00e4ytelm\u00e4ss\u00e4. Kasper Korpela, 23,&hellip;\n","protected":false},"author":2,"featured_media":120118,"comment_status":"","ping_status":"","sticky":false,"template":"","format":"standard","meta":{"footnotes":""},"categories":[136],"tags":[407,137,427,18379,33,31,30,408,622,3843,32,3336,109],"class_list":{"0":"post-120117","1":"post","2":"type-post","3":"status-publish","4":"format-standard","5":"has-post-thumbnail","7":"category-julkkikset","8":"tag-celebrities","9":"tag-entertainment","10":"tag-esiintyminen","11":"tag-esiintymisjannitys","12":"tag-fi","13":"tag-finland","14":"tag-finnish","15":"tag-julkkikset","16":"tag-nayttelijat","17":"tag-suomalaiset-nayttelijat","18":"tag-suomi","19":"tag-teatteri","20":"tag-viihde"},"share_on_mastodon":{"url":"https:\/\/pubeurope.com\/@fi\/115743330554709759","error":""},"_links":{"self":[{"href":"https:\/\/www.europesays.com\/fi\/wp-json\/wp\/v2\/posts\/120117","targetHints":{"allow":["GET"]}}],"collection":[{"href":"https:\/\/www.europesays.com\/fi\/wp-json\/wp\/v2\/posts"}],"about":[{"href":"https:\/\/www.europesays.com\/fi\/wp-json\/wp\/v2\/types\/post"}],"author":[{"embeddable":true,"href":"https:\/\/www.europesays.com\/fi\/wp-json\/wp\/v2\/users\/2"}],"replies":[{"embeddable":true,"href":"https:\/\/www.europesays.com\/fi\/wp-json\/wp\/v2\/comments?post=120117"}],"version-history":[{"count":0,"href":"https:\/\/www.europesays.com\/fi\/wp-json\/wp\/v2\/posts\/120117\/revisions"}],"wp:featuredmedia":[{"embeddable":true,"href":"https:\/\/www.europesays.com\/fi\/wp-json\/wp\/v2\/media\/120118"}],"wp:attachment":[{"href":"https:\/\/www.europesays.com\/fi\/wp-json\/wp\/v2\/media?parent=120117"}],"wp:term":[{"taxonomy":"category","embeddable":true,"href":"https:\/\/www.europesays.com\/fi\/wp-json\/wp\/v2\/categories?post=120117"},{"taxonomy":"post_tag","embeddable":true,"href":"https:\/\/www.europesays.com\/fi\/wp-json\/wp\/v2\/tags?post=120117"}],"curies":[{"name":"wp","href":"https:\/\/api.w.org\/{rel}","templated":true}]}}