{"id":120128,"date":"2025-12-19T00:23:09","date_gmt":"2025-12-19T00:23:09","guid":{"rendered":"https:\/\/www.europesays.com\/fi\/120128\/"},"modified":"2025-12-19T00:23:09","modified_gmt":"2025-12-19T00:23:09","slug":"sadat-ihmiset-uivat-kelluivat-ja-meloivat-bondi-beachilla-kunnioittaakseen-ampumisen-uhreja-uutisia-lyhyesti","status":"publish","type":"post","link":"https:\/\/www.europesays.com\/fi\/120128\/","title":{"rendered":"Sadat ihmiset uivat, kelluivat ja meloivat Bondi Beachilla kunnioittaakseen ampumisen uhreja | Uutisia lyhyesti"},"content":{"rendered":"<p class=\"aw-1gybjub aw-5vja16 kEtdKx kmuxyA yle__article__paragraph\">15 ihmist\u00e4 kuoli sunnuntaina juutalaisten hanukka-juhlaan tehdyss\u00e4 hy\u00f6kk\u00e4yksess\u00e4.<\/p>\n<p><img decoding=\"async\" alt=\"Satoja ihmisi\u00e4 kelluu meress\u00e4 surffilaudoilla.\" src=\"https:\/\/www.europesays.com\/fi\/wp-content\/uploads\/2025\/12\/39-15723146944874015a68.jpeg\" class=\"aw-1l9m598 hKVVvP\"\/><\/p>\n<p>Avaa kuvien katselu<\/p>\n<p>Sadat ihmiset ker\u00e4\u00e4ntyiv\u00e4t perjantaina kunnioittamaan sunnuntaina Bondi Beachin joukkoampumisessa kuolleita uhreja. Kuva: EPA<\/p>\n<p class=\"aw-1gybjub aw-1p7kakr kEtdKx cEmitX yle__article__paragraph\">Sadat ihmiset uivat, kelluivat ja meloivat surffilaudoilla Australian Bondi Beachin edustalla perjantaina kunnioittaakseen sunnuntain joukkoampumisen uhreja.<\/p>\n<p class=\"aw-1gybjub aw-1p7kakr kEtdKx cEmitX yle__article__paragraph\">Sunnuntaina kaksi aseistettua miest\u00e4 avasi tulen juutalaisten hanukka-juhlassa. 15 ihmist\u00e4 kuoli hy\u00f6kk\u00e4yksess\u00e4.<\/p>\n<p class=\"aw-1gybjub aw-1p7kakr kEtdKx cEmitX yle__article__paragraph\">Ep\u00e4illyt ampujat olivat is\u00e4 ja poika. 50-vuotias is\u00e4 kuoli poliisi luoteihin hy\u00f6kk\u00e4yksess\u00e4, ja 24-vuotias poika on edelleen sairaalahoidossa.<\/p>\n<p class=\"aw-1gybjub aw-1p7kakr kEtdKx cEmitX yle__article__paragraph\">24-vuotiasta miest\u00e4 syytet\u00e4\u00e4n 15 murhasta ja terrorismirikoksesta. Miest\u00e4 vastaan on nostettu syytteet kaikkiaan 59 rikoksesta.<\/p>\n<p class=\"aw-1gybjub aw-1p7kakr kEtdKx cEmitX yle__article__paragraph\">AFP<\/p>\n","protected":false},"excerpt":{"rendered":"15 ihmist\u00e4 kuoli sunnuntaina juutalaisten hanukka-juhlaan tehdyss\u00e4 hy\u00f6kk\u00e4yksess\u00e4. Avaa kuvien katselu Sadat ihmiset ker\u00e4\u00e4ntyiv\u00e4t perjantaina kunnioittamaan sunnuntaina Bondi&hellip;\n","protected":false},"author":2,"featured_media":120129,"comment_status":"","ping_status":"","sticky":false,"template":"","format":"standard","meta":{"footnotes":""},"categories":[5],"tags":[1773,804,22,23,26,27,33,31,30,17,16237,4758,683,24,25,996,28,29,15,18,21,21690,32,13385,5715,19,20,56,16,37],"class_list":{"0":"post-120128","1":"post","2":"type-post","3":"status-publish","4":"format-standard","5":"has-post-thumbnail","7":"category-otsikot","8":"tag-ampumavalikohtaukset","9":"tag-aseelliset-konfliktit","10":"tag-breaking-news","11":"tag-breakingnews","12":"tag-featured-news","13":"tag-featurednews","14":"tag-fi","15":"tag-finland","16":"tag-finnish","17":"tag-headlines","18":"tag-joukkomurha","19":"tag-juutalaisuus","20":"tag-kuolema","21":"tag-latest-news","22":"tag-latestnews","23":"tag-levottomuudet","24":"tag-main-news","25":"tag-mainnews","26":"tag-news","27":"tag-otsikot","28":"tag-paauutiset","29":"tag-purjelaudat","30":"tag-suomi","31":"tag-terrori-iskut","32":"tag-terrorismi","33":"tag-top-stories","34":"tag-topstories","35":"tag-ulkomaat","36":"tag-uutiset","37":"tag-vakivaltarikokset"},"share_on_mastodon":{"url":"https:\/\/pubeurope.com\/@fi\/115743385578900136","error":""},"_links":{"self":[{"href":"https:\/\/www.europesays.com\/fi\/wp-json\/wp\/v2\/posts\/120128","targetHints":{"allow":["GET"]}}],"collection":[{"href":"https:\/\/www.europesays.com\/fi\/wp-json\/wp\/v2\/posts"}],"about":[{"href":"https:\/\/www.europesays.com\/fi\/wp-json\/wp\/v2\/types\/post"}],"author":[{"embeddable":true,"href":"https:\/\/www.europesays.com\/fi\/wp-json\/wp\/v2\/users\/2"}],"replies":[{"embeddable":true,"href":"https:\/\/www.europesays.com\/fi\/wp-json\/wp\/v2\/comments?post=120128"}],"version-history":[{"count":0,"href":"https:\/\/www.europesays.com\/fi\/wp-json\/wp\/v2\/posts\/120128\/revisions"}],"wp:featuredmedia":[{"embeddable":true,"href":"https:\/\/www.europesays.com\/fi\/wp-json\/wp\/v2\/media\/120129"}],"wp:attachment":[{"href":"https:\/\/www.europesays.com\/fi\/wp-json\/wp\/v2\/media?parent=120128"}],"wp:term":[{"taxonomy":"category","embeddable":true,"href":"https:\/\/www.europesays.com\/fi\/wp-json\/wp\/v2\/categories?post=120128"},{"taxonomy":"post_tag","embeddable":true,"href":"https:\/\/www.europesays.com\/fi\/wp-json\/wp\/v2\/tags?post=120128"}],"curies":[{"name":"wp","href":"https:\/\/api.w.org\/{rel}","templated":true}]}}