{"id":120161,"date":"2025-12-19T01:28:22","date_gmt":"2025-12-19T01:28:22","guid":{"rendered":"https:\/\/www.europesays.com\/fi\/120161\/"},"modified":"2025-12-19T01:28:22","modified_gmt":"2025-12-19T01:28:22","slug":"ruben-stillerilta-alyton-yllatys-como-fi","status":"publish","type":"post","link":"https:\/\/www.europesays.com\/fi\/120161\/","title":{"rendered":"Ruben Stillerilt\u00e4 \u00e4lyt\u00f6n yll\u00e4tys! &#8211; Como.fi"},"content":{"rendered":"<p>Yle-s\u00e4\u00e4st\u00f6jen vuoksi el\u00e4kepaketin vastaanottanut pitk\u00e4n linjan toimittaja Ruben Stiller on mies, jota moni j\u00e4i kaipaamaan.<\/p>\n<p>T\u00e4m\u00e4n miehen \u00e4\u00e4ni on sellainen, ettei sit\u00e4 voi j\u00e4ljitell\u00e4. Saati ajatuksenjuoksua, sit\u00e4 varsinkaan. Se on ter\u00e4v\u00e4\u00e4 ja hauskaa.<\/p>\n<p>Ja jos joku onnistuu matkimaan ja imitoimaan Rubenia, h\u00e4n p\u00e4\u00e4see heti imitaattoreiden hall of fameen.<\/p>\n<p>Ruben palaa Radio Suomeen!<\/p>\n<p>Miest\u00e4 j\u00e4\u00e4tiin kaipaamaan, n\u00e4inh\u00e4n kirjoitettiin. Mutta nyt Rubenilla on yll\u00e4tys takataskussaan. H\u00e4np\u00e4 palaakin Ylelle!<\/p>\n<p>Mit\u00e4 mitt\u00e4\u00e4! Kyll\u00e4!<\/p>\n<p>Yle tiedottaa Rubenin aloittavan Radio Suomen Py\u00f6re\u00e4n p\u00f6yd\u00e4n uutena puheenjohtana. N\u00e4in p\u00e4ivitys kuuluu:<\/p>\n<p>\u201dKiitos Maria ja tervetuloa Ruben! Ruben Stiller on Radio Suomen Py\u00f6re\u00e4n p\u00f6yd\u00e4n uusi puheenjohtaja.<\/p>\n<p>Py\u00f6re\u00e4\u00e4 p\u00f6yt\u00e4\u00e4 runsaat pari vuotta luotsannut toimittaja ja tietokirjailija Maria Pettersson luopuu puheenjohtajuudesta uusien ty\u00f6teht\u00e4viens\u00e4 vuoksi. Stiller nappaa ohjelman puheenjohtajan nuijan pian vuodenvaihteen j\u00e4lkeen.\u201d<\/p>\n<p>-Puheenjohtajan roolista totean, etten aio olla Kekkonen. En my\u00f6sk\u00e4\u00e4n Trump. Noudatan edesmenneen veteraanitoimittaja Larry Kingin periaatetta: kun on itse \u00e4\u00e4ness\u00e4, ei opi mit\u00e4\u00e4n, Stiller linjaa.<\/p>\n<p>Ruben Stiller on Py\u00f6re\u00e4n p\u00f6yd\u00e4n historian viides puheenjohtaja. Keskusteluohjelma alkoi vuonna 2007 eli on nyt jo t\u00e4ysi-ik\u00e4inen.<\/p>\n<p>Py\u00f6re\u00e4n p\u00f6yd\u00e4n uusi kausi k\u00e4ynnistyy keskiviikkona 14.1.2026 Radio Suomessa ja Yle Areenassa.<\/p>\n<p>Lue my\u00f6s: <a href=\"https:\/\/www.como.fi\/tilaa-comon-uutiskirje\/\" title=\"Tilaa Comon uutiskirje ja tied\u00e4t mist\u00e4 kahvitauolla puhutaan! Nappaa kotimaan tv-vinkit ja puheenaiheet suoraan s\u00e4hk\u00f6postiin t\u00e4st\u00e4.\" class=\"underline-custom !font-montserrat !font-bold !underline-offset-4 !decoration-4 !decoration-red-600 !text-md\" rel=\"nofollow noopener\" target=\"_blank\">Tilaa Comon uutiskirje ja tied\u00e4t mist\u00e4 kahvitauolla puhutaan! Nappaa kotimaan tv-vinkit ja puheenaiheet suoraan s\u00e4hk\u00f6postiin t\u00e4st\u00e4.<\/a><\/p>\n","protected":false},"excerpt":{"rendered":"Yle-s\u00e4\u00e4st\u00f6jen vuoksi el\u00e4kepaketin vastaanottanut pitk\u00e4n linjan toimittaja Ruben Stiller on mies, jota moni j\u00e4i kaipaamaan. T\u00e4m\u00e4n miehen \u00e4\u00e4ni&hellip;\n","protected":false},"author":2,"featured_media":120162,"comment_status":"","ping_status":"","sticky":false,"template":"","format":"standard","meta":{"footnotes":""},"categories":[136],"tags":[407,137,33,31,30,408,16688,32,109],"class_list":{"0":"post-120161","1":"post","2":"type-post","3":"status-publish","4":"format-standard","5":"has-post-thumbnail","7":"category-julkkikset","8":"tag-celebrities","9":"tag-entertainment","10":"tag-fi","11":"tag-finland","12":"tag-finnish","13":"tag-julkkikset","14":"tag-ruben-stiller","15":"tag-suomi","16":"tag-viihde"},"share_on_mastodon":{"url":"https:\/\/pubeurope.com\/@fi\/115743640976612159","error":""},"_links":{"self":[{"href":"https:\/\/www.europesays.com\/fi\/wp-json\/wp\/v2\/posts\/120161","targetHints":{"allow":["GET"]}}],"collection":[{"href":"https:\/\/www.europesays.com\/fi\/wp-json\/wp\/v2\/posts"}],"about":[{"href":"https:\/\/www.europesays.com\/fi\/wp-json\/wp\/v2\/types\/post"}],"author":[{"embeddable":true,"href":"https:\/\/www.europesays.com\/fi\/wp-json\/wp\/v2\/users\/2"}],"replies":[{"embeddable":true,"href":"https:\/\/www.europesays.com\/fi\/wp-json\/wp\/v2\/comments?post=120161"}],"version-history":[{"count":0,"href":"https:\/\/www.europesays.com\/fi\/wp-json\/wp\/v2\/posts\/120161\/revisions"}],"wp:featuredmedia":[{"embeddable":true,"href":"https:\/\/www.europesays.com\/fi\/wp-json\/wp\/v2\/media\/120162"}],"wp:attachment":[{"href":"https:\/\/www.europesays.com\/fi\/wp-json\/wp\/v2\/media?parent=120161"}],"wp:term":[{"taxonomy":"category","embeddable":true,"href":"https:\/\/www.europesays.com\/fi\/wp-json\/wp\/v2\/categories?post=120161"},{"taxonomy":"post_tag","embeddable":true,"href":"https:\/\/www.europesays.com\/fi\/wp-json\/wp\/v2\/tags?post=120161"}],"curies":[{"name":"wp","href":"https:\/\/api.w.org\/{rel}","templated":true}]}}