{"id":120166,"date":"2025-12-19T01:40:51","date_gmt":"2025-12-19T01:40:51","guid":{"rendered":"https:\/\/www.europesays.com\/fi\/120166\/"},"modified":"2025-12-19T01:40:51","modified_gmt":"2025-12-19T01:40:51","slug":"arvio-kapsakin-musiikkinaytelman-paras-svengi-irtoaa-paikallisuudesta","status":"publish","type":"post","link":"https:\/\/www.europesays.com\/fi\/120166\/","title":{"rendered":"Arvio: Kaps\u00e4kin musiikkin\u00e4ytelm\u00e4n paras svengi irtoaa paikallisuudesta"},"content":{"rendered":"<p>S\u00f6rkka svengaa -esityksen teksti haukkaa v\u00e4h\u00e4n liian runsaan palan historiaa, mutta 1920-luvun musiikkimaisemasta syntyy mukava pastissi.<\/p>\n<p>Musiikkiteatteri Kaps\u00e4kill\u00e4 on nyt loppusyksyst\u00e4 ollut n\u00e4ytt\u00e4m\u00f6ll\u00e4\u00e4n todellinen rajatapaus. Kun teattereiden ohjelmistoilta toivotaan usein, varsinkin tuolla maakunnissa, paikallisten aiheiden k\u00e4sittely\u00e4, niin Kaps\u00e4kki on sellaiseen tarttunut. <strong>Anneli Kannon<\/strong> kirjoittama S\u00f6rkka svengaa on teatterillista l\u00e4hiruokaa stadilaisittain, jos mik\u00e4.<\/p>\n<p>Reviiritietoiset helsinkil\u00e4iset saattavat toki huomauttaa, ett\u00e4 M\u00e4kel\u00e4nkadun ja H\u00e4meentien haaraumassa sijaisteva Kaps\u00e4kki on Vallilaa, mutta kun teatteri sijaitsee nelj\u00e4n kaupunginosan, Vallilan, Hermannin, S\u00f6rn\u00e4isten ja Alppiharjun rajojen melkeinp\u00e4 leikkauspisteess\u00e4, s\u00f6rkkalaisuus katsottakoon paikallisaiheeksi.<\/p>\n<p>Kunhan muistetaan vaan se loppu-a: S\u00f6rkka\/S\u00f6rkka-v\u00e4\u00e4nt\u00f6 on niit\u00e4 ikuisia stadilaisia kiistakapuloita, joita b\u00f6ndet varmaan tsiigaa ihmeiss\u00e4\u00e4n.<\/p>\n<p>J\u00e4\u00e4k\u00f6\u00f6n slangin viljely nyt t\u00e4h\u00e4n, vaikka se mukavasti, ja monia katsojia taatusti kommentoimaan inspiroivasti t\u00e4m\u00e4n musiikkin\u00e4ytelm\u00e4n p\u00e4\u00e4kieli onkin. Itsekin bongasin dialogista joitakin ilmaisuja, joiden anakronistisuudesta voisi keskustella, mutta se olisi niin loputon suo, ett\u00e4 itse esityksen arviointi j\u00e4isi siin\u00e4 lehdelle soittelemaan.<\/p>\n<p><strong>SE SOITTELU<\/strong> ja laulelu ovat kuitenkin \u201dMadam Kaps\u00e4kin\u201d eli <strong>Reetta Ristim\u00e4en<\/strong> ohjaaman S\u00f6rkka svengaa -esityksen suolaa.<\/p>\n<p>Kannon niiden ymp\u00e4rille kirjoittama tarina sijoittuu 1920-luvun Helsingin ty\u00f6l\u00e4iskaupunginosaan, mik\u00e4 tarjoaa mukavan musiikillisen viitekehyksen. Esityksen nyt-hetkih\u00e4n on vuosi 1926 eli se sama, jolloin jazzin on sanottu uineen Helsinkiin ja koko Suomeen, kun matkustajalaiva S\/S Andaniasta rantautui kaupunkiin joukko amerikansuomalaisia jatsik\u00e4rp\u00e4sen puraisemia soittoniekkoja.<\/p>\n<p><strong>TEATTERI<\/strong>:<br \/>\nMusiikkiteatteri Kaps\u00e4kki<br \/><strong>Anneli Kanto:<br \/><\/strong>S\u00f6rkka svengaa<\/p>\n<p>Ohjaus ja dramatisointi Reetta Ristim\u00e4ki \u2013 Musiikin s\u00e4vellys ja johtaminen Marko Puro \u2013 Laulujen sanat Anneli Kanto, Reetta Ristim\u00e4ki, Marko Puro \u2013 Valo- ja lavastussuunnittelu Janne Teivainen \u2013 \u00c4\u00e4nisuunnittelu Max Marshall \u2013 Puvustus Jenni Nyk\u00e4nen ja Reetta Ristim\u00e4ki \u2013 Koreografia Rami Meling \u2013 Rooleissa Elsa Saisio, Henrik Hammarberg, Hanna Vahtikari, Karlo Haapiainen, Juha Hostikka, Marko Puro<\/p>\n<p>Pianisti Petterssonin roolissa l\u00e4pi esityksen lavalla olevan <strong>Marko Puron<\/strong> s\u00e4velt\u00e4m\u00e4ss\u00e4 biisikattauksessa jatsillisemmat s\u00e4vyt saavat loppua kohden kuuluvamman roolin. Schlaageriperinteeseemme alkoi 1920-luvun puoliv\u00e4list\u00e4 l\u00e4htien sekoittua ameriikanrytmej\u00e4, mist\u00e4 sittemmin kehittyi meille ihan omanlainen iskelm\u00e4kulttuuri; iskelm\u00e4-sanan is\u00e4ksi on muuten usein nimetty <strong>Georg Malmst\u00e9nin<\/strong> hovisanoittaja <strong>R. R. Ryyn\u00e4nen,<\/strong> joka, kuinka ollakaan, teki ensimm\u00e4isen radioesiintymisens\u00e4 nimenomaan vuonna 1926 tuolloin juuri aloittaneessa Yleisradiossamme.<\/p>\n<p>Esityksen toinen musiikillinen p\u00e4\u00e4juonne on kupleteissa, olihan se 1920-luvun Suomessa valtavirtamusaa, kun<strong> J. Alfred Tanner,<\/strong> <strong>Tatu Pekkarinen<\/strong>, <strong>Rafu Ramstedt<\/strong> ja kumppanit loivat lauluillaan pient\u00e4 iloa kovissa oloissa leip\u00e4ns\u00e4 eteen puurtavan rahvaan el\u00e4m\u00e4\u00e4n.<\/p>\n<p>Noita mainittuja kupletisteja, Malmst\u00e9nia, <strong>Jurvaa<\/strong> tai muita musiikkiviihteemme pioneereja ei S\u00f6rkka svengaa -esityksen \u201dsoundtrackilla\u201d kuitenkaan kuulla, vaan kaikki kappaleet on paria poikkeusta (muun muassa kupletti Kieltolakilaulu vuodelta 1925) lukuun ottamatta tehty t\u00e4t\u00e4 tuotantoa varten.<\/p>\n<p>Ikivihreiden iskus\u00e4velmien veivaaminen olisikin tuntunut aika helpolta ratkaisulta, vaikka sill\u00e4 olisi ehk\u00e4 kasvatettu lipunmyynti\u00e4. No, sill\u00e4 puolella ei Kaps\u00e4kill\u00e4 n\u00e4ytt\u00e4isi olevan nytk\u00e4\u00e4n h\u00e4t\u00e4\u00e4 , sill\u00e4 n\u00e4kem\u00e4ni lauantainen p\u00e4iv\u00e4n\u00e4yt\u00f6s oli loppuunmyyty, vaikka aika pitk\u00e4ll\u00e4 ensi-illasta jo oltiinkin.<\/p>\n<p><strong>S\u00d6RKKA SVENGAA<\/strong> on jo nimens\u00e4 lataamien vaatimusten mukaisesti musiikkiteatteriviihdett\u00e4, ja toimii sellaisena hyvin.<\/p>\n<p>Esiintyj\u00e4kuusikossa on monipuolista lauluvoimaa, kun lavalla n\u00e4hd\u00e4\u00e4n muun muassa aina notkeasti laulava n\u00e4yttelij\u00e4 <strong>Elsa Saisio<\/strong>, monien maakuntateattereiden musikaalirooleissa hioutunut <strong>Henrik Hammarberg<\/strong> sek\u00e4 kuin siltana esityksen kuvaamaan musamaailmaan ja aikaan <strong>Juha Hostikka<\/strong>, joka toimii hiljattain sata vuotta t\u00e4ytt\u00e4neen viihdeorkesteri Dallap\u00e9n nykysolistina. Moittimista ei ole my\u00f6sk\u00e4\u00e4n <strong>Hanna Vahtikarin<\/strong> ja <strong>Karlo Haapiaisen<\/strong> laulunumeroissa.<\/p>\n<p><img loading=\"lazy\" decoding=\"async\" aria-describedby=\"caption-attachment-973872\" class=\"wp-image-973872 size-full\" src=\"https:\/\/www.europesays.com\/fi\/wp-content\/uploads\/2025\/12\/sorkka-2.jpg\" alt=\"\" width=\"2560\" height=\"1706\"  \/><\/p>\n<p id=\"caption-attachment-973872\" class=\"wp-caption-text\">Marko Puro (selin) on s\u00e4velt\u00e4nyt S\u00f6rkka svengaa -n\u00e4ytelm\u00e4n musiikin ja sit\u00e4 n\u00e4ytt\u00e4m\u00e4ll\u00e4 my\u00f6s soittaa, Juha Hostikka p\u00e4\u00e4asiassa laulaa mutta loppupuolella my\u00f6s puhaltaa saksofoniin.<\/p>\n<p>Laulujen ymp\u00e4rille kehiteltyyn tarinaan, joka siis fokusoituu s\u00f6rkkalaiseen kapakkaan ja sen \u201dedesk\u00e4ypiin\u201d ja asiakkaisiin, on pyritty ottamaan mukaan koko 1920-luvun j\u00e4nnittynyt ilmapiiri sis\u00e4llissodan j\u00e4lkimaininkeineen, heimoaatteineen ja muine oikeistovihureineen, kieltolakeineen sek\u00e4 uusine keksint\u00f6ineen.<\/p>\n<p>Fiktiohenkil\u00f6iden lomassa n\u00e4ytt\u00e4m\u00f6ll\u00e4 piipahtelee historiallisia henkil\u00f6it\u00e4, kuten pirtukuningas <strong>Algot Niska<\/strong>, nuori kirjailijanalku <strong>Mika Waltari<\/strong> ja uudenlaisen vapaamielisyyden airueena taiteilija <strong>Venny Soldan<\/strong>.<\/p>\n<p>V\u00e4h\u00e4n liikaahan tuossa kaikessa on alle kaksituntiseen n\u00e4ytelm\u00e4\u00e4n, jossa kuullaan per\u00e4ti 15 lauluakin. \u201dLibreton\u201d tiivist\u00e4minen ei olisi varmaan tehnyt pahaa kokonaisuudelle. Nyt tarinankerrontaan tulee paikoin kiireen makua, kun n\u00e4ytille on pyritty saamaan n\u00e4in laaja ajankuva sadan vuoden takaisesta Helsingist\u00e4.<\/p>\n<p>Musiikkiteatterin ja historiadraaman kombo ei ole helppo, se on n\u00e4hty isommissakin musikaaliproduktioissa ja paljon t\u00e4t\u00e4 heikommin tuloksin. Kaps\u00e4kin esityksen katajaan kapsahtamista est\u00e4\u00e4 juuri slangivetoinen paikallisuus sek\u00e4 n\u00e4ytt\u00e4m\u00f6n mittakaava ja fasiliteetien rajallisuus. Nukkavierun s\u00f6rkkalaiskapakan tunnelman siirt\u00e4mist\u00e4 onnistuneesti jonkun suuren teatterin lentokentt\u00e4n\u00e4ytt\u00e4m\u00f6lle olisikin hankala kuvitella.<\/p>\n<p>S\u00f6rkka svengaa -esityksen tiivis syyssesonki on ehtinyt juuri p\u00e4\u00e4tty\u00e4, mutta Kapsakin kev\u00e4tn\u00e4yt\u00e4nt\u00f6kaudelle on tammi-helmikuulle mahdutettu viel\u00e4 seitsem\u00e4n lis\u00e4n\u00e4yt\u00f6st\u00e4.<\/p>\n","protected":false},"excerpt":{"rendered":"S\u00f6rkka svengaa -esityksen teksti haukkaa v\u00e4h\u00e4n liian runsaan palan historiaa, mutta 1920-luvun musiikkimaisemasta syntyy mukava pastissi. Musiikkiteatteri Kaps\u00e4kill\u00e4&hellip;\n","protected":false},"author":2,"featured_media":120167,"comment_status":"","ping_status":"","sticky":false,"template":"","format":"standard","meta":{"footnotes":""},"categories":[76],"tags":[79,77,33,31,30,32,78],"class_list":{"0":"post-120166","1":"post","2":"type-post","3":"status-publish","4":"format-standard","5":"has-post-thumbnail","7":"category-talous","8":"tag-business","9":"tag-economy","10":"tag-fi","11":"tag-finland","12":"tag-finnish","13":"tag-suomi","14":"tag-talous"},"share_on_mastodon":{"url":"https:\/\/pubeurope.com\/@fi\/115743692654156965","error":""},"_links":{"self":[{"href":"https:\/\/www.europesays.com\/fi\/wp-json\/wp\/v2\/posts\/120166","targetHints":{"allow":["GET"]}}],"collection":[{"href":"https:\/\/www.europesays.com\/fi\/wp-json\/wp\/v2\/posts"}],"about":[{"href":"https:\/\/www.europesays.com\/fi\/wp-json\/wp\/v2\/types\/post"}],"author":[{"embeddable":true,"href":"https:\/\/www.europesays.com\/fi\/wp-json\/wp\/v2\/users\/2"}],"replies":[{"embeddable":true,"href":"https:\/\/www.europesays.com\/fi\/wp-json\/wp\/v2\/comments?post=120166"}],"version-history":[{"count":0,"href":"https:\/\/www.europesays.com\/fi\/wp-json\/wp\/v2\/posts\/120166\/revisions"}],"wp:featuredmedia":[{"embeddable":true,"href":"https:\/\/www.europesays.com\/fi\/wp-json\/wp\/v2\/media\/120167"}],"wp:attachment":[{"href":"https:\/\/www.europesays.com\/fi\/wp-json\/wp\/v2\/media?parent=120166"}],"wp:term":[{"taxonomy":"category","embeddable":true,"href":"https:\/\/www.europesays.com\/fi\/wp-json\/wp\/v2\/categories?post=120166"},{"taxonomy":"post_tag","embeddable":true,"href":"https:\/\/www.europesays.com\/fi\/wp-json\/wp\/v2\/tags?post=120166"}],"curies":[{"name":"wp","href":"https:\/\/api.w.org\/{rel}","templated":true}]}}